{"id":2204,"date":"2018-09-11T16:56:12","date_gmt":"2018-09-11T15:56:12","guid":{"rendered":"https:\/\/lpdordogne.wordpress.com\/?p=2204"},"modified":"2018-09-11T16:56:12","modified_gmt":"2018-09-11T15:56:12","slug":"lidee-libre-n322-les-femmes-et-la-guerre","status":"publish","type":"post","link":"https:\/\/www.lpdordogne.fr\/?p=2204","title":{"rendered":"L&rsquo;Id\u00e9e Libre N\u00b0322 &#8211; Les Femmes et la Guerre"},"content":{"rendered":"<p style=\"text-align:justify;\" align=\"left\"><span style=\"font-family:Calibri;font-size:large;\"><br \/>\nLa revue\u00a0<\/span><strong><span style=\"color:#ff0000;font-family:Calibri;font-size:large;\"><span style=\"line-height:27px;\">L\u2019<em>ID\u00c9E<\/em><\/span><em>\u00a0LIBRE<\/em><\/span><\/strong><span style=\"font-family:Calibri;font-size:large;\"> est la revue culturelle de la Libre Pens\u00e9e.<\/span><\/p>\n<p style=\"text-align:justify;\" align=\"left\"><span style=\"font-family:Calibri;\">A cot\u00e9 d&rsquo;articles \u00ab\u00a0magazine\u00a0\u00bb ou d&rsquo;archives, elle est essentiellement consacr\u00e9e; chaque trimestre \u00e0 un th\u00e8me.<\/span><\/p>\n<p style=\"text-align:justify;\" align=\"left\"><span style=\"color:#ff0000;\"><strong>pour se procurer ce num\u00e9ro de l&rsquo;Id\u00e9e Libre ou bien s&rsquo;abonner \u00e0 cette publication, contactez le groupe Fred Zeller : <a style=\"color:#ff0000;\" href=\"mailto:contact@lpdordogne.fr\">contact@lpdordogne.fr\u00a0<\/a><\/strong><\/span><\/p>\n<div>\n<div style=\"text-align:justify;\"><strong><span style=\"font-family:Calibri;\">Le num\u00e9ro 322 pr\u00e9sente un dossier\u00a0<span style=\"color:#ff0000;\">\u00a0\u00bb Les Femmes et la Guerre \u00ab\u00a0<\/span><\/span><\/strong><\/div>\n<div style=\"text-align:justify;\">\n<h2 style=\"text-align:left;\">Pr\u00e9sentation du dossier par Hansi Br\u00e9mond<\/h2>\n<div>\n<div id=\"art-main\">\n<div class=\"art-sheet clearfix\">\n<div class=\"art-layout-wrapper\">\n<div class=\"art-content-layout\">\n<div class=\"art-content-layout-row\">\n<div class=\"art-layout-cell art-content\">\n<article class=\"art-post art-article\">\n<div class=\"art-postcontent art-postcontent-0 clearfix\">\n<div class=\"art-content-layout\">\n<div class=\"art-content-layout-row\">\n<div class=\"art-layout-cell layout-item-0\">\n<div class=\"art-content-layout-row\">\n<div class=\"art-layout-cell art-content\">\n<article class=\"art-post art-article\">\n<div class=\"art-postcontent art-postcontent-0 clearfix\">\n<div class=\"art-content-layout\">\n<div class=\"art-content-layout-row\">\n<div class=\"art-layout-cell layout-item-0\">\n<h2>\u00ab Les Femmes et la Guerre \u00bb<\/h2>\n<p style=\"text-align:center;\"><a href=\"https:\/\/www.fnlp.fr\/news\/573\/17\/L-Idee-Libre-n-322-septembre2019-bientot-chez-nos-abonnes\/d,lp_detail.html\" target=\"_blank\" rel=\"noopener\"><img loading=\"lazy\" decoding=\"async\" class=\"aligncenter wp-image-2207 size-full\" src=\"https:\/\/www.lpdordogne.fr\/wp-content\/uploads\/2018\/09\/web_il322_couv.jpg\" alt=\"\" width=\"550\" height=\"798\" srcset=\"https:\/\/www.lpdordogne.fr\/wp-content\/uploads\/2018\/09\/web_il322_couv.jpg 550w, https:\/\/www.lpdordogne.fr\/wp-content\/uploads\/2018\/09\/web_il322_couv-207x300.jpg 207w\" sizes=\"auto, (max-width: 550px) 85vw, 550px\" \/><\/a><\/p>\n<p>&nbsp;<\/p>\n<\/div>\n<\/div>\n<\/div>\n<\/div>\n<\/article>\n<\/div>\n<\/div>\n<\/div>\n<\/div>\n<\/div>\n<\/div>\n<\/article>\n<\/div>\n<\/div>\n<\/div>\n<\/div>\n<\/div>\n<\/div>\n<div id=\"art-main\">\n<div class=\"art-sheet clearfix\">\n<div class=\"art-layout-wrapper\">\n<div class=\"art-content-layout\">\n<div class=\"art-content-layout-row\">\n<div class=\"art-layout-cell art-content\">\n<article class=\"art-post art-article\">\n<div class=\"art-postcontent art-postcontent-0 clearfix\">\n<div class=\"art-content-layout\">\n<div class=\"art-content-layout-row\">\n<div class=\"art-layout-cell layout-item-0\">\n<div class=\"art-content-layout-row\">\n<div class=\"art-layout-cell art-content\">\n<article class=\"art-post art-article\">\n<div class=\"art-postcontent art-postcontent-0 clearfix\">\n<div class=\"art-content-layout\">\n<div class=\"art-content-layout-row\">\n<div class=\"art-layout-cell layout-item-0\">\n<p><img loading=\"lazy\" decoding=\"async\" class=\"alignleft wp-image-2205 size-thumbnail\" src=\"https:\/\/www.lpdordogne.fr\/wp-content\/uploads\/2018\/09\/hansi-bremond.jpg?w=128\" alt=\"\" width=\"128\" height=\"150\" srcset=\"https:\/\/www.lpdordogne.fr\/wp-content\/uploads\/2018\/09\/hansi-bremond.jpg 570w, https:\/\/www.lpdordogne.fr\/wp-content\/uploads\/2018\/09\/hansi-bremond-255x300.jpg 255w\" sizes=\"auto, (max-width: 128px) 85vw, 128px\" \/><\/p>\n<p>A la fin du 19e si\u00e8cle, un arch\u00e9ologue su\u00e9dois et son \u00e9quipe d\u00e9couvre la tombe d\u2019un guerrier viking \u00e0 Birka en Su\u00e8de. La s\u00e9pulture contient une \u00e9p\u00e9e, une hache, une lance, les os de deux chevaux ainsi que plusieurs outils li\u00e9s au pouvoir et \u00e0 la strat\u00e9gie. Hjalmar Stolpe et son \u00e9quipe sont devant la tombe d\u2019un chef viking d\u2019une importance majeure. Ils en sont convaincus.<br \/>\nM\u00eame si certains font remarquer, au cours du 20\u00e8me si\u00e8cle, que les os du visage, surtout au niveau des joues, sont fins, il n\u2019y a aucun doute \u00e0 avoir, c\u2019est un homme. C\u2019est ainsi que fut pr\u00e9sent\u00e9 et \u00e9tudi\u00e9 ce grand guerrier viking durant plus de 100 ans.<\/p>\n<p>Il y a quelques ann\u00e9es, l\u2019ost\u00e9ologiste\u00a0<strong>Anna Kjellstr\u00f6m<\/strong>\u00a0\u00e9tudie le squelette et remarque que les os des joues sont effectivement tr\u00e8s fins et que les hanches ressemblent \u00e0 celles d\u2019une femme.<br \/>\nDes \u00e9tudes r\u00e9centes, int\u00e9grant une analyse g\u00e9n\u00e9tique, dirig\u00e9es par l\u2019arch\u00e9ologue\u00a0<strong>Charlotte Hedenstierna-Jonson<\/strong>\u00a0prouvent qu\u2019en fait le grand guerrier viking est une guerri\u00e8re\u00a0!\u00a0<em>\u00ab\u00a0C&rsquo;est en r\u00e9alit\u00e9 une femme, d\u2019une trentaine d\u2019ann\u00e9es, relativement grande, mesurant environ 1,70 m\u00e8tre\u00a0\u00bb<\/em>\u00a0!<\/p>\n<p>Malgr\u00e9 l\u2019absence de chromosome Y et malgr\u00e9 cette \u00e9tude, cette id\u00e9e est encore difficile \u00e0 admettre pour certains.<\/p>\n<p>Ce qui est devenue une \u00e9vidence arch\u00e9ologique se heurte encore \u00e0 des pr\u00e9jug\u00e9s sexistes. Une femme a pu \u00eatre cheffe de guerre viking.<\/p>\n<p>Seulement, trop longtemps, les femmes ont \u00e9t\u00e9 vues comme des victimes de la guerre, \u00e9ventuellement comme des pacifistes mais jamais comme des combattantes. Un prisme d\u00e9formant sexiste h\u00e9rit\u00e9 de si\u00e8cles d\u2019emprise religieuse emp\u00eache de voir la r\u00e9alit\u00e9 en face.<\/p>\n<p>Ce voile sexiste a rang\u00e9 les femmes dans les placards de l\u2019Histoire. Il a tri\u00e9 et n\u2019a gard\u00e9 des femmes que le r\u00f4le de victimes, de pacifistes \u2013 de second r\u00f4le souvent.<\/p>\n<p>Modestement, il s\u2019agit dans ce num\u00e9ro de l\u2019Id\u00e9e libre, de replacer des femmes dans l\u2019Histoire des guerres. Non plus, seulement en les r\u00e9duisant au r\u00f4le de femmes, de m\u00e8res ou de filles de combattants mais aussi comme actrices de l\u2019Histoire. La guerre ne touche pas que les combattants, mais aussi les civils et donc les femmes.\u00a0 Il nous faut aussi revenir sur des pr\u00e9jug\u00e9s essentialistes et sexistes qui ont parfois aliment\u00e9 l\u2019Histoire. Dans nombres d\u2019\u00e9poques ou de lieux diff\u00e9rents, des femmes se sont battus, ont particip\u00e9 voire lanc\u00e9 des conflits.<\/p>\n<p>Enfin il faut lutter contre ces pr\u00e9jug\u00e9s sexistes qui veulent nous faire croire que, par nature, les femmes seraient forc\u00e9ment plus douces et les hommes agressifs.<\/p>\n<p>&nbsp;<\/p>\n<p>&nbsp;<\/p>\n<p><a href=\"https:\/\/www.fnlp.fr\/news\/573\/17\/L-Idee-Libre-n-322-septembre2019-bientot-chez-nos-abonnes\/d,lp_detail.html\"><img loading=\"lazy\" decoding=\"async\" class=\"alignleft wp-image-2206 size-thumbnail\" style=\"text-align:center;\" src=\"https:\/\/www.lpdordogne.fr\/wp-content\/uploads\/2018\/09\/somm_322.jpg?w=150\" alt=\"\" width=\"150\" height=\"128\" srcset=\"https:\/\/www.lpdordogne.fr\/wp-content\/uploads\/2018\/09\/somm_322.jpg 583w, https:\/\/www.lpdordogne.fr\/wp-content\/uploads\/2018\/09\/somm_322-300x256.jpg 300w\" sizes=\"auto, (max-width: 150px) 85vw, 150px\" \/><\/a><\/p>\n<\/div>\n<\/div>\n<\/div>\n<\/div>\n<\/article>\n<\/div>\n<\/div>\n<\/div>\n<\/div>\n<\/div>\n<\/div>\n<\/article>\n<\/div>\n<\/div>\n<\/div>\n<\/div>\n<\/div>\n<\/div>\n<\/div>\n<\/div>\n<div style=\"text-align:justify;\"><a href=\"http:\/\/www.fnlp.fr\/librairie_en_ligne\/peel3.0-beta\/achat\/produit_details.php?id=65&amp;catid=21\">s&rsquo;abonner \u00e0 l&rsquo;<em>Id\u00e9e libre<\/em><\/a><\/div>\n<\/div>\n<div><\/div>\n<div><em><a href=\"https:\/\/www.fnlp.fr\/librairie\/fr\/l-idee-libre\/100-il-321-arts-et-artistes-dans-la-grande-guerre-9770996156906.html\" target=\"_blank\" rel=\"noopener\">se procurer ce num\u00e9ro de l&rsquo;Id\u00e9e libre<\/a><\/em><\/div>\n<p><!--more--><\/p>\n<p>&nbsp;<\/p>\n<p>&nbsp;<\/p>\n","protected":false},"excerpt":{"rendered":"<p>La revue\u00a0L\u2019ID\u00c9E\u00a0LIBRE est la revue culturelle de la Libre Pens\u00e9e. A cot\u00e9 d&rsquo;articles \u00ab\u00a0magazine\u00a0\u00bb ou d&rsquo;archives, elle est essentiellement consacr\u00e9e; chaque trimestre \u00e0 un th\u00e8me. pour se procurer ce num\u00e9ro de l&rsquo;Id\u00e9e Libre ou bien s&rsquo;abonner \u00e0 cette publication, contactez le groupe Fred Zeller : contact@lpdordogne.fr\u00a0 Le num\u00e9ro 322 pr\u00e9sente un dossier\u00a0\u00a0\u00bb Les Femmes et &hellip; <a href=\"https:\/\/www.lpdordogne.fr\/?p=2204\" class=\"more-link\">Continuer la lecture<span class=\"screen-reader-text\"> de &laquo;&nbsp;L&rsquo;Id\u00e9e Libre N\u00b0322 &#8211; Les Femmes et la Guerre&nbsp;&raquo;<\/span><\/a><\/p>\n","protected":false},"author":2,"featured_media":2207,"comment_status":"closed","ping_status":"open","sticky":false,"template":"","format":"standard","meta":{"footnotes":""},"categories":[24],"tags":[],"class_list":["post-2204","post","type-post","status-publish","format-standard","has-post-thumbnail","hentry","category-lidee-libre"],"_links":{"self":[{"href":"https:\/\/www.lpdordogne.fr\/index.php?rest_route=\/wp\/v2\/posts\/2204","targetHints":{"allow":["GET"]}}],"collection":[{"href":"https:\/\/www.lpdordogne.fr\/index.php?rest_route=\/wp\/v2\/posts"}],"about":[{"href":"https:\/\/www.lpdordogne.fr\/index.php?rest_route=\/wp\/v2\/types\/post"}],"author":[{"embeddable":true,"href":"https:\/\/www.lpdordogne.fr\/index.php?rest_route=\/wp\/v2\/users\/2"}],"replies":[{"embeddable":true,"href":"https:\/\/www.lpdordogne.fr\/index.php?rest_route=%2Fwp%2Fv2%2Fcomments&post=2204"}],"version-history":[{"count":0,"href":"https:\/\/www.lpdordogne.fr\/index.php?rest_route=\/wp\/v2\/posts\/2204\/revisions"}],"wp:featuredmedia":[{"embeddable":true,"href":"https:\/\/www.lpdordogne.fr\/index.php?rest_route=\/wp\/v2\/media\/2207"}],"wp:attachment":[{"href":"https:\/\/www.lpdordogne.fr\/index.php?rest_route=%2Fwp%2Fv2%2Fmedia&parent=2204"}],"wp:term":[{"taxonomy":"category","embeddable":true,"href":"https:\/\/www.lpdordogne.fr\/index.php?rest_route=%2Fwp%2Fv2%2Fcategories&post=2204"},{"taxonomy":"post_tag","embeddable":true,"href":"https:\/\/www.lpdordogne.fr\/index.php?rest_route=%2Fwp%2Fv2%2Ftags&post=2204"}],"curies":[{"name":"wp","href":"https:\/\/api.w.org\/{rel}","templated":true}]}}