{"id":2198,"date":"2018-09-11T16:47:54","date_gmt":"2018-09-11T15:47:54","guid":{"rendered":"https:\/\/lpdordogne.wordpress.com\/?p=2198"},"modified":"2018-09-11T16:47:54","modified_gmt":"2018-09-11T15:47:54","slug":"parution-de-la-raison-n-634","status":"publish","type":"post","link":"https:\/\/www.lpdordogne.fr\/?p=2198","title":{"rendered":"Parution de \u00ab\u00a0La Raison\u00a0\u00bb N\u00b0 634"},"content":{"rendered":"<h3><a href=\"https:\/\/www.fnlp.fr\/news\/569\/17\/La-Raison-n-634-Septembre-chez-nos-abonnes\/d,lp_detail.html\" target=\"_blank\" rel=\"noopener noreferrer\"><img loading=\"lazy\" decoding=\"async\" class=\"alignleft wp-image-2200 size-thumbnail\" src=\"https:\/\/www.lpdordogne.fr\/wp-content\/uploads\/2018\/09\/couv634.jpg?w=106\" alt=\"\" width=\"106\" height=\"150\" srcset=\"https:\/\/www.lpdordogne.fr\/wp-content\/uploads\/2018\/09\/couv634.jpg 550w, https:\/\/www.lpdordogne.fr\/wp-content\/uploads\/2018\/09\/couv634-212x300.jpg 212w\" sizes=\"auto, (max-width: 106px) 85vw, 106px\" \/><\/a><\/h3>\n<h2>L\u2019Editorial du pr\u00e9sident<\/h2>\n<h3>Sur un air de fiddle\u2026 D\u00e9route de la Calotte\u00a0!<\/h3>\n<p>&nbsp;<\/p>\n<h1><img loading=\"lazy\" decoding=\"async\" class=\"alignleft size-thumbnail wp-image-1731\" src=\"https:\/\/www.lpdordogne.fr\/wp-content\/uploads\/2016\/11\/ob_0ef09e_jean-sebastien-pierre-libre-pensee-im.jpg?w=133\" alt=\"ob_0ef09e_jean-sebastien-pierre-libre-pensee-im\" width=\"133\" height=\"150\" srcset=\"https:\/\/www.lpdordogne.fr\/wp-content\/uploads\/2016\/11\/ob_0ef09e_jean-sebastien-pierre-libre-pensee-im.jpg 511w, https:\/\/www.lpdordogne.fr\/wp-content\/uploads\/2016\/11\/ob_0ef09e_jean-sebastien-pierre-libre-pensee-im-266x300.jpg 266w\" sizes=\"auto, (max-width: 133px) 85vw, 133px\" \/><\/h1>\n<p>Septembre est \u00e0 cheval sur Fructidor et Vend\u00e9miaire de l\u2019ann\u00e9e suivante, qui commence le 22, jour de proclamation de la R\u00e9publique. Le 20 septembre est la journ\u00e9e internationale de la Libre Pens\u00e9e qui marque la rentr\u00e9e, dans les jours suppl\u00e9mentaires (quintidis) qui suivent Fructidor. On dit qu\u2019en septembre, le chant de la grive annonce un hiver froid, d\u2019o\u00f9 le proverbe &#8211; r\u00e9publicanis\u00e9 pour l\u2019occasion : En fructidor si grive chante, cherche-toi maison accueillante ou bois pour flamme p\u00e9tillante. Entendrons-nous la grive chanter\u00a0? Ou bien, convaincue par la th\u00e9orie du r\u00e9chauffement climatique, se taira-t-elle\u00a0? Le proverbe ne dit pas non plus de quelle grive il s\u2019agit. Est-ce la mauvis, la musicienne ou la draine, toutes trois assez communes\u00a0? Je laisse la r\u00e9ponse aux ornithologues comp\u00e9tents.<\/p>\n<p>Passons \u00e0 notre actualit\u00e9. En d\u00e9pit de ses efforts, l\u2019Eglise catholique recule en des r\u00e9gions essentielles pour elle, sur les sujets qu\u2019elle dit de bio\u00e9thique. Nous saluons \u00e9videmment l\u2019immense victoire du peuple d\u2019Irlande votant l\u2019abrogation du 8e amendement de la Constitution. C\u2019est une nouvelle victoire, apr\u00e8s la l\u00e9galisation du divorce et l\u2019adoption du mariage pour tous. C\u2019est une cinglante d\u00e9faite pour les cl\u00e9ricaux. Les exactions de l\u2019Eglise catholique en Irlande n\u2019y sont pas pour rien. Scandales p\u00e9dophiles, exploitation horrible des jeunes femmes et des enfants dans les institutions de l\u2019Eglise, affaires des Magdalena sisters et de l\u2019ossuaire du couvent de Tuam ont \u2013 avec l\u2019\u00e9volution naturelle des m\u0153urs &#8211; pav\u00e9 cette gifle historique. Brian Mc Clinton explique dans nos colonnes les r\u00e9percussions que peut avoir cet \u00e9v\u00e9nement majeur dans l\u2019Irlande du Nord, sous domination anglaise. On apprend ainsi que ce territoire est une exception dans les \u00eeles britanniques, avec une loi sur l\u2019avortement particuli\u00e8rement restrictive.<\/p>\n<p><!--more--><\/p>\n<p style=\"text-align:justify;\">Si nous portons nos regards plus loin, vers l\u2019Am\u00e9rique latine, la chambre des d\u00e9put\u00e9s d\u2019Argentine a vot\u00e9 un projet de loi visant \u00e0 l\u00e9galiser l\u2019IVG. L\u2019Argentine, patrie d\u2019origine de Jorge Bergoglio dit le pape Fran\u00e7ois. L\u2019Argentine, en d\u00e9pit d\u2019une violente opposition de l\u2019Eglise. La loi sera-t-elle adopt\u00e9e par le S\u00e9nat\u00a0? Evidemment, nous le souhaitons.<\/p>\n<p style=\"text-align:justify;\">Et la France\u00a0? Au chapitre des d\u00e9faites cl\u00e9ricales, appr\u00e9cions \u00e0 sa juste valeur les d\u00e9saveux juridiques inflig\u00e9s \u00e0 Robert M\u00e9nard. Un homme qui, vous le verrez dans nos colonnes, trouve Marine Le Pen un peu gauchiste. Sa cr\u00e8che a de nouveau \u00e9t\u00e9 condamn\u00e9e par le Tribunal administratif de mani\u00e8re tr\u00e8s nette, avec une triple r\u00e9f\u00e9rence\u00a0: les articles 2 et 28 de la loi de 1905, et les arr\u00eats du Conseil d\u2019Etat de 2017 que nos lecteurs connaissent bien. Chacune de ces victoires prot\u00e8ge la loi de 1905.<\/p>\n<p style=\"text-align:justify;\">Et la bio\u00e9thique\u00a0? La r\u00e9vision de la loi sera-t-elle une avanc\u00e9e, ou un recul\u00a0? Le pays du monde o\u00f9 la question de la la\u00efcit\u00e9 est la plus clairement d\u00e9finie par la loi sera-t-elle une fois de plus, comme en 2011, soumis \u00e0 la pression r\u00e9trograde de l\u2019Eglise catholique\u00a0? On a vu cette derni\u00e8re \u00e0 l\u2019\u0153uvre \u2013 aux basses \u0153uvres \u2013 dans tout le processus des \u00ab\u00a0\u00e9tats g\u00e9n\u00e9raux\u00a0\u00bb lanc\u00e9s par Emmanuel Macron, dont le moins que l\u2019on peut dire est qu\u2019ils lui donnent constamment des gages. La hi\u00e9rarchie catholique est vent debout contre tout progr\u00e8s\u00a0: elle aimerait revenir sur la PMA et \u00e9videmment sur le droit \u00e0 l\u2019IVG, sans oser le d\u00e9clarer ouvertement. Totalement hostile \u00e0 la GPA et \u00e0 toute recherche sur l\u2019embryon humain, elle en a fait un cheval de bataille. Emmanuel Macron, chanoine de Latran, comme le rappelle notre communiqu\u00e9, a assur\u00e9 les \u00e9v\u00eaques qu\u2019il comprenait leurs pr\u00e9occupations \u00e0 ce sujet. Oseront-ils, lui et sa majorit\u00e9 faire tourner la roue de l\u2019Histoire \u00e0 l\u2019envers\u00a0?<\/p>\n<p style=\"text-align:justify;\">Mais la la\u00efcit\u00e9 est fortement ancr\u00e9e dans la conscience des citoyens et des organisations d\u00e9mocratiques. Nous avons donn\u00e9 la parole sur France-Culture \u00e0 Pascal Pavageau, nouveau Secr\u00e9taire g\u00e9n\u00e9ral de la conf\u00e9d\u00e9ration CGT-Force ouvri\u00e8re qui rappelle que la la\u00efcit\u00e9 a \u00e9t\u00e9 incorpor\u00e9e clairement dans la R\u00e9solution g\u00e9n\u00e9rale du congr\u00e8s de sa Conf\u00e9d\u00e9ration. Nous avons interview\u00e9 Liliane Rehby de l\u2019ARAC qui d\u00e9clare que son association d\u00e9fend la R\u00e9publique et ses valeurs d\u2019\u00e9mancipation.<\/p>\n<p style=\"text-align:justify;\">Des raisons de craindre, des raisons d\u2019esp\u00e9rer, je souhaite \u00e0 tous une bonne rentr\u00e9e dans l\u2019attente des combats \u00e0 venir.<\/p>\n<p><strong>Jean-S\u00e9bastien Pierre, Pr\u00e9sident de la Libre Pens\u00e9e<\/strong><\/p>\n<p>(1)\u00a0 \u00ab\u00a0La messe n\u2019est plus dite\u00a0\u00bb. D\u00e9tournement de la phrase latine de la fin de messe dans la liturgie catholique.<\/p>\n<p>&nbsp;<\/p>\n<p style=\"text-align:justify;\"><a href=\"https:\/\/www.fnlp.fr\/news\/569\/17\/La-Raison-n-634-Septembre-chez-nos-abonnes\/d,lp_detail.html\" target=\"_blank\" rel=\"noopener noreferrer\"><img loading=\"lazy\" decoding=\"async\" class=\"alignleft wp-image-2199 size-thumbnail\" src=\"https:\/\/www.lpdordogne.fr\/wp-content\/uploads\/2018\/09\/somm634.jpg?w=150\" alt=\"\" width=\"150\" height=\"98\" srcset=\"https:\/\/www.lpdordogne.fr\/wp-content\/uploads\/2018\/09\/somm634.jpg 550w, https:\/\/www.lpdordogne.fr\/wp-content\/uploads\/2018\/09\/somm634-300x196.jpg 300w\" sizes=\"auto, (max-width: 150px) 85vw, 150px\" \/><\/a><\/p>\n<p style=\"text-align:justify;\">pour vous procurer ce N\u00b0 de <em>La Raison<\/em>, contactez le groupe Fred Zeller : <a href=\"mailto:contact@lpdordogne.fr\">contact@lpdordogne.fr<\/a><\/p>\n","protected":false},"excerpt":{"rendered":"<p>L\u2019Editorial du pr\u00e9sident Sur un air de fiddle\u2026 D\u00e9route de la Calotte\u00a0! &nbsp; Septembre est \u00e0 cheval sur Fructidor et Vend\u00e9miaire de l\u2019ann\u00e9e suivante, qui commence le 22, jour de proclamation de la R\u00e9publique. Le 20 septembre est la journ\u00e9e internationale de la Libre Pens\u00e9e qui marque la rentr\u00e9e, dans les jours suppl\u00e9mentaires (quintidis) qui &hellip; <a href=\"https:\/\/www.lpdordogne.fr\/?p=2198\" class=\"more-link\">Continuer la lecture<span class=\"screen-reader-text\"> de &laquo;&nbsp;Parution de \u00ab\u00a0La Raison\u00a0\u00bb N\u00b0 634&nbsp;&raquo;<\/span><\/a><\/p>\n","protected":false},"author":2,"featured_media":2200,"comment_status":"closed","ping_status":"open","sticky":false,"template":"","format":"standard","meta":{"footnotes":""},"categories":[25],"tags":[],"class_list":["post-2198","post","type-post","status-publish","format-standard","has-post-thumbnail","hentry","category-la-raison"],"_links":{"self":[{"href":"https:\/\/www.lpdordogne.fr\/index.php?rest_route=\/wp\/v2\/posts\/2198","targetHints":{"allow":["GET"]}}],"collection":[{"href":"https:\/\/www.lpdordogne.fr\/index.php?rest_route=\/wp\/v2\/posts"}],"about":[{"href":"https:\/\/www.lpdordogne.fr\/index.php?rest_route=\/wp\/v2\/types\/post"}],"author":[{"embeddable":true,"href":"https:\/\/www.lpdordogne.fr\/index.php?rest_route=\/wp\/v2\/users\/2"}],"replies":[{"embeddable":true,"href":"https:\/\/www.lpdordogne.fr\/index.php?rest_route=%2Fwp%2Fv2%2Fcomments&post=2198"}],"version-history":[{"count":0,"href":"https:\/\/www.lpdordogne.fr\/index.php?rest_route=\/wp\/v2\/posts\/2198\/revisions"}],"wp:featuredmedia":[{"embeddable":true,"href":"https:\/\/www.lpdordogne.fr\/index.php?rest_route=\/wp\/v2\/media\/2200"}],"wp:attachment":[{"href":"https:\/\/www.lpdordogne.fr\/index.php?rest_route=%2Fwp%2Fv2%2Fmedia&parent=2198"}],"wp:term":[{"taxonomy":"category","embeddable":true,"href":"https:\/\/www.lpdordogne.fr\/index.php?rest_route=%2Fwp%2Fv2%2Fcategories&post=2198"},{"taxonomy":"post_tag","embeddable":true,"href":"https:\/\/www.lpdordogne.fr\/index.php?rest_route=%2Fwp%2Fv2%2Ftags&post=2198"}],"curies":[{"name":"wp","href":"https:\/\/api.w.org\/{rel}","templated":true}]}}