{"id":2184,"date":"2018-08-20T09:52:26","date_gmt":"2018-08-20T08:52:26","guid":{"rendered":"https:\/\/lpdordogne.wordpress.com\/?p=2184"},"modified":"2018-08-20T09:52:26","modified_gmt":"2018-08-20T08:52:26","slug":"lidee-libre-n321-arts-et-artistes-dans-la-grande-guerre","status":"publish","type":"post","link":"https:\/\/www.lpdordogne.fr\/?p=2184","title":{"rendered":"L&rsquo;Id\u00e9e Libre N\u00b0321 &#8211; Arts et artistes dans la Grande Guerre"},"content":{"rendered":"<p style=\"text-align:justify;\" align=\"left\"><span style=\"font-family:Calibri;font-size:large;\"><br \/>\nLa revue\u00a0<\/span><strong><span style=\"color:#ff0000;font-family:Calibri;font-size:large;\"><span style=\"line-height:27px;\">L\u2019<em>ID\u00c9E<\/em><\/span><em>\u00a0LIBRE<\/em><\/span><\/strong><span style=\"font-family:Calibri;font-size:large;\"> est la revue culturelle de la Libre Pens\u00e9e.<\/span><\/p>\n<p style=\"text-align:justify;\" align=\"left\"><span style=\"font-family:Calibri;\">A cot\u00e9 d&rsquo;articles \u00ab\u00a0magazine\u00a0\u00bb ou d&rsquo;archives, elle est essentiellement consacr\u00e9e; chaque trimestre \u00e0 un th\u00e8me.<\/span><\/p>\n<p style=\"text-align:justify;\" align=\"left\"><span style=\"color:#ff0000;\"><strong>pour se procurer ce num\u00e9ro de l&rsquo;Id\u00e9e Libre ou bien s&rsquo;abonner \u00e0 cette publication, contactez le groupe Fred Zeller : <a style=\"color:#ff0000;\" href=\"mailto:contact@lpdordogne.fr\">contact@lpdordogne.fr\u00a0<\/a><\/strong><\/span><\/p>\n<div>\n<div style=\"text-align:justify;\"><strong><span style=\"font-family:Calibri;\">Le num\u00e9ro 321 pr\u00e9sente un dossier\u00a0<span style=\"color:#ff0000;\">\u00a0\u00bb Arts et artistes dans la Grande Guerre \u00ab\u00a0<\/span><\/span><\/strong><\/div>\n<div style=\"text-align:justify;\">\n<h2 style=\"text-align:left;\">Pr\u00e9sentation du dossier par Mich\u00e8le Singer<\/h2>\n<div>\n<div id=\"art-main\">\n<div class=\"art-sheet clearfix\">\n<div class=\"art-layout-wrapper\">\n<div class=\"art-content-layout\">\n<div class=\"art-content-layout-row\">\n<div class=\"art-layout-cell art-content\">\n<article class=\"art-post art-article\">\n<div class=\"art-postcontent art-postcontent-0 clearfix\">\n<div class=\"art-content-layout\">\n<div class=\"art-content-layout-row\">\n<div class=\"art-layout-cell layout-item-0\">\n<div class=\"art-content-layout-row\">\n<div class=\"art-layout-cell art-content\">\n<article class=\"art-post art-article\">\n<div class=\"art-postcontent art-postcontent-0 clearfix\">\n<div class=\"art-content-layout\">\n<div class=\"art-content-layout-row\">\n<div class=\"art-layout-cell layout-item-0\">\n<h2>\u00ab Arts et artistes dans la Grande Guerre \u00bb<\/h2>\n<p style=\"text-align:center;\"><a href=\"https:\/\/www.fnlp.fr\/librairie\/fr\/l-idee-libre\/100-il-321-arts-et-artistes-dans-la-grande-guerre-9770996156906.html\" target=\"_blank\" rel=\"noopener\"><img loading=\"lazy\" decoding=\"async\" class=\"aligncenter wp-image-2186 size-full\" src=\"https:\/\/www.lpdordogne.fr\/wp-content\/uploads\/2018\/08\/couv_il321.jpg\" alt=\"\" width=\"550\" height=\"785\" srcset=\"https:\/\/www.lpdordogne.fr\/wp-content\/uploads\/2018\/08\/couv_il321.jpg 550w, https:\/\/www.lpdordogne.fr\/wp-content\/uploads\/2018\/08\/couv_il321-210x300.jpg 210w\" sizes=\"auto, (max-width: 550px) 85vw, 550px\" \/><\/a><\/p>\n<p>&nbsp;<\/p>\n<\/div>\n<\/div>\n<\/div>\n<\/div>\n<\/article>\n<\/div>\n<\/div>\n<\/div>\n<\/div>\n<\/div>\n<\/div>\n<\/article>\n<\/div>\n<\/div>\n<\/div>\n<\/div>\n<\/div>\n<\/div>\n<div id=\"art-main\">\n<div class=\"art-sheet clearfix\">\n<div class=\"art-layout-wrapper\">\n<div class=\"art-content-layout\">\n<div class=\"art-content-layout-row\">\n<div class=\"art-layout-cell art-content\">\n<article class=\"art-post art-article\">\n<div class=\"art-postcontent art-postcontent-0 clearfix\">\n<div class=\"art-content-layout\">\n<div class=\"art-content-layout-row\">\n<div class=\"art-layout-cell layout-item-0\">\n<div class=\"art-content-layout-row\">\n<div class=\"art-layout-cell art-content\">\n<article class=\"art-post art-article\">\n<div class=\"art-postcontent art-postcontent-0 clearfix\">\n<div class=\"art-content-layout\">\n<div class=\"art-content-layout-row\">\n<div class=\"art-layout-cell layout-item-0\">\n<p><img loading=\"lazy\" decoding=\"async\" class=\"alignleft wp-image-2185 size-thumbnail\" src=\"https:\/\/www.lpdordogne.fr\/wp-content\/uploads\/2018\/08\/il313_couv-400.jpg?w=138\" alt=\"\" width=\"138\" height=\"150\" srcset=\"https:\/\/www.lpdordogne.fr\/wp-content\/uploads\/2018\/08\/il313_couv-400.jpg 744w, https:\/\/www.lpdordogne.fr\/wp-content\/uploads\/2018\/08\/il313_couv-400-276x300.jpg 276w\" sizes=\"auto, (max-width: 138px) 85vw, 138px\" \/><\/p>\n<p><em>\u00ab\u00a0Je peins pour l\u2019heure une grande image de l\u2019enfer&#8230;\u00a0\u00bb<\/em>\u00a0(1)<\/p>\n<p>La premi\u00e8re guerre mondiale a marqu\u00e9 un tournant particuli\u00e8rement douloureux de l\u2019histoire de l\u2019Humanit\u00e9. La perte de millions d\u2019hommes, fauch\u00e9s en pleine jeunesse, l\u2019usage industriel de l\u2019armement m\u00e9canique, la violence barbare \u00e0 l\u2019\u00e9tat pur, la souffrance et la mis\u00e8re. Mis\u00e8re des hommes au front, livr\u00e9s \u00e0 la dictature de l\u2019\u00e9tat-major, mis\u00e8re des familles \u00e0 l\u2019arri\u00e8re.\u00a0<em><strong>L\u2019Id\u00e9e Libre<\/strong><\/em>, comme la Raison sont largement revenus sur ces faits.<\/p>\n<p>Il semble que la civilisation se soit donn\u00e9e en spectacle\u00a0: Pour\u00a0<strong>Paul Val\u00e9ry<\/strong>\u00a0:\u00a0<em>\u00ab\u00a0Nous autres, civilisations, nous savons maintenant que nous sommes mortelles\u00a0\u00bb (<\/em>2), pendant que\u00a0<strong>Kurt Pinthus<\/strong>\u00a0intitule en 1920 son anthologie de la po\u00e9sie expressionniste allemande\u00a0<em>Le Cr\u00e9puscule de l\u2019Humanit\u00e9\u00a0<\/em>(3).<\/p>\n<p>Les grands changements artistiques ont eu lieu avant guerre et se poursuivront pendant et apr\u00e8s elle avec l\u2019abstraction, le dada\u00efsme, le surr\u00e9alisme&#8230; En musique, avec les afro-am\u00e9ricains, le jazz p\u00e9n\u00e9trera en Europe.<br \/>\nIl nous a sembl\u00e9 int\u00e9ressant de voir comment ont \u00e9volu\u00e9 les artistes durant cette p\u00e9riode. Beaucoup ont \u00e9t\u00e9 enr\u00f4l\u00e9s, comme des millions d\u2019autres, et comme des millions d\u2019autres, ils y ont laiss\u00e9 leur vie.\u00a0<strong>Blaise Cendrars<\/strong>\u00a0y a laiss\u00e9 une main. D\u2019autres ont tenu \u00e0 s\u2019engager,\u00a0<strong>Apollinaire<\/strong>\u00a0comme artilleur ou\u00a0<strong>Max Beckman<\/strong>comme infirmier. D\u2019autres, comme<strong>\u00a0Matisse<\/strong>\u00a0ont vu leur demande d\u2019engagement refus\u00e9e parce que trop \u00e2g\u00e9s. D\u2019autres n\u2019y ont pas particip\u00e9, comme\u00a0<strong>Pablo Picasso<\/strong>, Espagnol issu d\u2019un pays neutre. Certains artistes ont \u00e9t\u00e9 embauch\u00e9s par l\u2019\u00e9tat-major pour mettre leur art au service du camouflage et de la contre-information. Au total, peu d\u2019artistes sous l\u2019uniforme ont produit durant le conflit, et m\u00eame ont pu, par la suite, repr\u00e9senter ce qu\u2019ils avaient v\u00e9cus. L\u2019horreur est indicible.\u00a0<strong>Clovis Trouille<\/strong>\u00a0attendra 1930 pour peindre\u00a0<em>Remembrance<\/em>. Quelques exceptions cependant ont produit des \u0153uvres majeures\u00a0:\u00a0<strong>Otto Dix<\/strong>,<strong>\u00a0Fernand l\u00e9ger,<\/strong>\u00a0<strong>George Grosz<\/strong>,\u00a0<strong>Marcel Gromaire<\/strong>, pour n\u2019en citer que quelques uns parmi les plus connus.<br \/>\nNous ne nous sommes pas arr\u00eat\u00e9s \u00e0 la peinture, \u00e9videmment. La litt\u00e9rature a largement rendu compte de ce conflit\u00a0:\u00a0<strong>Henri Barbusse<\/strong>,\u00a0<strong>Gabriel Chevallier<\/strong>,\u00a0<strong>Erich-Maria Remarque<\/strong>,\u00a0<strong>Rolland Dorgeles<\/strong>, et bien d\u2019autres. La musique, enfin, dont nous n\u2019avons retenu que le d\u00e9barquement du jazz en Europe.<br \/>\nEnfin, le 7\u00e8me Art, terme invent\u00e9 par<strong>\u00a0Ricciotto Canudo<\/strong>\u00a0en 1919, le cin\u00e9ma, a apport\u00e9 sa pierre. Un film, presque oubli\u00e9, et qui a \u00e9t\u00e9 l\u2019occasion d\u2019une implication formidable des combattants eux-m\u00eames nous a sembl\u00e9 m\u00e9riter un article\u00a0: le\u00a0<em>J\u2019Accuse<\/em>\u00a0d\u2019<strong>Abel Gance<\/strong>.<\/p>\n<p>(1) George Grosz -commentaire de son tableau \u00ab\u00a0D\u00e9dicace \u00e0 Oskar Panizza\u00a0\u00bb (1917)<br \/>\n(2) La Crise de l\u2019Esprit (avril 1919) in The Atheneum<br \/>\n(3) Die Menscheitsd\u00e4mmerung<\/p>\n<p><strong>A noter : Ce num\u00e9ro contient un cahier couleur repr\u00e9sentant un choix d&rsquo;oeuvres de cette p\u00e9riode.<\/strong><\/p>\n<p>&nbsp;<\/p>\n<p><img loading=\"lazy\" decoding=\"async\" class=\"alignleft wp-image-2187 size-thumbnail\" style=\"text-align:center;\" src=\"https:\/\/www.lpdordogne.fr\/wp-content\/uploads\/2018\/08\/sommaire321.jpg?w=150\" alt=\"\" width=\"150\" height=\"124\" srcset=\"https:\/\/www.lpdordogne.fr\/wp-content\/uploads\/2018\/08\/sommaire321.jpg 583w, https:\/\/www.lpdordogne.fr\/wp-content\/uploads\/2018\/08\/sommaire321-300x249.jpg 300w\" sizes=\"auto, (max-width: 150px) 85vw, 150px\" \/><\/p>\n<\/div>\n<\/div>\n<\/div>\n<\/div>\n<\/article>\n<\/div>\n<\/div>\n<\/div>\n<\/div>\n<\/div>\n<\/div>\n<\/article>\n<\/div>\n<\/div>\n<\/div>\n<\/div>\n<\/div>\n<\/div>\n<\/div>\n<\/div>\n<div style=\"text-align:justify;\"><a href=\"http:\/\/www.fnlp.fr\/librairie_en_ligne\/peel3.0-beta\/achat\/produit_details.php?id=65&amp;catid=21\">s&rsquo;abonner \u00e0 l&rsquo;<em>Id\u00e9e libre<\/em><\/a><\/div>\n<\/div>\n<div><\/div>\n<div><em><a href=\"https:\/\/www.fnlp.fr\/librairie\/fr\/l-idee-libre\/100-il-321-arts-et-artistes-dans-la-grande-guerre-9770996156906.html\" target=\"_blank\" rel=\"noopener\">se procurer ce num\u00e9ro de l&rsquo;Id\u00e9e libre<\/a><\/em><\/div>\n<p><!--more--><\/p>\n<p>&nbsp;<\/p>\n<p>&nbsp;<\/p>\n","protected":false},"excerpt":{"rendered":"<p>La revue\u00a0L\u2019ID\u00c9E\u00a0LIBRE est la revue culturelle de la Libre Pens\u00e9e. A cot\u00e9 d&rsquo;articles \u00ab\u00a0magazine\u00a0\u00bb ou d&rsquo;archives, elle est essentiellement consacr\u00e9e; chaque trimestre \u00e0 un th\u00e8me. pour se procurer ce num\u00e9ro de l&rsquo;Id\u00e9e Libre ou bien s&rsquo;abonner \u00e0 cette publication, contactez le groupe Fred Zeller : contact@lpdordogne.fr\u00a0 Le num\u00e9ro 321 pr\u00e9sente un dossier\u00a0\u00a0\u00bb Arts et artistes &hellip; <a href=\"https:\/\/www.lpdordogne.fr\/?p=2184\" class=\"more-link\">Continuer la lecture<span class=\"screen-reader-text\"> de &laquo;&nbsp;L&rsquo;Id\u00e9e Libre N\u00b0321 &#8211; Arts et artistes dans la Grande Guerre&nbsp;&raquo;<\/span><\/a><\/p>\n","protected":false},"author":2,"featured_media":0,"comment_status":"closed","ping_status":"open","sticky":false,"template":"","format":"standard","meta":{"footnotes":""},"categories":[24],"tags":[],"class_list":["post-2184","post","type-post","status-publish","format-standard","hentry","category-lidee-libre"],"_links":{"self":[{"href":"https:\/\/www.lpdordogne.fr\/index.php?rest_route=\/wp\/v2\/posts\/2184","targetHints":{"allow":["GET"]}}],"collection":[{"href":"https:\/\/www.lpdordogne.fr\/index.php?rest_route=\/wp\/v2\/posts"}],"about":[{"href":"https:\/\/www.lpdordogne.fr\/index.php?rest_route=\/wp\/v2\/types\/post"}],"author":[{"embeddable":true,"href":"https:\/\/www.lpdordogne.fr\/index.php?rest_route=\/wp\/v2\/users\/2"}],"replies":[{"embeddable":true,"href":"https:\/\/www.lpdordogne.fr\/index.php?rest_route=%2Fwp%2Fv2%2Fcomments&post=2184"}],"version-history":[{"count":0,"href":"https:\/\/www.lpdordogne.fr\/index.php?rest_route=\/wp\/v2\/posts\/2184\/revisions"}],"wp:attachment":[{"href":"https:\/\/www.lpdordogne.fr\/index.php?rest_route=%2Fwp%2Fv2%2Fmedia&parent=2184"}],"wp:term":[{"taxonomy":"category","embeddable":true,"href":"https:\/\/www.lpdordogne.fr\/index.php?rest_route=%2Fwp%2Fv2%2Fcategories&post=2184"},{"taxonomy":"post_tag","embeddable":true,"href":"https:\/\/www.lpdordogne.fr\/index.php?rest_route=%2Fwp%2Fv2%2Ftags&post=2184"}],"curies":[{"name":"wp","href":"https:\/\/api.w.org\/{rel}","templated":true}]}}