{"id":2167,"date":"2018-04-12T19:30:35","date_gmt":"2018-04-12T18:30:35","guid":{"rendered":"https:\/\/lpdordogne.wordpress.com\/?p=2167"},"modified":"2018-04-12T19:30:35","modified_gmt":"2018-04-12T18:30:35","slug":"communique-de-presse-de-la-fnlp-12-avril-2018","status":"publish","type":"post","link":"https:\/\/www.lpdordogne.fr\/?p=2167","title":{"rendered":"Communiqu\u00e9 de presse de la FNLP &#8211; 12 avril 2018"},"content":{"rendered":"<h1 class=\"art-postheader\">S\u00e9paration versus r\u00e9paration<\/h1>\n<div class=\"art-postcontent art-postcontent-0 clearfix\">\n<div class=\"art-content-layout\">\n<div class=\"art-content-layout-row\">\n<div class=\"art-layout-cell layout-item-0\">\n<h2 class=\"western\"><strong>Avant, la R\u00e9publique, c\u2019\u00e9tait la S\u00e9paration des Eglises et de l\u2019Etat<\/strong><\/h2>\n<h1 class=\"western\"><strong>Avec Emmanuel Macron,<\/strong><\/h1>\n<h1 class=\"western\"><strong>C\u2019est la R\u00e9paration de l\u2019Eglise par l\u2019Etat<\/strong><\/h1>\n<p class=\"western\" align=\"justify\"><img loading=\"lazy\" decoding=\"async\" class=\"alignleft\" src=\"https:\/\/www.fnlp.fr\/uploads\/images\/edito\/macronbernardins\/macron4.jpg\" alt=\"\" width=\"113\" height=\"111\" \/>Il aura suffi d\u2019une lettre, un\u00a0<strong>R<\/strong>\u00a0\u00e0 la place d\u2019un\u00a0<strong>S<\/strong>, et la grande loi qui a garanti plus de 100 ans de paix civile, la\u00a0<strong>loi du 9 d\u00e9cembre 1905 de S\u00e9paration des Eglises et de l\u2019Et<\/strong>at, est menac\u00e9e dans son fondement m\u00eame\u00a0: assurer la libert\u00e9 de conscience de tous, sans que l\u2019Etat se m\u00eale de ce que pensent les citoyens.\u00a0<strong>Francis de Pressens\u00e9<\/strong>\u00a0avait dit en 1905, pour r\u00e9sumer la grande loi la\u00efque\u00a0:\u00a0\u00ab<em>\u00a0L\u2019Etat s\u2019arr\u00eate o\u00f9 commence la conscience<\/em>\u00a0\u00bb.<\/p>\n<p class=\"western\" align=\"center\">En d\u00e9clarant que la R\u00e9publique devait \u00ab\u00a0<em>r\u00e9parer<\/em>\u00a0\u00bb son lien avec l\u2019Eglise catholique,\u00a0<strong>Emmanuel Macron\u00a0<\/strong>a contredit tout l\u2019\u00e9difice \u00e9tabli depuis des si\u00e8cles \u00e0 partir du<em>\u00a0Concordat de Bologne\u00a0<\/em>de 1516, de\u00a0<em>l\u2019Edit de Nantes<\/em>, du rejet des J\u00e9suites hors de France, des\u00a0<em>Lumi\u00e8res<\/em>, de\u00a0<em>l\u2019Edit de Tol\u00e9rance<\/em>, de la\u00a0<em>R\u00e9volution fran\u00e7aise<\/em>, de trois s\u00e9paration des \u00c9glises et de l\u2018Etat (1795, 1871, 1905), de tout l\u2019\u00e9difice r\u00e9publicain et la\u00efque institu\u00e9 par la III<sup>e<\/sup>\u00a0R\u00e9publique. Voici nos r\u00e9f\u00e9rences historiques, elles viennent du vieux pays\u00a0des\u00a0<em>Lumi\u00e8res<\/em>; celles d\u2019Emmanuel Macron sont tir\u00e9es de l\u2019obscurit\u00e9 des sacristies.<\/p>\n<p class=\"western\" align=\"justify\"><em><strong>Un calotin aux Bernardins<\/strong><\/em><\/p>\n<p class=\"western\" align=\"justify\">Il n\u2019y a rien \u00e0 r\u00e9parer, car il n\u2019y a rien de cass\u00e9. La R\u00e9publique a divorc\u00e9 de l\u2019Eglise catholique d\u00e9finitivement en 1905. Chacun a repris ce qui lui appartenait. L\u2019Etat a repris ce que le peuple avait pay\u00e9 avec sa sueur, ses larmes et son sang. L\u2019Eglise est revenue \u00e0 la solitude de la pri\u00e8re qu\u2019elle n\u2019aurait jamais d\u00fb quitter (<strong>Marx<\/strong>).<\/p>\n<p class=\"western\" align=\"justify\">Pas plus qu\u2019hier, la R\u00e9publique n\u2019acceptera les mariages forc\u00e9s. La S\u00e9paration, ce n\u2019est pas la turpitude obligatoire. La La\u00efcit\u00e9, c\u2019est la libert\u00e9, la libert\u00e9 de conscience, la libert\u00e9 de penser comme on veut.<\/p>\n<p class=\"western\" align=\"center\">Il est d\u00e9sormais clair qu\u2019un mauvais coup se pr\u00e9pare contre la Loi de 1905. Le m\u00e9rite du discours des Bernardins aura \u00e9t\u00e9 de mettre le mouvement la\u00efque en alerte.\u00a0<em>Ne r\u00e9veillez pas ce g\u00e9ant<\/em>, il va balayer \u00e0 nouveau le cl\u00e9ricalisme. Nous appelons les la\u00efques \u00e0 se pr\u00e9parer \u00e0 l\u2019action pour d\u00e9fendre la loi de 1905.<\/p>\n<p align=\"center\"><em><strong>Soutenez la Libre Pens\u00e9e<\/strong><\/em><\/p>\n<p align=\"center\"><em><strong>En y adh\u00e9rant<br \/>\nou en versant un don<br \/>\npour pr\u00e9parer l\u2019action<\/strong><\/em><\/p>\n<p>&nbsp;<\/p>\n<p><img loading=\"lazy\" decoding=\"async\" class=\"alignleft\" src=\"https:\/\/www.fnlp.fr\/uploads\/images\/edito\/macronbernardins\/hugo_etat.jpg\" alt=\"\" width=\"550\" height=\"581\" \/><\/p>\n<p>&nbsp;<\/p>\n<div class=\"western\" align=\"center\"><em>\u00c0 ceux qui dorment<\/em><\/div>\n<div class=\"western\" align=\"center\"><a class=\"western\" href=\"http:\/\/www.poesie-francaise.fr\/poemes-victor-hugo\/\">Victor Hugo<\/a>\u00a0(1802-1885) \u2013 Libre Penseur spiritualiste dans\u00a0<a class=\"western\" href=\"http:\/\/www.poesie-francaise.fr\/victor-hugo-les-chatiments\/\"><em>Les ch\u00e2timents\u00a0<\/em>(1853)<\/a><\/div>\n<div align=\"center\"><\/div>\n<div align=\"center\"><em><strong>R\u00e9veillez-vous, assez de honte !\u00a0<\/strong><\/em><br \/>\n<em><strong>Bravez boulets et biscayens.\u00a0<\/strong><\/em><br \/>\n<em><strong>Il est temps qu&rsquo;enfin le flot monte.\u00a0<\/strong><\/em><br \/>\n<em><strong>Assez de honte, citoyens !\u00a0<\/strong><\/em><br \/>\n<em><strong>Troussez les manches de la blouse.\u00a0<\/strong><\/em><br \/>\n<em><strong>Les hommes de quatre-vingt-douze\u00a0<\/strong><\/em><br \/>\n<em><strong>Affrontaient vingt rois combattants.\u00a0<\/strong><\/em><br \/>\n<em><strong>Brisez vos fers, forcez vos ge\u00f4les !\u00a0<\/strong><\/em><br \/>\n<em><strong>Quoi ! vous avez peur de ces dr\u00f4les !\u00a0<\/strong><\/em><br \/>\n<em><strong>Vos p\u00e8res bravaient les titans !<\/strong><\/em><\/div>\n<div align=\"center\"><\/div>\n<div align=\"center\"><em><strong>Levez-vous ! foudroyez et la horde et le ma\u00eetre !\u00a0<\/strong><\/em><br \/>\n<em><strong>Vous avez Dieu pour vous et contre vous le pr\u00eatre\u00a0<\/strong><\/em><br \/>\n<em><strong>Dieu seul est souverain.\u00a0<\/strong><\/em><br \/>\n<em><strong>Devant lui nul n&rsquo;est fort et tous sont p\u00e9rissables.\u00a0<\/strong><\/em><br \/>\n<em><strong>Il chasse comme un chien le grand tigre des sables\u00a0<\/strong><\/em><br \/>\n<em><strong>Et le dragon marin ;\u00a0<\/strong><\/em><br \/>\n<em><strong>Rien qu&rsquo;en soufflant dessus, comme un oiseau d&rsquo;un arbre,\u00a0<\/strong><\/em><br \/>\n<em><strong>Il peut faire envoler de leur temple de marbre\u00a0<\/strong><\/em><br \/>\n<em><strong>Les idoles d&rsquo;airain.<\/strong><\/em><\/div>\n<div align=\"center\"><\/div>\n<div align=\"center\"><em><strong>Vous n&rsquo;\u00eates pas arm\u00e9s ? qu&rsquo;importe !\u00a0<\/strong><\/em><br \/>\n<em><strong>Prends ta fourche, prends ton marteau !\u00a0<\/strong><\/em><br \/>\n<em><strong>Arrache le gond de ta porte,\u00a0<\/strong><\/em><br \/>\n<em><strong>Emplis de pierres ton manteau !\u00a0<\/strong><\/em><br \/>\n<em><strong>Et poussez le cri d&rsquo;esp\u00e9rance !\u00a0<\/strong><\/em><br \/>\n<em><strong>Redevenez la grande France !\u00a0<\/strong><\/em><br \/>\n<em><strong>Redevenez le grand Paris !\u00a0<\/strong><\/em><br \/>\n<em><strong>D\u00e9livrez, fr\u00e9missants de rage,\u00a0<\/strong><\/em><br \/>\n<em><strong>Votre pays de l&rsquo;esclavage,\u00a0<\/strong><\/em><br \/>\n<em><strong>Votre m\u00e9moire du m\u00e9pris !<\/strong><\/em><\/div>\n<div align=\"center\"><\/div>\n<div align=\"center\"><em><strong>Quoi ! faut-il vous citer les royalistes m\u00eame ?\u00a0<\/strong><\/em><br \/>\n<em><strong>On \u00e9tait grand aux jours de la lutte supr\u00eame.\u00a0<\/strong><\/em><br \/>\n<em><strong>Alors, que voyait-on ?\u00a0<\/strong><\/em><br \/>\n<em><strong>La bravoure, ajoutant \u00e0 l&rsquo;homme une coud\u00e9e,\u00a0<\/strong><\/em><br \/>\n<em><strong>Etait dans les deux camps. N&rsquo;est-il pas vrai, Vend\u00e9e,\u00a0<\/strong><\/em><br \/>\n<em><strong>\u00d4 dur pays breton ?\u00a0<\/strong><\/em><br \/>\n<em><strong>Pour vaincre un bastion, pour rompre une muraille,\u00a0<\/strong><\/em><br \/>\n<em><strong>Pour prendre cent canons vomissant la mitraille.\u00a0<\/strong><\/em><br \/>\n<em><strong>Il suffit d&rsquo;un b\u00e2ton !<\/strong><\/em><\/div>\n<div align=\"center\"><\/div>\n<div align=\"center\"><em><strong>Si dans ce cloaque ou demeure,\u00a0<\/strong><\/em><br \/>\n<em><strong>Si cela dure encore un jour,\u00a0<\/strong><\/em><br \/>\n<em><strong>Si cela dure encore une heure,\u00a0<\/strong><\/em><br \/>\n<em><strong>Je brise clairon et tambour,\u00a0<\/strong><\/em><br \/>\n<em><strong>Je fl\u00e9tris ces pusillanimes,\u00a0<\/strong><\/em><br \/>\n<em><strong>\u00d4 vieux peuple des jours sublimes,\u00a0<\/strong><\/em><br \/>\n<em><strong>G\u00e9ants \u00e0 qui nous les m\u00ealions,\u00a0<\/strong><\/em><br \/>\n<em><strong>Je les laisse trembler leurs fi\u00e8vres,\u00a0<\/strong><\/em><br \/>\n<em><strong>Et je d\u00e9clare que ces li\u00e8vres\u00a0<\/strong><\/em><br \/>\n<em><strong>Ne sont pas vos fils, \u00f4 lions !<\/strong><\/em><\/div>\n<div align=\"center\"><\/div>\n<div align=\"center\"><strong>Jersey, le 15 janvier 1853.<\/strong><\/div>\n<div align=\"center\"><\/div>\n<div align=\"center\">Ch\u00e8que \u00e0 l\u2019ordre de la Libre Pens\u00e9e, \u00e0 envoyer \u00e0\u00a0:\u00a0<strong>Libre Pens\u00e9e 10\/12 rue des Foss\u00e9s-saint-Jacques \u2013 75005 Paris<\/strong>.<\/div>\n<div align=\"center\"><\/div>\n<div align=\"center\"><\/div>\n<h3>FAIRE UN DON POUR LA LIBRE PENSEE<\/h3>\n<p>\u00a0<img loading=\"lazy\" decoding=\"async\" src=\"https:\/\/www.paypalobjects.com\/fr_FR\/i\/scr\/pixel.gif\" alt=\"\" width=\"1\" height=\"1\" border=\"0\" \/><\/div>\n<\/div>\n<\/div>\n<\/div>\n","protected":false},"excerpt":{"rendered":"<p>S\u00e9paration versus r\u00e9paration Avant, la R\u00e9publique, c\u2019\u00e9tait la S\u00e9paration des Eglises et de l\u2019Etat Avec Emmanuel Macron, C\u2019est la R\u00e9paration de l\u2019Eglise par l\u2019Etat Il aura suffi d\u2019une lettre, un\u00a0R\u00a0\u00e0 la place d\u2019un\u00a0S, et la grande loi qui a garanti plus de 100 ans de paix civile, la\u00a0loi du 9 d\u00e9cembre 1905 de S\u00e9paration des &hellip; <a href=\"https:\/\/www.lpdordogne.fr\/?p=2167\" class=\"more-link\">Continuer la lecture<span class=\"screen-reader-text\"> de &laquo;&nbsp;Communiqu\u00e9 de presse de la FNLP &#8211; 12 avril 2018&nbsp;&raquo;<\/span><\/a><\/p>\n","protected":false},"author":2,"featured_media":0,"comment_status":"closed","ping_status":"open","sticky":false,"template":"","format":"standard","meta":{"footnotes":""},"categories":[4],"tags":[],"class_list":["post-2167","post","type-post","status-publish","format-standard","hentry","category-communiques-de-presse"],"_links":{"self":[{"href":"https:\/\/www.lpdordogne.fr\/index.php?rest_route=\/wp\/v2\/posts\/2167","targetHints":{"allow":["GET"]}}],"collection":[{"href":"https:\/\/www.lpdordogne.fr\/index.php?rest_route=\/wp\/v2\/posts"}],"about":[{"href":"https:\/\/www.lpdordogne.fr\/index.php?rest_route=\/wp\/v2\/types\/post"}],"author":[{"embeddable":true,"href":"https:\/\/www.lpdordogne.fr\/index.php?rest_route=\/wp\/v2\/users\/2"}],"replies":[{"embeddable":true,"href":"https:\/\/www.lpdordogne.fr\/index.php?rest_route=%2Fwp%2Fv2%2Fcomments&post=2167"}],"version-history":[{"count":0,"href":"https:\/\/www.lpdordogne.fr\/index.php?rest_route=\/wp\/v2\/posts\/2167\/revisions"}],"wp:attachment":[{"href":"https:\/\/www.lpdordogne.fr\/index.php?rest_route=%2Fwp%2Fv2%2Fmedia&parent=2167"}],"wp:term":[{"taxonomy":"category","embeddable":true,"href":"https:\/\/www.lpdordogne.fr\/index.php?rest_route=%2Fwp%2Fv2%2Fcategories&post=2167"},{"taxonomy":"post_tag","embeddable":true,"href":"https:\/\/www.lpdordogne.fr\/index.php?rest_route=%2Fwp%2Fv2%2Ftags&post=2167"}],"curies":[{"name":"wp","href":"https:\/\/api.w.org\/{rel}","templated":true}]}}