{"id":2161,"date":"2018-04-10T19:16:32","date_gmt":"2018-04-10T18:16:32","guid":{"rendered":"https:\/\/lpdordogne.wordpress.com\/?p=2161"},"modified":"2018-04-10T19:16:32","modified_gmt":"2018-04-10T18:16:32","slug":"communique-de-presse-de-la-fnlp-10-avril-2018","status":"publish","type":"post","link":"https:\/\/www.lpdordogne.fr\/?p=2161","title":{"rendered":"Communiqu\u00e9 de presse de la FNLP &#8211; 10 avril 2018"},"content":{"rendered":"<h1 class=\"art-postheader\">Emmanuel Macron aux Bernardins : Le vice cl\u00e9rical aux bras du crime antila\u00efque ?<\/h1>\n<div class=\"art-postcontent art-postcontent-0 clearfix\">\n<div class=\"art-content-layout\">\n<div class=\"art-content-layout-row\">\n<div class=\"art-layout-cell layout-item-0\">\n<p><img loading=\"lazy\" decoding=\"async\" class=\"alignjustify alignleft\" src=\"https:\/\/www.fnlp.fr\/uploads\/images\/edito\/macronbernardins\/macron4.jpg\" alt=\"\" width=\"160\" height=\"157\" \/><\/p>\n<p style=\"text-align:justify;\">Le\u00a0<strong>Pr\u00e9sident de la R\u00e9publique<\/strong>\u00a0a donc \u00e9t\u00e9 re\u00e7u par la\u00a0<strong>Conf\u00e9rence des Ev\u00eaques de France<\/strong>\u00a0au\u00a0<em>Coll\u00e8ge des Bernardi<\/em>ns. C\u2019\u00e9tait la premi\u00e8re fois qu\u2019un Pr\u00e9sident de la R\u00e9publique r\u00e9pondait favorablement \u00e0 une telle invitation. C\u2019est ind\u00e9niablement une entorse flagrante au principe de S\u00e9paration des Eglises et de l\u2019Etat (<strong>Loi du 9 d\u00e9cembre 1905<\/strong>).<\/p>\n<p style=\"text-align:justify;\">Cette \u00ab\u00a0<em>reconnaissance<\/em>\u00a0\u00bb d\u2019une religion a \u00e9t\u00e9 confirm\u00e9e par le\u00a0<strong>Pr\u00e9sident des Ev\u00eaques\u00a0<\/strong>:\u00a0<em>\u00ab\u00a0Votre pr\u00e9sence nous honore et manifeste les relations anciennes et renouvel\u00e9es entre l\u2019\u00c9tat et l\u2019\u00c9glise Catholique<\/em>.\u00a0\u00bb Rappelons que c\u2019est\u00a0<strong>Lionel Jospin<\/strong>, alors Premier ministre qui avait institu\u00e9 une structure de dialogue permanent avec l\u2019Eglise catholique en 2002.<\/p>\n<p style=\"text-align:justify;\"><strong>Emmanuel Macron\u00a0<\/strong>a inscrit ses pas dans la m\u00eame d\u00e9marche\u00a0:\u00a0\u00ab\u00a0<em>Pour nous retrouver ici ce soir, Monseigneur, nous avons, sans doute, vous et moi brav\u00e9, les sceptiques de chaque bord. Et si nous l\u2019avons fait, c\u2019est sans doute que nous partageons confus\u00e9ment le sentiment que\u00a0<\/em><em><strong>le lien entre l\u2019\u00c9glise et l\u2019\u00c9tat s\u2019est ab\u00eem\u00e9, et qu\u2019il nous importe \u00e0 vous comme \u00e0 moi de le r\u00e9parer<\/strong><\/em><em>\u2026. Un Pr\u00e9sident de la R\u00e9publique pr\u00e9tendant se d\u00e9sint\u00e9resser de l\u2019\u00c9glise et des catholiques manquerait \u00e0 son devoir<\/em>.\u00a0\u00bb<\/p>\n<p style=\"text-align:justify;\">C\u2019est bien d\u2019une violation de la loi de S\u00e9paration qu\u2019il s\u2019agit. Mettre sur le m\u00eame plan, l\u2019Eglise et les catholiques, c\u2019est confondre l\u2019institution cl\u00e9ricale qu\u2019est l\u2019Eglise catholique et des citoyens qui sont catholiques. Il y a une loi de S\u00e9paration entre les Eglises et l\u2019Etat, pas entre les citoyens-croyants et l\u2019Etat.<\/p>\n<\/div>\n<\/div>\n<\/div>\n<\/div>\n<p><!--more--><\/p>\n<p style=\"text-align:justify;\">Le lien entre l\u2019Eglise et l\u2019Etat, ce fut notamment le\u00a0<strong>Concordat<\/strong>\u00a0et avant lui \u00ab\u00a0<em>le Roi de droit divin<\/em>\u00a0\u00bb.\u00a0<strong>S\u2019agit-il de r\u00e9parer ce lien en remettant en cause la loi de S\u00e9paration qui a, effectivement, cass\u00e9 le lien entre l\u2019Etat et l\u2019Eglise\u00a0?\u00a0<\/strong>On comprendrait alors, enfin, la formule de son Ministre<strong>\u00a0Darmanin\u00a0:\u00a0<\/strong><em>\u00ab\u00a0Il faut renforcer la loi de 1905 par un concordat avec l\u2019Islam\u00a0\u00bb.<\/em><\/p>\n<p style=\"text-align:justify;\">Comme toujours, pour commettre un forfait politique, l\u2019Histoire doit \u00eatre revisit\u00e9e. Ainsi pour\u00a0<strong>Emmanuel Macron<\/strong>, l\u2019Histoire se r\u00e9sume \u00e0 l\u2019histoire de l\u2019Eglise catholique\u00a0:\u00a0<em>\u00ab\u00a0Je suis convaincu que les liens les plus indestructibles entre la nation fran\u00e7aise et le catholicisme se sont forg\u00e9s dans ces moments o\u00f9 est v\u00e9rifi\u00e9e la valeur r\u00e9elle des hommes et des femmes. Il n\u2019est pas besoin de remonter aux b\u00e2tisseurs de cath\u00e9drales et \u00e0\u00a0<\/em><em><strong>Jeanne\u00a0d\u2019Arc<\/strong><\/em><em>\u2009<\/em><em>: l<\/em><em>\u2019<\/em><em>histoire r<\/em><em>\u00e9<\/em><em>cente nous offre mille exemples, depuis\u00a0<\/em><em><strong>l<\/strong><\/em><em><strong>\u2019<\/strong><\/em><em><strong>Union Sacr<\/strong><\/em><em><strong>\u00e9<\/strong><\/em><em><strong>e\u00a0<\/strong><\/em><em>de 1914 jusqu<\/em><em>\u2019<\/em><em>aux r<\/em><em>\u00e9<\/em><em>sistants de 40, des Justes aux refondateurs de la R<\/em><em>\u00e9<\/em><em>publique, des P<\/em><em>\u00e8<\/em><em>res de l<\/em><em>\u2019<\/em><em>Europe\u00a0<\/em><em><strong>aux inventeurs du syndicalisme moderne\u2026.<\/strong><\/em><strong>\u00a0\u00bb<\/strong>\u00a0Il est clair aussi que pour\u00a0<strong>Emmanuel Macron<\/strong>\u00a0l\u2019Histoire de France commence et finit avec l\u2019Eglise\u00a0: rien avant, rien apr\u00e8s.<\/p>\n<p style=\"text-align:justify;\">Tout le programme r\u00e9actionnaire d<strong>u Pr\u00e9sident de la R\u00e9publique\u00a0<\/strong>est ainsi r\u00e9sum\u00e9\u00a0:\u00a0Union nationale pour les OPEX et les op\u00e9rations militaires n\u00e9ocoloniales, la refondation encore plus bonapartiste et corporatiste des institutions de la V\u00e8me R\u00e9publique, remettre en cause la la\u00efcit\u00e9 de l\u2019Ecole et de l\u2019Etat, sauver l\u2019Europe vaticane et amplifier la destruction des acquis sociaux avec l\u2019aide des \u00ab\u00a0<em>syndicalistes modernes<\/em>\u00a0\u00bb, en particulier de la\u00a0<strong>CFDT,<\/strong>\u00a0qui accompagnent et signent tout ce que demandent gouvernement et patronat.<\/p>\n<h2 style=\"text-align:justify;\"><em><strong>La r\u00e9vision des lois bio\u00e9thiques\u00a0: la grande peur de l\u2019Eglise<\/strong><\/em><\/h2>\n<p style=\"text-align:justify;\"><strong>Georges Pontie<\/strong>r, au nom des Ev\u00eaques a accueilli\u00a0<strong>Emmanuel Macron\u00a0<\/strong>en lui indiquant l\u2019objet de cette invitation\u00a0:\u00a0\u00ab\u00a0<em>Nous avons d\u00e9j\u00e0 des lois r\u00e9centes sur d\u2019autres sujets essentiels pour la soci\u00e9t\u00e9 qui n\u2019ont pas eu le temps de porter leurs fruits et voil\u00e0 que certains souhaiteraient qu\u2019on l\u00e9gif\u00e8re encore. Est-ce bien raisonnable ?<\/em>\u00a0\u00bb<\/p>\n<p style=\"text-align:justify;\">Le moins que l\u2019on puisse dire, c\u2019est qu\u2019il a \u00e9t\u00e9 entendu par le\u00a0<strong>Pr\u00e9sident de la R\u00e9publique<\/strong>\u00a0:\u00a0\u00ab\u00a0<em>Vo<\/em><em>us avez ainsi \u00e9tabli un lien intime entre des sujets que la politique et la morale ordinaires auraient volontiers trait\u00e9s \u00e0 part. Vous consid\u00e9rez que notre devoir est de prot\u00e9ger la vie, en particulier lorsque cette vie est sans d\u00e9fense. Entre la vie de l\u2019enfant \u00e0 na\u00eetre, celle de l\u2019\u00eatre parvenu au seuil de la mort, ou celle du r\u00e9fugi\u00e9 qui a tout perdu, vous voyez ce trait commun du d\u00e9nuement, de la nudit\u00e9 et de la vuln\u00e9rabilit\u00e9 absolue. Ces \u00eatres sont expos\u00e9s. Ils attendent tout de l\u2019autre, de la main qui se tend, de la bienveillance qui prendra soin d\u2019eux. Ces deux sujets mobilisent notre part la plus humaine et la conception m\u00eame que nous nous faisons de l\u2019humain. Et cette coh\u00e9rence s\u2019impose \u00e0 tous.<\/em><\/p>\n<p style=\"text-align:justify;\"><em>Alors j\u2019ai entendu, Monseigneur, Mesdames et Messieurs, les inqui\u00e9tudes montant du monde catholique. Et je veux ici tenter d\u2019y r\u00e9pondre, ou en tout cas d\u2019y donner notre part de v\u00e9rit\u00e9 et de conviction.\u00a0<\/em><em><strong>C\u2019est parce que je suis convaincu que nous ne sommes pas l\u00e0 face \u00e0 un probl\u00e8me simple qui pourrait se trancher par une loi seule<\/strong><\/em><em>. Mais nous sommes parfois face \u00e0 des d\u00e9bats moraux, \u00e9thiques profonds qui touchent au plus intime de chacun d\u2019entre nous.<\/em><\/p>\n<p style=\"text-align:justify;\"><em>J\u2019entends l\u2019\u00c9glise lorsqu\u2019elle se montre rigoureuse sur les fondations humaines de toute \u00e9volution technique. J\u2019entends votre voix lorsqu\u2019elle nous invite \u00e0 ne rien r\u00e9duire \u00e0 cet agir technique dont vous avez parfaitement montr\u00e9 les limites. J\u2019entends la place essentielle que vous donnez \u00e0 notre soci\u00e9t\u00e9 \u00e0 la famille, aux familles, oserais-je dire. J\u2019entends aussi ce souci de savoir conjuguer la filiation avec les projets que des parents peuvent avoir pour leurs enfants<\/em>.\u00a0\u00bb<\/p>\n<p style=\"text-align:justify;\"><img loading=\"lazy\" decoding=\"async\" class=\"alignleft\" src=\"https:\/\/www.fnlp.fr\/uploads\/images\/edito\/macronbernardins\/640px-College_des_Bernardins_Main_Hall_02.jpg\" alt=\"\" width=\"160\" height=\"107\" \/>Pour autant, m\u00eame un J\u00e9suite y perdrait son latin. Que va faire\u00a0<strong>Emmanuel Macron<\/strong>\u00a0en mati\u00e8re de bio\u00e9thique et de fin de vie\u00a0? Personne n\u2019en sait rien, m\u00eame peut \u00eatre ne le sait-il pas lui-m\u00eame.<\/p>\n<p style=\"text-align:justify;\"><strong>Emmanuel Macron<\/strong>\u00a0a d\u00e9voil\u00e9 aussi qu\u2019il avait eu la m\u00eame conception que l\u2019Eglise catholique quand il a fond\u00e9\u00a0<em>En marche<\/em>\u00a0!\u00a0: refonder le politique. Oui mais sur quelles bases\u00a0? Son projet se dessine de plus en plus\u00a0:\u00a0<strong>la r\u00e9action sociale, le corporatisme, la remise en cause de la loi de 1905, aggraver la loi Debr\u00e9, l\u2019assujettissement croissant de la soci\u00e9t\u00e9 \u00e0 la banque et au capitalisme.<\/strong><\/p>\n<p style=\"text-align:justify;\">La\u00a0<strong>F\u00e9d\u00e9ration nationale de la Libre Pens\u00e9e\u00a0<\/strong>est d\u2018autant plus lucide sur cette politique que, pour pr\u00e9server son ind\u00e9pendance, elle s\u2019est bien gard\u00e9e de c\u00e9der aux injonctions de tous ceux qui appelaient \u00e0 voter pour lui. On comprend aussi le d\u00e9sarroi de ceux qui ont appel\u00e9 \u00e0 voter pour\u00a0<strong>Emmanuel Macron<\/strong>\u00a0\u00ab\u00a0<em>pour faire barrage \u00e0 la r\u00e9action<\/em>\u00a0\u00bb et qui se retrouvent \u00ab\u00a0<em>Gros Jean comme devant<\/em>\u00a0\u00bb.<\/p>\n<p style=\"text-align:justify;\">Mais pour mettre son programme en \u0153uvre, ayant une base \u00e9lectorale des plus r\u00e9duites (17% des inscrits au premier tour des Pr\u00e9sidentielles), il a besoin des \u00ab\u00a0<em>syndicalistes modernes\u00a0<\/em>\u00bb et, bien s\u00fbr, de\u00a0<strong>l\u2019Eglise catholique<\/strong>. Il a donc lanc\u00e9 un appel \u00e0 l\u2019aide\u00a0:\u00a0\u00ab\u00a0<em>Le don de l\u2019engagement que je vous demande, c\u2019est celui-ci<\/em><em>\u2009<\/em><em>: ne restez pas au seuil. Ne renoncez pas\u00a0<\/em><em>\u00e0<\/em><em>\u00a0la R<\/em><em>\u00e9<\/em><em>publique que vous avez si fortement contribu<\/em><em>\u00e9<\/em><em>\u00e0<\/em><em>\u00a0forger. Ne renoncez pas\u00a0<\/em><em>\u00e0<\/em><em>\u00a0cette Europe, dont vous avez nourri le sens. Ne laissez pas en friche les terres que vous avez sem<\/em><em>\u00e9<\/em><em>es. Ne retirez pas\u00a0<\/em><em>\u00e0<\/em><em>\u00a0la R<\/em><em>\u00e9<\/em><em>publique la rectitude pr\u00e9cieuse que tant de fid\u00e8les anonymes apportent \u00e0 leur vie de citoyen.<\/em>\u00a0\u00bb<\/p>\n<h2 style=\"text-align:justify;\"><em><strong>Mais le vent se l\u00e8ve contre la R\u00e9action<\/strong><\/em><\/h2>\n<p style=\"text-align:justify;\">La formidable r\u00e9sistance qui se manifeste, notamment \u2013 mais pas exclusivement &#8211; chez les cheminots est un bien mauvais pr\u00e9sage pour \u00ab\u00a0<em><strong>Jupiter<\/strong><\/em>\u00a0\u00bb. C\u2019est pourquoi, il se d\u00e9pense sans compter pour communiquer sur les plateaux de t\u00e9l\u00e9vision. La peur du vide\u00a0? Dira-t-il comme\u00a0<strong>Philippe P\u00e9tain<\/strong>\u00a0le 12 ao\u00fbt 1941\u00a0:\u00a0\u00ab\u00a0<em><strong>Fran\u00e7ais<\/strong><\/em><em>, \u00a0J&rsquo;ai des choses graves \u00e0 vous dire. De plusieurs r\u00e9gions de France, je sens se lever depuis quelques semaines un vent mauvais\u2026 \u00a0L&rsquo;inqui\u00e9tude gagne les esprits, le doute s&#8217;empare des \u00e2mes. L&rsquo;autorit\u00e9 de mon gouvernement est discut\u00e9e\u00a0; les ordres sont souvent mal ex\u00e9cut\u00e9s (&#8230;)<\/em>\u00a0\u00bb<\/p>\n<p style=\"text-align:justify;\">On sait comment cela a fini.<\/p>\n<p>&nbsp;<\/p>\n<p>Paris, le 10 avril 2018<\/p>\n","protected":false},"excerpt":{"rendered":"<p>Emmanuel Macron aux Bernardins : Le vice cl\u00e9rical aux bras du crime antila\u00efque ? Le\u00a0Pr\u00e9sident de la R\u00e9publique\u00a0a donc \u00e9t\u00e9 re\u00e7u par la\u00a0Conf\u00e9rence des Ev\u00eaques de France\u00a0au\u00a0Coll\u00e8ge des Bernardins. C\u2019\u00e9tait la premi\u00e8re fois qu\u2019un Pr\u00e9sident de la R\u00e9publique r\u00e9pondait favorablement \u00e0 une telle invitation. C\u2019est ind\u00e9niablement une entorse flagrante au principe de S\u00e9paration des Eglises &hellip; <a href=\"https:\/\/www.lpdordogne.fr\/?p=2161\" class=\"more-link\">Continuer la lecture<span class=\"screen-reader-text\"> de &laquo;&nbsp;Communiqu\u00e9 de presse de la FNLP &#8211; 10 avril 2018&nbsp;&raquo;<\/span><\/a><\/p>\n","protected":false},"author":2,"featured_media":0,"comment_status":"closed","ping_status":"open","sticky":false,"template":"","format":"standard","meta":{"footnotes":""},"categories":[4],"tags":[],"class_list":["post-2161","post","type-post","status-publish","format-standard","hentry","category-communiques-de-presse"],"_links":{"self":[{"href":"https:\/\/www.lpdordogne.fr\/index.php?rest_route=\/wp\/v2\/posts\/2161","targetHints":{"allow":["GET"]}}],"collection":[{"href":"https:\/\/www.lpdordogne.fr\/index.php?rest_route=\/wp\/v2\/posts"}],"about":[{"href":"https:\/\/www.lpdordogne.fr\/index.php?rest_route=\/wp\/v2\/types\/post"}],"author":[{"embeddable":true,"href":"https:\/\/www.lpdordogne.fr\/index.php?rest_route=\/wp\/v2\/users\/2"}],"replies":[{"embeddable":true,"href":"https:\/\/www.lpdordogne.fr\/index.php?rest_route=%2Fwp%2Fv2%2Fcomments&post=2161"}],"version-history":[{"count":0,"href":"https:\/\/www.lpdordogne.fr\/index.php?rest_route=\/wp\/v2\/posts\/2161\/revisions"}],"wp:attachment":[{"href":"https:\/\/www.lpdordogne.fr\/index.php?rest_route=%2Fwp%2Fv2%2Fmedia&parent=2161"}],"wp:term":[{"taxonomy":"category","embeddable":true,"href":"https:\/\/www.lpdordogne.fr\/index.php?rest_route=%2Fwp%2Fv2%2Fcategories&post=2161"},{"taxonomy":"post_tag","embeddable":true,"href":"https:\/\/www.lpdordogne.fr\/index.php?rest_route=%2Fwp%2Fv2%2Ftags&post=2161"}],"curies":[{"name":"wp","href":"https:\/\/api.w.org\/{rel}","templated":true}]}}