{"id":2147,"date":"2018-03-27T22:26:56","date_gmt":"2018-03-27T21:26:56","guid":{"rendered":"https:\/\/lpdordogne.wordpress.com\/?p=2147"},"modified":"2018-03-27T22:26:56","modified_gmt":"2018-03-27T21:26:56","slug":"parution-de-la-raison-n-630","status":"publish","type":"post","link":"https:\/\/www.lpdordogne.fr\/?p=2147","title":{"rendered":"Parution de \u00ab\u00a0La Raison\u00a0\u00bb N\u00b0 630"},"content":{"rendered":"<h3><a href=\"http:\/\/www.fnlp.fr\/news\/314\/17\/La-Raison-n-615-chez-nos-abonnes\/d,lp_detail.html\" target=\"_blank\" rel=\"noopener noreferrer\"><img loading=\"lazy\" decoding=\"async\" class=\"alignleft wp-image-2145 size-thumbnail\" src=\"https:\/\/www.lpdordogne.fr\/wp-content\/uploads\/2018\/03\/couv630.jpg?w=106\" alt=\"\" width=\"106\" height=\"150\" srcset=\"https:\/\/www.lpdordogne.fr\/wp-content\/uploads\/2018\/03\/couv630.jpg 550w, https:\/\/www.lpdordogne.fr\/wp-content\/uploads\/2018\/03\/couv630-212x300.jpg 212w\" sizes=\"auto, (max-width: 106px) 85vw, 106px\" \/><\/a><\/h3>\n<h2>L\u2019Editorial du pr\u00e9sident<\/h2>\n<h1>Des cultes reconnus ?<\/h1>\n<p>&nbsp;<\/p>\n<h1><img loading=\"lazy\" decoding=\"async\" class=\"alignleft size-thumbnail wp-image-1731\" src=\"https:\/\/www.lpdordogne.fr\/wp-content\/uploads\/2016\/11\/ob_0ef09e_jean-sebastien-pierre-libre-pensee-im.jpg?w=133\" alt=\"ob_0ef09e_jean-sebastien-pierre-libre-pensee-im\" width=\"133\" height=\"150\" srcset=\"https:\/\/www.lpdordogne.fr\/wp-content\/uploads\/2016\/11\/ob_0ef09e_jean-sebastien-pierre-libre-pensee-im.jpg 511w, https:\/\/www.lpdordogne.fr\/wp-content\/uploads\/2016\/11\/ob_0ef09e_jean-sebastien-pierre-libre-pensee-im-266x300.jpg 266w\" sizes=\"auto, (max-width: 133px) 85vw, 133px\" \/><\/h1>\n<p style=\"text-align:justify;\">\u00ab\u00a0En avril, ne te d\u00e9couvre pas d&rsquo;un fil \u00bb. Dans le calendrier r\u00e9publicain, cela pourrait donner : \u00ab En germinal, garde ta cape hivernale \u00bb. Germinal \u00e9voque les germinations, du moins pour les c\u00e9r\u00e9ales et cultures de printemps. Le colza d&rsquo;hiver commence \u00e0 fleurir, et sur le bl\u00e9 du m\u00eame nom, les \u00e9pis sont sortis. Le calendrier r\u00e9publicain a \u00e9t\u00e9 \u00e9tabli \u00e0 la fin du \u00ab petit \u00e2ge glaciaire \u00bb et l&rsquo;\u00e9tat d&rsquo;avancement des cultures \u00e9tait sans doute moindre qu&rsquo;aujourd&rsquo;hui \u00e0 date anniversaire. Germinal, en outre, \u00e9voque le grand roman social d&rsquo;\u00c9mile Zola, cher \u00e0 nombre de libres penseurs.<\/p>\n<p style=\"text-align:justify;\">La Libre Pens\u00e9e a \u00e9t\u00e9 re\u00e7ue \u00e0 l&rsquo;Observatoire de la la\u00efcit\u00e9, ce qui nous a permis de d\u00e9velopper des th\u00e8mes d&rsquo;une br\u00fblante actualit\u00e9. Une fois de plus, il a fallu revenir \u00e0 la question des libert\u00e9s publiques \u00e0 propos de la soi-disant \u00ab la\u00efcit\u00e9 dans l&rsquo;entreprise \u00bb. Notre d\u00e9l\u00e9gation s&rsquo;est \u00e9galement \u00e9lev\u00e9e contre la normalisation du v\u00eatement, mais aussi de la parole \u00e0 l&rsquo;Assembl\u00e9e nationale. D\u00e9j\u00e0 r\u00e9duite \u00e0 un r\u00f4le totalement subalterne depuis les origines de la Ve r\u00e9publique, ce serait \u00e9galement un lieu o\u00f9 la libert\u00e9 d&rsquo;expression serait contrainte par on ne sait quelle biens\u00e9ance ?<\/p>\n<p><!--more--><\/p>\n<p style=\"text-align:justify;\">Christian Eyschen rappelle dans son intervention que jamais nous n&rsquo;avons mis en cause le droit de Christine Boutin \u00e0 brandir la Bible \u00e0 chacune de ses interventions, pas plus, bien que cela ne se soit jamais produit, que le droit \u00e0 brandir Le Capital ou tout autre signe d&rsquo;appartenance. En R\u00e9publique, il n&rsquo;est pas interdit d&rsquo;\u00eatre anti-r\u00e9publicain. En R\u00e9publique la\u00efque, il n&rsquo;est pas interdit d&rsquo;\u00eatre religieux. Il ne doit jamais \u00eatre interdit de d\u00e9fendre ses id\u00e9es, m\u00eames si elles peuvent para\u00eetre choquantes au plus grand nombre. La d\u00e9mocratie ne consiste pas \u00e0 \u00e9craser les minorit\u00e9s ni \u00e0 les r\u00e9duire au silence. Libres penseurs, nous sommes \u00e9videmment pour la confrontation des id\u00e9es, pour la libert\u00e9 d&rsquo;expression, particuli\u00e8rement au Parlement. Que peut-\u00eatre un Parlement sinon un lieu de d\u00e9bat ? Ce qui se profile, sous couvert d&rsquo;une neutralit\u00e9 qui n&rsquo;a pas lieu d&rsquo;\u00eatre, c&rsquo;est l&rsquo;ordre moral et la censure.<\/p>\n<p style=\"text-align:justify;\">Nous y revenons, dans ce num\u00e9ro dans la rubrique \u00ab Ainsi va le Monde \u00bb. Nous y faisons \u00e9galement \u00e9tat d&rsquo;une nouvelle entorse, et des plus graves, \u00e0 la loi de 1905. Pour g\u00e9rer les relations entre l&rsquo;\u00c9tat et les cultes, voil\u00e0 que, sur la base du rapport FONDAPOL, le gouvernement Macron aurait \u00e0 d\u00e9finir un ensemble de \u00ab cultes repr\u00e9sentatifs \u00bb. Ma plume et ma voix sont us\u00e9es \u00e0 force de citer l&rsquo;article 2 de la loi de 1905 : \u00ab La R\u00e9publique ne reconnait, ne salarie ni ne subventionne aucun culte \u00bb. Aucun : le mot est pourtant simple et son sens est limpide. Aucun : cela veut dire qu&rsquo;il n&rsquo;y a pas de culte meilleur ou plus officiel qu&rsquo;un autre. Aucun : la religion rel\u00e8ve de la sph\u00e8re priv\u00e9e, et l&rsquo;\u00c9tat se garde de toute ing\u00e9rence dans les affaires des cultes. On a d\u00e9j\u00e0 connu un manquement \u00e0 ce principe, lorsque l&rsquo;Etat s&rsquo;est m\u00eal\u00e9 d&rsquo; \u00ab organiser \u00bb le culte musulman pour fonder un \u00ab Islam de France \u00bb. Nous avons alors rappel\u00e9 \u00e0 quel point cette initiative ressemblait \u00e0 la cr\u00e9ation du \u00ab consistoire juif \u00bb par Napol\u00e9on Premier apr\u00e8s le concordat de 1806. On y reviendrait ?<\/p>\n<p style=\"text-align:justify;\">Il y aurait en plus des crit\u00e8res de bons et mauvais cultes solubles ou non dans la R\u00e9publique : le nombre de fid\u00e8les, le degr\u00e9 d&rsquo;organisation institutionnelle, mais aussi le respect des valeurs r\u00e9publicaines. Ni les religions, ni les individus, n&rsquo;ont \u00e0 respecter les valeurs r\u00e9publicaines. Ils ont \u00e0 respecter la loi de la R\u00e9publique. \u00ab La R\u00e9publique assure la libert\u00e9 de conscience \u00bb, article 1er , l&rsquo;usure de ma plume s&rsquo;aggrave. Le rapport du think tank FONDAPOL ajoute cette grave question : \u00ab Comment utiliser les religions au service du bien-\u00eatre social de la population \u00bb. La r\u00e9ponse est h\u00e9las connue : en fait de bien-\u00eatre social, c&rsquo;est de mis\u00e8re et de charit\u00e9 qu&rsquo;il s&rsquo;agit. Les religions s&rsquo;y \u00e9panouissent et les multiples associations caritatives sont invit\u00e9es \u00e0 suppl\u00e9er le d\u00e9sengagement social de l&rsquo;Etat, tandis que la mis\u00e8re s&rsquo;accro\u00eet. Qu&rsquo;y-a-t-il de moins la\u00efque que cette suggestion ?<br \/>\nLa vie est faite d&rsquo;avanc\u00e9es et de reculs. Voici que la d\u00e9cision de la cour d&rsquo;Appel de Nantes d&rsquo;autoriser la cr\u00e8che du Conseil D\u00e9partemental de Vend\u00e9e a \u00e9t\u00e9 ent\u00e9rin\u00e9e par le Conseil d&rsquo;\u00c9tat. Vous prendrez connaissance de notre d\u00e9claration en page 14 de notre journal. Voil\u00e0 que la transgression de la loi de 1905 par MM. Philippe de Villiers, Retailleau et successeurs devient tradition populaire festive, parce qu&rsquo;elle dure depuis plus de 25 ans. Voil\u00e0 un encouragement \u00e0 la strat\u00e9gie du fait accompli, et une diff\u00e9renciation juridique du territoire. Ce qui est insupportable \u00e0 Lyon, B\u00e9ziers, H\u00e9nin-Beaumont et Melun serait naturel en Vend\u00e9e. Nous en reparlerons.<\/p>\n<p><strong>Jean-S\u00e9bastien Pierre,<br \/>\nPr\u00e9sident de la F\u00e9d\u00e9ration Nationale de la Libre Pens\u00e9e<\/strong><\/p>\n<p>&nbsp;<\/p>\n<p style=\"text-align:justify;\"><a href=\"http:\/\/www.fnlp.fr\/news\/267\/17\/La-Raison-n-613-chez-nos-abonnes\/d,lp_detail.html\" target=\"_blank\" rel=\"noopener noreferrer\"><img loading=\"lazy\" decoding=\"async\" class=\"wp-image-2146 size-thumbnail alignleft\" src=\"https:\/\/www.lpdordogne.fr\/wp-content\/uploads\/2018\/03\/sommaire630.jpg?w=150\" alt=\"\" width=\"150\" height=\"98\" srcset=\"https:\/\/www.lpdordogne.fr\/wp-content\/uploads\/2018\/03\/sommaire630.jpg 777w, https:\/\/www.lpdordogne.fr\/wp-content\/uploads\/2018\/03\/sommaire630-300x196.jpg 300w, https:\/\/www.lpdordogne.fr\/wp-content\/uploads\/2018\/03\/sommaire630-768x501.jpg 768w\" sizes=\"auto, (max-width: 150px) 85vw, 150px\" \/><\/a><\/p>\n<p style=\"text-align:justify;\">pour vous procurer ce N\u00b0 de <em>La Raison<\/em>, contactez le groupe Fred Zeller : <a href=\"mailto:contact@lpdordogne.fr\">contact@lpdordogne.fr<\/a><\/p>\n","protected":false},"excerpt":{"rendered":"<p>L\u2019Editorial du pr\u00e9sident Des cultes reconnus ? &nbsp; \u00ab\u00a0En avril, ne te d\u00e9couvre pas d&rsquo;un fil \u00bb. Dans le calendrier r\u00e9publicain, cela pourrait donner : \u00ab En germinal, garde ta cape hivernale \u00bb. Germinal \u00e9voque les germinations, du moins pour les c\u00e9r\u00e9ales et cultures de printemps. Le colza d&rsquo;hiver commence \u00e0 fleurir, et sur le &hellip; <a href=\"https:\/\/www.lpdordogne.fr\/?p=2147\" class=\"more-link\">Continuer la lecture<span class=\"screen-reader-text\"> de &laquo;&nbsp;Parution de \u00ab\u00a0La Raison\u00a0\u00bb N\u00b0 630&nbsp;&raquo;<\/span><\/a><\/p>\n","protected":false},"author":2,"featured_media":2145,"comment_status":"closed","ping_status":"open","sticky":false,"template":"","format":"standard","meta":{"footnotes":""},"categories":[25],"tags":[],"class_list":["post-2147","post","type-post","status-publish","format-standard","has-post-thumbnail","hentry","category-la-raison"],"_links":{"self":[{"href":"https:\/\/www.lpdordogne.fr\/index.php?rest_route=\/wp\/v2\/posts\/2147","targetHints":{"allow":["GET"]}}],"collection":[{"href":"https:\/\/www.lpdordogne.fr\/index.php?rest_route=\/wp\/v2\/posts"}],"about":[{"href":"https:\/\/www.lpdordogne.fr\/index.php?rest_route=\/wp\/v2\/types\/post"}],"author":[{"embeddable":true,"href":"https:\/\/www.lpdordogne.fr\/index.php?rest_route=\/wp\/v2\/users\/2"}],"replies":[{"embeddable":true,"href":"https:\/\/www.lpdordogne.fr\/index.php?rest_route=%2Fwp%2Fv2%2Fcomments&post=2147"}],"version-history":[{"count":0,"href":"https:\/\/www.lpdordogne.fr\/index.php?rest_route=\/wp\/v2\/posts\/2147\/revisions"}],"wp:featuredmedia":[{"embeddable":true,"href":"https:\/\/www.lpdordogne.fr\/index.php?rest_route=\/wp\/v2\/media\/2145"}],"wp:attachment":[{"href":"https:\/\/www.lpdordogne.fr\/index.php?rest_route=%2Fwp%2Fv2%2Fmedia&parent=2147"}],"wp:term":[{"taxonomy":"category","embeddable":true,"href":"https:\/\/www.lpdordogne.fr\/index.php?rest_route=%2Fwp%2Fv2%2Fcategories&post=2147"},{"taxonomy":"post_tag","embeddable":true,"href":"https:\/\/www.lpdordogne.fr\/index.php?rest_route=%2Fwp%2Fv2%2Ftags&post=2147"}],"curies":[{"name":"wp","href":"https:\/\/api.w.org\/{rel}","templated":true}]}}