{"id":2102,"date":"2018-02-27T10:26:50","date_gmt":"2018-02-27T09:26:50","guid":{"rendered":"https:\/\/lpdordogne.wordpress.com\/?p=2102"},"modified":"2018-02-27T10:26:50","modified_gmt":"2018-02-27T09:26:50","slug":"parution-de-la-raison-n-629","status":"publish","type":"post","link":"https:\/\/www.lpdordogne.fr\/?p=2102","title":{"rendered":"Parution de \u00ab\u00a0La Raison\u00a0\u00bb N\u00b0 629"},"content":{"rendered":"<h3><a href=\"http:\/\/www.fnlp.fr\/news\/314\/17\/La-Raison-n-615-chez-nos-abonnes\/d,lp_detail.html\" target=\"_blank\" rel=\"noopener noreferrer\"><img loading=\"lazy\" decoding=\"async\" class=\"alignleft wp-image-2103 size-thumbnail\" src=\"https:\/\/www.lpdordogne.fr\/wp-content\/uploads\/2018\/02\/couv629.jpg?w=106\" alt=\"\" width=\"106\" height=\"150\" srcset=\"https:\/\/www.lpdordogne.fr\/wp-content\/uploads\/2018\/02\/couv629.jpg 550w, https:\/\/www.lpdordogne.fr\/wp-content\/uploads\/2018\/02\/couv629-212x300.jpg 212w\" sizes=\"auto, (max-width: 106px) 85vw, 106px\" \/><\/a><\/h3>\n<h2>L\u2019Editorial du pr\u00e9sident<\/h2>\n<h1>La\u00efcit\u00e9 toujours !<\/h1>\n<p>&nbsp;<\/p>\n<h1><img loading=\"lazy\" decoding=\"async\" class=\"alignleft size-thumbnail wp-image-1731\" src=\"https:\/\/www.lpdordogne.fr\/wp-content\/uploads\/2016\/11\/ob_0ef09e_jean-sebastien-pierre-libre-pensee-im.jpg?w=133\" alt=\"ob_0ef09e_jean-sebastien-pierre-libre-pensee-im\" width=\"133\" height=\"150\" srcset=\"https:\/\/www.lpdordogne.fr\/wp-content\/uploads\/2016\/11\/ob_0ef09e_jean-sebastien-pierre-libre-pensee-im.jpg 511w, https:\/\/www.lpdordogne.fr\/wp-content\/uploads\/2016\/11\/ob_0ef09e_jean-sebastien-pierre-libre-pensee-im-266x300.jpg 266w\" sizes=\"auto, (max-width: 133px) 85vw, 133px\" \/><\/h1>\n<p>Encore une temp\u00eate dans le b\u00e9nitier de la cathosph\u00e8re : les instituteurs de Langon ont os\u00e9 interrompre la projection d\u2019un film destin\u00e9 \u00e0 leurs \u00e9l\u00e8ves, lorsqu\u2019ils se sont aper\u00e7us que cette r\u00e9alisation racontait la naissance d\u2019un certain\u00a0<strong>J\u00e9sus<\/strong>\u00a0\u00e0 travers les Evangiles. Voil\u00e0 pourquoi ils sont l\u2019objet d\u2019un acharnement m\u00e9diatique insens\u00e9. Bien entendu, nous les soutenons dans leur d\u00e9marche parfaitement la\u00efque. Le film, intitul\u00e9\u00a0<em><strong>\u00ab\u00a0 l\u2019\u00e9toile de No\u00ebl\u00a0 \u00bb<\/strong><\/em>, anim\u00e9 par un grand studio am\u00e9ricain \u00e9tait pr\u00e9sent\u00e9 par le synopsis comme une histoire d\u2019animaux, et notamment d\u2019un petit \u00e2ne. Au lieu de vitup\u00e9rer contre des instituteurs fid\u00e8les \u00e0 la la\u00efcit\u00e9, les m\u00e9contents devraient attaquer le r\u00e9alisateur pour blasph\u00e8me. L\u2019Evangile, une histoire d\u2019\u00e2ne ? Allons donc !<\/p>\n<p><!--more--><\/p>\n<p>Il reste que la la\u00efcit\u00e9 revient au c\u0153ur des pr\u00e9occupations de l\u2019Ecole publique. Les libres penseurs ne peuvent que s\u2019en r\u00e9jouir. Autre sujet de satisfaction\u00a0 : dans ce num\u00e9ro, nous faisons une place particuli\u00e8re au v\u0153u pr\u00e9sent\u00e9 par des Elus de Villeurbanne. Il n\u2019a pas \u00e9t\u00e9 adopt\u00e9, mais a \u00e9t\u00e9 pr\u00e9sent\u00e9 par un groupe courageux de l\u2019opposition, et c\u2019est une premi\u00e8re, car il met en cause\u00a0<strong>la loi Debr\u00e9<\/strong>\u00a0dans des termes d\u2019une parfaite justesse. Je me permets de le citer :\u00a0<em>\u00ab<strong>\u00a0La loi Debr\u00e9<\/strong>, vot\u00e9e le 31 d\u00e9cembre 1959, a donn\u00e9 \u00e0 l\u2019enseignement priv\u00e9 confessionnel le statut de\u00a0<\/em>\u00ab\u00a0service public d\u2019enseignement\u00a0\u00bb<em>. Par ce dispositif, au m\u00e9pris des principes r\u00e9publicains, l\u2019\u00c9tat finance le principal concurrent de l\u2019Enseignement public. C\u2019est une concurrence\u00a0<\/em>\u00ab\u00a0d\u00e9loyale et fauss\u00e9e\u00a0\u00bb<em>\u00a0par les pouvoirs publics eux-m\u00eames. \u00bb<\/em><\/p>\n<p>Le v\u0153u se termine par le rappel et la citation du\u00a0<strong>serment de Vincennes<\/strong>. Je cite encore son alin\u00e9a de conclusion :\u00a0<em>\u00ab Les promesses n\u2019engagent que ceux y croient. Nous y croyons. C\u2019est pourquoi, nous proposons que le Conseil municipal de Villeurbanne r\u00e9affirme son attachement au serment de Vincennes. A l\u2019\u00e9cole priv\u00e9e, fonds priv\u00e9s, A l\u2019\u00c9cole publique, fonds publics. Et ainsi, que la ville de Villeurbanne se positionne en faveur de l\u2019abrogation des<strong>\u00a0lois Carle<\/strong>\u00a0et\u00a0<strong>Debr\u00e9<\/strong>. \u00bb<\/em><\/p>\n<p>Cette initiative du groupe\u00a0<strong>Radical G\u00e9n\u00e9ration Ecologie et Citoyens<\/strong>\u00a0(RGEC) du Conseil Municipal de Villeurbanne (Rh\u00f4ne) m\u00e9ritait d\u2019\u00eatre comment\u00e9e. Nous avons pu interviewer le Pr\u00e9sident de ce groupe,\u00a0<strong>Jonathan Boquet<\/strong>, (page 23) qui nous explique les conditions dans lesquelles il a \u00e9t\u00e9 pr\u00e9sent\u00e9\u00a0 :\u00a0<em>\u00ab\u00a0 Le contexte \u00e9tait particulier : non content du million d\u2019euros que nous leur versions chaque ann\u00e9e, certaines \u00e9coles priv\u00e9es avaient port\u00e9 plainte contre la ville estimant que le forfait \u00e9tait insuffisant. Elles r\u00e9clamaient plusieurs millions d\u2019euros suppl\u00e9mentaires. \u00bb<\/em><\/p>\n<p>Et il rappelle une chose essentielle\u00a0 : chaque ann\u00e9e les conseillers municipaux votent les subventions aux \u00e9coles priv\u00e9es sous contrat pour ne pas \u00eatre\u00a0<em>\u00ab hors la loi \u00bb<\/em>, ce qui met un terme \u00e0 tout d\u00e9bat. Or, les Conseils municipaux peuvent refuser de les voter et laisser au pr\u00e9fet le soin d\u2019en fixer le montant. De telles d\u00e9cisions laisseraient l\u2019\u00c9tat assumer lui-m\u00eame les effets de cette loi antila\u00efque. Non,\u00a0<strong>la loi Debr\u00e9<\/strong>\u00a0n\u2019est pas un fait acquis\u00a0 ! Le combat pour son abrogation reste une n\u00e9cessit\u00e9.\u00a0<strong>La Libre Pens\u00e9e<\/strong>\u00a0n\u2019y a jamais renonc\u00e9, elle a march\u00e9 presque seule pendant des d\u00e9cennies, il est r\u00e9confortant de voir que la question revient \u00e0 l\u2019ordre du jour.<\/p>\n<p>L\u2019<strong>Appel des la\u00efques<\/strong>\u00a0de D\u00e9cembre 2016 n\u2019y est pas pour rien, et une page est en train de se tourner dans l\u2019histoire du mouvement la\u00efque en France. Telle est la raison de la lettre que nous adressons aux associations la\u00efques, en soulevant le probl\u00e8me des tentatives de division par des associations qui privil\u00e9gient la pol\u00e9mique st\u00e9rile au mouvement d\u2019unit\u00e9 qui prend force. La la\u00efcit\u00e9 retrouve sa place exacte dans les consciences\u00a0 : principe l\u00e9gislatif de libert\u00e9 avant tout, et non de contrainte sur les citoyens, que ce soit dans leurs v\u00eatements ou dans la manifestation de leurs opinions. Ce n\u2019est pas la conception profonde de l\u2019ancien Premier ministre\u00a0<strong>Manuel Valls<\/strong>, animateur de r\u00e9seaux pour lesquels la la\u00efcit\u00e9 n\u2019est tourn\u00e9e que contre les musulmans.<\/p>\n<p>Pour finir, j\u2019incite nos lecteurs \u00e0 consulter le passionnant dossier de\u00a0<strong>Nicole Aurigny<\/strong>\u00a0sur le Concile d\u2019Arles o\u00f9 l\u2019empereur\u00a0<strong>Constantin<\/strong>\u00a0a invent\u00e9 l\u2019alliance durable du sabre et du goupillon. La sainte \u00c9glise n\u2019est pas que catholique et apostolique, elle est aussi romaine, porteuse du glaive et b\u00e9nisseuse des l\u00e9gions. Je vous souhaite bonne lecture.<\/p>\n<p><strong>Jean-S\u00e9bastien Pierre,<br \/>\nPr\u00e9sident de la F\u00e9d\u00e9ration Nationale de la Libre Pens\u00e9e<\/strong><\/p>\n<p>&nbsp;<\/p>\n<p style=\"text-align:justify;\"><a href=\"http:\/\/www.fnlp.fr\/news\/267\/17\/La-Raison-n-613-chez-nos-abonnes\/d,lp_detail.html\" target=\"_blank\" rel=\"noopener noreferrer\"><img loading=\"lazy\" decoding=\"async\" class=\"alignleft wp-image-2105 size-thumbnail\" src=\"https:\/\/www.lpdordogne.fr\/wp-content\/uploads\/2018\/02\/sommaire629.jpg?w=150\" alt=\"\" width=\"150\" height=\"98\" srcset=\"https:\/\/www.lpdordogne.fr\/wp-content\/uploads\/2018\/02\/sommaire629.jpg 550w, https:\/\/www.lpdordogne.fr\/wp-content\/uploads\/2018\/02\/sommaire629-300x196.jpg 300w\" sizes=\"auto, (max-width: 150px) 85vw, 150px\" \/><\/a><\/p>\n<p style=\"text-align:justify;\">pour vous procurer ce N\u00b0 de <em>La Raison<\/em>, contactez le groupe Fred Zeller : <a href=\"mailto:contact@lpdordogne.fr\">contact@lpdordogne.fr<\/a><\/p>\n","protected":false},"excerpt":{"rendered":"<p>L\u2019Editorial du pr\u00e9sident La\u00efcit\u00e9 toujours ! &nbsp; Encore une temp\u00eate dans le b\u00e9nitier de la cathosph\u00e8re : les instituteurs de Langon ont os\u00e9 interrompre la projection d\u2019un film destin\u00e9 \u00e0 leurs \u00e9l\u00e8ves, lorsqu\u2019ils se sont aper\u00e7us que cette r\u00e9alisation racontait la naissance d\u2019un certain\u00a0J\u00e9sus\u00a0\u00e0 travers les Evangiles. Voil\u00e0 pourquoi ils sont l\u2019objet d\u2019un acharnement m\u00e9diatique &hellip; <a href=\"https:\/\/www.lpdordogne.fr\/?p=2102\" class=\"more-link\">Continuer la lecture<span class=\"screen-reader-text\"> de &laquo;&nbsp;Parution de \u00ab\u00a0La Raison\u00a0\u00bb N\u00b0 629&nbsp;&raquo;<\/span><\/a><\/p>\n","protected":false},"author":2,"featured_media":2103,"comment_status":"closed","ping_status":"open","sticky":false,"template":"","format":"standard","meta":{"footnotes":""},"categories":[25],"tags":[],"class_list":["post-2102","post","type-post","status-publish","format-standard","has-post-thumbnail","hentry","category-la-raison"],"_links":{"self":[{"href":"https:\/\/www.lpdordogne.fr\/index.php?rest_route=\/wp\/v2\/posts\/2102","targetHints":{"allow":["GET"]}}],"collection":[{"href":"https:\/\/www.lpdordogne.fr\/index.php?rest_route=\/wp\/v2\/posts"}],"about":[{"href":"https:\/\/www.lpdordogne.fr\/index.php?rest_route=\/wp\/v2\/types\/post"}],"author":[{"embeddable":true,"href":"https:\/\/www.lpdordogne.fr\/index.php?rest_route=\/wp\/v2\/users\/2"}],"replies":[{"embeddable":true,"href":"https:\/\/www.lpdordogne.fr\/index.php?rest_route=%2Fwp%2Fv2%2Fcomments&post=2102"}],"version-history":[{"count":0,"href":"https:\/\/www.lpdordogne.fr\/index.php?rest_route=\/wp\/v2\/posts\/2102\/revisions"}],"wp:featuredmedia":[{"embeddable":true,"href":"https:\/\/www.lpdordogne.fr\/index.php?rest_route=\/wp\/v2\/media\/2103"}],"wp:attachment":[{"href":"https:\/\/www.lpdordogne.fr\/index.php?rest_route=%2Fwp%2Fv2%2Fmedia&parent=2102"}],"wp:term":[{"taxonomy":"category","embeddable":true,"href":"https:\/\/www.lpdordogne.fr\/index.php?rest_route=%2Fwp%2Fv2%2Fcategories&post=2102"},{"taxonomy":"post_tag","embeddable":true,"href":"https:\/\/www.lpdordogne.fr\/index.php?rest_route=%2Fwp%2Fv2%2Ftags&post=2102"}],"curies":[{"name":"wp","href":"https:\/\/api.w.org\/{rel}","templated":true}]}}