{"id":2059,"date":"2018-01-21T23:16:46","date_gmt":"2018-01-21T22:16:46","guid":{"rendered":"https:\/\/lpdordogne.wordpress.com\/?p=2059"},"modified":"2018-01-21T23:16:46","modified_gmt":"2018-01-21T22:16:46","slug":"100eme-numero-de-front-laique","status":"publish","type":"post","link":"https:\/\/www.lpdordogne.fr\/?p=2059","title":{"rendered":"100\u00e8me num\u00e9ro de Front La\u00efque !!!"},"content":{"rendered":"<h3><\/h3>\n<h2 style=\"text-align:center;\">Front La\u00efque N\u00b0100<\/h2>\n<h2 style=\"text-align:center;\">N\u00b0 sp\u00e9cial de Front La\u00efque<\/h2>\n<p>&nbsp;<\/p>\n<p style=\"text-align:center;\"><img loading=\"lazy\" decoding=\"async\" class=\"aligncenter wp-image-2058 size-large\" src=\"https:\/\/www.lpdordogne.fr\/wp-content\/uploads\/2018\/01\/fl100-couv.png?w=474\" alt=\"\" width=\"474\" height=\"684\" srcset=\"https:\/\/www.lpdordogne.fr\/wp-content\/uploads\/2018\/01\/fl100-couv.png 613w, https:\/\/www.lpdordogne.fr\/wp-content\/uploads\/2018\/01\/fl100-couv-208x300.png 208w\" sizes=\"auto, (max-width: 474px) 85vw, 474px\" \/><\/p>\n<p>&nbsp;<\/p>\n<p><span style=\"text-decoration:underline;\">Au sommaire de ce N\u00b0100:<\/span><\/p>\n<ul>\n<li>\n<p class=\"contenu-du-cadre\" style=\"margin-bottom:.0001pt;\"><span style=\"color:black;\"><strong>E<\/strong><strong>ditorial\u00a0<\/strong>: J.J. Bri\u00e9re de l&rsquo;Isle \u2026&#8230;&#8230;&#8230;&#8230;&#8230;&#8230;&#8230;&#8230;&#8230;. 1<\/span><\/p>\n<\/li>\n<li><b>Les Libres Penseurs de l&rsquo;Islam\u00a0<\/b>\u00a0&#8230;&#8230;&#8230;&#8230;&#8230;&#8230;&#8230;.\u00a0 \u00a0 \u00a02<\/li>\n<li><strong>Jacques Pr\u00e9vert <\/strong>(Roland Debord)&#8230;&#8230;&#8230;&#8230;&#8230;&#8230;&#8230;6<\/li>\n<li><strong>R\u00e9publique Dominicaine et migrants ha\u00eftiens<\/strong><br \/>\n(D.A.) &#8230;&#8230;&#8230;&#8230;&#8230;&#8230;&#8230;&#8230;&#8230;&#8230;&#8230;&#8230;&#8230;&#8230;&#8230;&#8230;&#8230;&#8230;&#8230;&#8230;&#8230;&#8230;&#8230;&#8230;&#8230;..7<\/li>\n<li>Bznde dessin\u00e9e &#8230;&#8230;&#8230;&#8230;&#8230;&#8230;&#8230;&#8230;&#8230;&#8230;&#8230;&#8230;&#8230;&#8230;&#8230;&#8230;&#8230;&#8230;.10<\/li>\n<li><strong>Quelques v\u00e9rit\u00e9s sur Kadhafi, la Lybie,<br \/>\nl&rsquo;OTAN, DAESH (D.<\/strong>\u00a0A.) &#8230;&#8230;&#8230;&#8230;&#8230;&#8230;&#8230;&#8230;&#8230;&#8230;&#8230;&#8230;&#8230;..13<\/li>\n<li><strong>Entretien avec Philippe Charry,<br \/>\nfondateur de Front La\u00efque<\/strong>&#8230;&#8230;&#8230;&#8230;&#8230;&#8230;&#8230;&#8230;&#8230;&#8230;&#8230;15<\/li>\n<li>\n<p class=\"contenu-du-cadre\" style=\"margin-bottom:.0001pt;\"><strong>Le mot d&rsquo;Andr\u00e9 Bellon<\/strong> .. \u2026&#8230;&#8230;&#8230;&#8230;&#8230;&#8230;&#8230;&#8230;&#8230;&#8230;&#8230;.17<\/p>\n<\/li>\n<li>Le calendrier r\u00e9publicain<br \/>\n(<span style=\"color:black;\">J.J. Bri\u00e9re de l&rsquo;Isle) &#8230;&#8230;&#8230;&#8230;&#8230;&#8230;&#8230;&#8230;&#8230;&#8230;&#8230;&#8230;&#8230;&#8230;&#8230;&#8230;.18<\/span><\/li>\n<li><strong>Conf\u00e9rence de Philippe Besson \u00e0 P\u00e9rigueux\u00a0\u00bb<\/strong><br \/>\n<span style=\"color:black;\">(J.J. Bri\u00e9re de l&rsquo;Isle)<\/span> &#8230;&#8230;&#8230;&#8230;&#8230;&#8230;&#8230;&#8230;&#8230;&#8230;&#8230;&#8230;&#8230;&#8230;&#8230;&#8230;.18<\/li>\n<li>\n<p class=\"contenu-du-cadre\" style=\"margin-bottom:.0001pt;\"><strong>Quelques textes recueillis par Roland Debord&#8230;&#8230;&#8230;&#8230;<\/strong>&#8230;&#8230;&#8230;&#8230;&#8230;&#8230;&#8230;&#8230;&#8230;&#8230;&#8230;&#8230;&#8230;&#8230;&#8230;&#8230;&#8230;&#8230;&#8230;.18<\/p>\n<\/li>\n<li><strong>R\u00e9habilitation des fusill\u00e9s pour l&rsquo;exemple<\/strong><br \/>\n<span style=\"color:black;\">(J.J. Bri\u00e9re de l&rsquo;Isle)&#8230;&#8230;&#8230;&#8230;&#8230;&#8230;&#8230;&#8230;&#8230;&#8230;&#8230;&#8230;&#8230;&#8230;&#8230;&#8230;.19<\/span><\/li>\n<\/ul>\n<p><!--more--><\/p>\n<p><strong>Abonnez-vous \u00e0 Front La\u00efque :<\/strong><\/p>\n<p style=\"padding-left:30px;\"><strong>&#8211; 1 an 4 num\u00e9ros) : 8\u20ac<\/strong><br \/>\n<strong> &#8211; 2 ans (8 num\u00e9ros)16 \u20ac<\/strong><\/p>\n<p><strong>bulletin d&rsquo;abonnement ==&gt; <a title=\"abonnement \u00e0 FRONT LAIQUE\" href=\"http:\/\/lpdordogne.wordpress.com\/publications\/front-laique\/abonnement\/\">cliquez ici<\/a><\/strong><\/p>\n","protected":false},"excerpt":{"rendered":"<p>Front La\u00efque N\u00b0100 N\u00b0 sp\u00e9cial de Front La\u00efque &nbsp; &nbsp; Au sommaire de ce N\u00b0100: Editorial\u00a0: J.J. Bri\u00e9re de l&rsquo;Isle \u2026&#8230;&#8230;&#8230;&#8230;&#8230;&#8230;&#8230;&#8230;&#8230;. 1 Les Libres Penseurs de l&rsquo;Islam\u00a0\u00a0&#8230;&#8230;&#8230;&#8230;&#8230;&#8230;&#8230;.\u00a0 \u00a0 \u00a02 Jacques Pr\u00e9vert (Roland Debord)&#8230;&#8230;&#8230;&#8230;&#8230;&#8230;&#8230;6 R\u00e9publique Dominicaine et migrants ha\u00eftiens (D.A.) &#8230;&#8230;&#8230;&#8230;&#8230;&#8230;&#8230;&#8230;&#8230;&#8230;&#8230;&#8230;&#8230;&#8230;&#8230;&#8230;&#8230;&#8230;&#8230;&#8230;&#8230;&#8230;&#8230;&#8230;&#8230;..7 Bznde dessin\u00e9e &#8230;&#8230;&#8230;&#8230;&#8230;&#8230;&#8230;&#8230;&#8230;&#8230;&#8230;&#8230;&#8230;&#8230;&#8230;&#8230;&#8230;&#8230;.10 Quelques v\u00e9rit\u00e9s sur Kadhafi, la Lybie, l&rsquo;OTAN, DAESH (D.\u00a0A.) &#8230;&#8230;&#8230;&#8230;&#8230;&#8230;&#8230;&#8230;&#8230;&#8230;&#8230;&#8230;&#8230;..13 Entretien avec &hellip; <a href=\"https:\/\/www.lpdordogne.fr\/?p=2059\" class=\"more-link\">Continuer la lecture<span class=\"screen-reader-text\"> de &laquo;&nbsp;100\u00e8me num\u00e9ro de Front La\u00efque !!!&nbsp;&raquo;<\/span><\/a><\/p>\n","protected":false},"author":2,"featured_media":2062,"comment_status":"closed","ping_status":"open","sticky":false,"template":"","format":"standard","meta":{"footnotes":""},"categories":[22],"tags":[],"class_list":["post-2059","post","type-post","status-publish","format-standard","has-post-thumbnail","hentry","category-front-laique"],"_links":{"self":[{"href":"https:\/\/www.lpdordogne.fr\/index.php?rest_route=\/wp\/v2\/posts\/2059","targetHints":{"allow":["GET"]}}],"collection":[{"href":"https:\/\/www.lpdordogne.fr\/index.php?rest_route=\/wp\/v2\/posts"}],"about":[{"href":"https:\/\/www.lpdordogne.fr\/index.php?rest_route=\/wp\/v2\/types\/post"}],"author":[{"embeddable":true,"href":"https:\/\/www.lpdordogne.fr\/index.php?rest_route=\/wp\/v2\/users\/2"}],"replies":[{"embeddable":true,"href":"https:\/\/www.lpdordogne.fr\/index.php?rest_route=%2Fwp%2Fv2%2Fcomments&post=2059"}],"version-history":[{"count":0,"href":"https:\/\/www.lpdordogne.fr\/index.php?rest_route=\/wp\/v2\/posts\/2059\/revisions"}],"wp:featuredmedia":[{"embeddable":true,"href":"https:\/\/www.lpdordogne.fr\/index.php?rest_route=\/wp\/v2\/media\/2062"}],"wp:attachment":[{"href":"https:\/\/www.lpdordogne.fr\/index.php?rest_route=%2Fwp%2Fv2%2Fmedia&parent=2059"}],"wp:term":[{"taxonomy":"category","embeddable":true,"href":"https:\/\/www.lpdordogne.fr\/index.php?rest_route=%2Fwp%2Fv2%2Fcategories&post=2059"},{"taxonomy":"post_tag","embeddable":true,"href":"https:\/\/www.lpdordogne.fr\/index.php?rest_route=%2Fwp%2Fv2%2Ftags&post=2059"}],"curies":[{"name":"wp","href":"https:\/\/api.w.org\/{rel}","templated":true}]}}