{"id":2052,"date":"2018-01-21T18:09:07","date_gmt":"2018-01-21T17:09:07","guid":{"rendered":"https:\/\/lpdordogne.wordpress.com\/?p=2052"},"modified":"2018-01-21T18:09:07","modified_gmt":"2018-01-21T17:09:07","slug":"etienne-de-la-boetie-emission-rlp-8-janvier-2018","status":"publish","type":"post","link":"https:\/\/www.lpdordogne.fr\/?p=2052","title":{"rendered":"Etienne de La Bo\u00e9tie (\u00e9mission RLP &#8211; 8 janvier 2018)"},"content":{"rendered":"<h2 style=\"text-align:center;\"><em>Les chroniques du groupe Fred Zeller sur RLP<\/em><\/h2>\n<h2 class=\"art-postheader\" style=\"text-align:center;\">Etienne de La Bo\u00e9tie<br \/>\n(1530-1563)<\/h2>\n<p>&nbsp;<\/p>\n<p>[mixcloud https:\/\/www.mixcloud.com\/jlbagault\/etienne-de-la-boetie\/ width=100% height=120 hide_cover=1 light=1]<\/p>\n<p><img loading=\"lazy\" decoding=\"async\" class=\"alignleft wp-image-2053 size-medium\" src=\"https:\/\/www.lpdordogne.fr\/wp-content\/uploads\/2018\/01\/statue_dc3a9tienne_de_la_boc3a9tie.jpg?w=199\" alt=\"\" width=\"199\" height=\"300\" srcset=\"https:\/\/www.lpdordogne.fr\/wp-content\/uploads\/2018\/01\/statue_dc3a9tienne_de_la_boc3a9tie.jpg 260w, https:\/\/www.lpdordogne.fr\/wp-content\/uploads\/2018\/01\/statue_dc3a9tienne_de_la_boc3a9tie-199x300.jpg 199w\" sizes=\"auto, (max-width: 199px) 85vw, 199px\" \/>N\u00e9 \u00e0 Sarlat, Etienne de La Bo\u00e9tie est un pr\u00e9curseur des Lumi\u00e8res.<\/p>\n<p>Dans \u00ab\u00a0le Discours de la Servitude volontaire\u00a0\u00bb, il \u00e9crit :<br \/>\n\u00ab\u00a0<em>\u00e0 parler \u00e0 bon escient, c&rsquo;est un extr\u00eame malheur d&rsquo;\u00eatre le sujet d&rsquo;un ma\u00eetre. car d&rsquo;o\u00f9 le tyran tient-il son pouvoir ? Qui le lui adonn\u00e9 ? sinon le peuple asservi &#8230;<\/em>\u00a0\u00bb<\/p>\n<p>Apr\u00e8s sa mort \u00e0 33 ans, c&rsquo;est son ami Michel de Montaigne qui classe ses travaux.<\/p>\n<p>&nbsp;<\/p>\n<p style=\"text-align:justify;\">Pour \u00e9changer sur ce sujet, <a title=\"Contacter le Groupe Fred Zeller\" href=\"https:\/\/lpdordogne.wordpress.com\/contacter-le-groupe-fred-zeller\/\" target=\"_blank\" rel=\"noopener noreferrer\">contactez le Groupe Fred Zeller<\/a><\/p>\n<p style=\"text-align:center;\">courriel : <a href=\"mailto:contact@lpdordogne.fr\">contact@lpdordogne.fr<\/a><\/p>\n<p>&nbsp;<\/p>\n","protected":false},"excerpt":{"rendered":"<p>Les chroniques du groupe Fred Zeller sur RLP Etienne de La Bo\u00e9tie (1530-1563) &nbsp; [mixcloud https:\/\/www.mixcloud.com\/jlbagault\/etienne-de-la-boetie\/ width=100% height=120 hide_cover=1 light=1] N\u00e9 \u00e0 Sarlat, Etienne de La Bo\u00e9tie est un pr\u00e9curseur des Lumi\u00e8res. Dans \u00ab\u00a0le Discours de la Servitude volontaire\u00a0\u00bb, il \u00e9crit : \u00ab\u00a0\u00e0 parler \u00e0 bon escient, c&rsquo;est un extr\u00eame malheur d&rsquo;\u00eatre le sujet d&rsquo;un &hellip; <a href=\"https:\/\/www.lpdordogne.fr\/?p=2052\" class=\"more-link\">Continuer la lecture<span class=\"screen-reader-text\"> de &laquo;&nbsp;Etienne de La Bo\u00e9tie (\u00e9mission RLP &#8211; 8 janvier 2018)&nbsp;&raquo;<\/span><\/a><\/p>\n","protected":false},"author":2,"featured_media":2053,"comment_status":"closed","ping_status":"open","sticky":false,"template":"","format":"standard","meta":{"footnotes":""},"categories":[20],"tags":[],"class_list":["post-2052","post","type-post","status-publish","format-standard","has-post-thumbnail","hentry","category-rlp"],"_links":{"self":[{"href":"https:\/\/www.lpdordogne.fr\/index.php?rest_route=\/wp\/v2\/posts\/2052","targetHints":{"allow":["GET"]}}],"collection":[{"href":"https:\/\/www.lpdordogne.fr\/index.php?rest_route=\/wp\/v2\/posts"}],"about":[{"href":"https:\/\/www.lpdordogne.fr\/index.php?rest_route=\/wp\/v2\/types\/post"}],"author":[{"embeddable":true,"href":"https:\/\/www.lpdordogne.fr\/index.php?rest_route=\/wp\/v2\/users\/2"}],"replies":[{"embeddable":true,"href":"https:\/\/www.lpdordogne.fr\/index.php?rest_route=%2Fwp%2Fv2%2Fcomments&post=2052"}],"version-history":[{"count":0,"href":"https:\/\/www.lpdordogne.fr\/index.php?rest_route=\/wp\/v2\/posts\/2052\/revisions"}],"wp:featuredmedia":[{"embeddable":true,"href":"https:\/\/www.lpdordogne.fr\/index.php?rest_route=\/wp\/v2\/media\/2053"}],"wp:attachment":[{"href":"https:\/\/www.lpdordogne.fr\/index.php?rest_route=%2Fwp%2Fv2%2Fmedia&parent=2052"}],"wp:term":[{"taxonomy":"category","embeddable":true,"href":"https:\/\/www.lpdordogne.fr\/index.php?rest_route=%2Fwp%2Fv2%2Fcategories&post=2052"},{"taxonomy":"post_tag","embeddable":true,"href":"https:\/\/www.lpdordogne.fr\/index.php?rest_route=%2Fwp%2Fv2%2Ftags&post=2052"}],"curies":[{"name":"wp","href":"https:\/\/api.w.org\/{rel}","templated":true}]}}