{"id":2046,"date":"2018-01-21T17:39:12","date_gmt":"2018-01-21T16:39:12","guid":{"rendered":"https:\/\/lpdordogne.wordpress.com\/?p=2046"},"modified":"2018-01-21T17:39:12","modified_gmt":"2018-01-21T16:39:12","slug":"le-calendrier-republicain-emission-rlp-1er-janvier-2018","status":"publish","type":"post","link":"https:\/\/www.lpdordogne.fr\/?p=2046","title":{"rendered":"Le calendrier r\u00e9publicain (\u00e9mission RLP &#8211; 1er janvier 2018)"},"content":{"rendered":"<h2 style=\"text-align:center;\"><em>Les chroniques du groupe Fred Zeller sur RLP<\/em><\/h2>\n<h2 class=\"art-postheader\" style=\"text-align:center;\">Le calendrier r\u00e9publicain<\/h2>\n<p style=\"text-align:center;\">(4\u00e8me partie)<\/p>\n<p>&nbsp;<\/p>\n<p>[[mixcloud https:\/\/www.mixcloud.com\/jlbagault\/le-calendrier-republicain-partie-4\/ width=100% height=120 hide_cover=1 light=1]]<\/p>\n<p><img loading=\"lazy\" decoding=\"async\" class=\"alignleft size-thumbnail wp-image-1998\" src=\"https:\/\/www.lpdordogne.fr\/wp-content\/uploads\/2017\/12\/b_1_q_0_p_0.jpg?w=126\" alt=\"\" width=\"126\" height=\"150\" srcset=\"https:\/\/www.lpdordogne.fr\/wp-content\/uploads\/2017\/12\/b_1_q_0_p_0.jpg 827w, https:\/\/www.lpdordogne.fr\/wp-content\/uploads\/2017\/12\/b_1_q_0_p_0-251x300.jpg 251w, https:\/\/www.lpdordogne.fr\/wp-content\/uploads\/2017\/12\/b_1_q_0_p_0-768x917.jpg 768w\" sizes=\"auto, (max-width: 126px) 85vw, 126px\" \/>Pourquoi les r\u00e9volutionnaires se sont-ils lanc\u00e9s dans l&rsquo;\u00e9laboration d&rsquo;un nouveau calendrier ?<\/p>\n<p>les principes qui ont guid\u00e9 la construction du calendrier r\u00e9publicain ; sa m\u00e9thodologie.<\/p>\n<p>&nbsp;<\/p>\n<p style=\"text-align:justify;\">Pour \u00e9changer sur ce sujet, <a title=\"Contacter le Groupe Fred Zeller\" href=\"https:\/\/lpdordogne.wordpress.com\/contacter-le-groupe-fred-zeller\/\" target=\"_blank\" rel=\"noopener noreferrer\">contactez le Groupe Fred Zeller<\/a><\/p>\n<p style=\"text-align:center;\">courriel : <a href=\"mailto:contact@lpdordogne.fr\">contact@lpdordogne.fr<\/a><\/p>\n<p>&nbsp;<\/p>\n","protected":false},"excerpt":{"rendered":"<p>Les chroniques du groupe Fred Zeller sur RLP Le calendrier r\u00e9publicain (4\u00e8me partie) &nbsp; [[mixcloud https:\/\/www.mixcloud.com\/jlbagault\/le-calendrier-republicain-partie-4\/ width=100% height=120 hide_cover=1 light=1]] Pourquoi les r\u00e9volutionnaires se sont-ils lanc\u00e9s dans l&rsquo;\u00e9laboration d&rsquo;un nouveau calendrier ? les principes qui ont guid\u00e9 la construction du calendrier r\u00e9publicain ; sa m\u00e9thodologie. &nbsp; Pour \u00e9changer sur ce sujet, contactez le Groupe Fred &hellip; <a href=\"https:\/\/www.lpdordogne.fr\/?p=2046\" class=\"more-link\">Continuer la lecture<span class=\"screen-reader-text\"> de &laquo;&nbsp;Le calendrier r\u00e9publicain (\u00e9mission RLP &#8211; 1er janvier 2018)&nbsp;&raquo;<\/span><\/a><\/p>\n","protected":false},"author":2,"featured_media":1998,"comment_status":"closed","ping_status":"open","sticky":false,"template":"","format":"standard","meta":{"footnotes":""},"categories":[20],"tags":[],"class_list":["post-2046","post","type-post","status-publish","format-standard","has-post-thumbnail","hentry","category-rlp"],"_links":{"self":[{"href":"https:\/\/www.lpdordogne.fr\/index.php?rest_route=\/wp\/v2\/posts\/2046","targetHints":{"allow":["GET"]}}],"collection":[{"href":"https:\/\/www.lpdordogne.fr\/index.php?rest_route=\/wp\/v2\/posts"}],"about":[{"href":"https:\/\/www.lpdordogne.fr\/index.php?rest_route=\/wp\/v2\/types\/post"}],"author":[{"embeddable":true,"href":"https:\/\/www.lpdordogne.fr\/index.php?rest_route=\/wp\/v2\/users\/2"}],"replies":[{"embeddable":true,"href":"https:\/\/www.lpdordogne.fr\/index.php?rest_route=%2Fwp%2Fv2%2Fcomments&post=2046"}],"version-history":[{"count":0,"href":"https:\/\/www.lpdordogne.fr\/index.php?rest_route=\/wp\/v2\/posts\/2046\/revisions"}],"wp:featuredmedia":[{"embeddable":true,"href":"https:\/\/www.lpdordogne.fr\/index.php?rest_route=\/wp\/v2\/media\/1998"}],"wp:attachment":[{"href":"https:\/\/www.lpdordogne.fr\/index.php?rest_route=%2Fwp%2Fv2%2Fmedia&parent=2046"}],"wp:term":[{"taxonomy":"category","embeddable":true,"href":"https:\/\/www.lpdordogne.fr\/index.php?rest_route=%2Fwp%2Fv2%2Fcategories&post=2046"},{"taxonomy":"post_tag","embeddable":true,"href":"https:\/\/www.lpdordogne.fr\/index.php?rest_route=%2Fwp%2Fv2%2Ftags&post=2046"}],"curies":[{"name":"wp","href":"https:\/\/api.w.org\/{rel}","templated":true}]}}