{"id":2040,"date":"2018-01-21T12:36:02","date_gmt":"2018-01-21T11:36:02","guid":{"rendered":"https:\/\/lpdordogne.wordpress.com\/?p=2040"},"modified":"2018-01-21T12:36:02","modified_gmt":"2018-01-21T11:36:02","slug":"parution-de-la-raison-n-627","status":"publish","type":"post","link":"https:\/\/www.lpdordogne.fr\/?p=2040","title":{"rendered":"Parution de \u00ab\u00a0La Raison\u00a0\u00bb N\u00b0 627"},"content":{"rendered":"<h3><a href=\"http:\/\/www.fnlp.fr\/news\/314\/17\/La-Raison-n-615-chez-nos-abonnes\/d,lp_detail.html\" target=\"_blank\" rel=\"noopener noreferrer\"><img loading=\"lazy\" decoding=\"async\" class=\"alignleft wp-image-2039 size-thumbnail\" src=\"https:\/\/www.lpdordogne.fr\/wp-content\/uploads\/2018\/01\/couv627.jpg?w=106\" alt=\"\" width=\"106\" height=\"150\" srcset=\"https:\/\/www.lpdordogne.fr\/wp-content\/uploads\/2018\/01\/couv627.jpg 550w, https:\/\/www.lpdordogne.fr\/wp-content\/uploads\/2018\/01\/couv627-212x300.jpg 212w\" sizes=\"auto, (max-width: 106px) 85vw, 106px\" \/><\/a><\/h3>\n<h2>L\u2019Editorial du pr\u00e9sident<\/h2>\n<h1>Dura lex, sed lex<\/h1>\n<h1><img loading=\"lazy\" decoding=\"async\" class=\"alignleft size-thumbnail wp-image-1731\" src=\"https:\/\/www.lpdordogne.fr\/wp-content\/uploads\/2016\/11\/ob_0ef09e_jean-sebastien-pierre-libre-pensee-im.jpg?w=133\" alt=\"ob_0ef09e_jean-sebastien-pierre-libre-pensee-im\" width=\"133\" height=\"150\" srcset=\"https:\/\/www.lpdordogne.fr\/wp-content\/uploads\/2016\/11\/ob_0ef09e_jean-sebastien-pierre-libre-pensee-im.jpg 511w, https:\/\/www.lpdordogne.fr\/wp-content\/uploads\/2016\/11\/ob_0ef09e_jean-sebastien-pierre-libre-pensee-im-266x300.jpg 266w\" sizes=\"auto, (max-width: 133px) 85vw, 133px\" \/><\/h1>\n<p>Vous ne m&rsquo;en voudrez pas, j\u2019esp\u00e8re, si je commence cet \u00e9ditorial en me r\u00e9f\u00e9rant \u00e0 la derni\u00e8re page du journal : Le Conseil d\u2019\u00c9tat, \u00e0 Plo\u00ebrmel, a donn\u00e9 raison \u00e0 la Libre Pens\u00e9e en commandant que la croix monumentale (2,25 m) surplombant la statue du pape Jean-Paul II sur une place publique de Plo\u00ebrmel soit enlev\u00e9e. Cela met juridiquement un terme \u00e0 dix ann\u00e9es de provocation cl\u00e9ricale. Ce jugement met la commune de Plo\u00ebrmel devant l\u2019alternative suivante : retirer au moins la croix, sous r\u00e9serve d\u2019acceptation de cette amputation par l\u2019artiste ou ses ayants-droit, ou bien d\u00e9placer le monument litigieux en un lieu priv\u00e9.<\/p>\n<p>Une nouvelle fois, la plus haute juridiction administrative fran\u00e7aise s\u2019est appuy\u00e9e sur l\u2019article 28 de la loi de S\u00e9paration des \u00c9glises et de l\u2019\u00c9tat.<\/p>\n<p><!--more-->Cela nous a d\u00e9j\u00e0 valu un d\u00e9ferlement de haine, allant parfois jusqu\u2019\u00e0 des menaces extr\u00eames : selon un internaute correspondant de la tr\u00e8s sulfureuse \u00ab\u00a0riposte la\u00efque\u00a0\u00bb : \u00ab Ces salopards de libres penseurs sont uniquement anticatholiques !! Une seule solution pour ces tra\u00eetres, le falot et dans la foul\u00e9e le poteau !!!!!! \u00bb. Comme disait Cl\u00e9ante \u00e0 Orgon dans Tartuffe : \u00abLes sentiments chr\u00e9tiens, mon fr\u00e8re, que voil\u00e0 !\u00bb. On vous dit que le christianisme est une religion d\u2019amour !<\/p>\n<p>Et voil\u00e0 le Conseil d\u2019Etat qui aurait \u00e0 se justifier de faire appliquer la loi, certains disant qu\u2019il a sombr\u00e9 dans l\u2019anti-christianisme. Cette respectable juridiction serait-elle \u00e9galement menac\u00e9e du falot, du fagot, du poteau ? Il y a loin de la coupe aux l\u00e8vres. Apr\u00e8s la vierge de Publier, celle de Brusvily, l\u2019arr\u00eat du Conseil d\u2019\u00c9tat sur les cr\u00e8ches &#8211; que la Cour d\u2019appel de Nantes n\u2019a pas voulu comprendre &#8211; apr\u00e8s les jugements de Lyon et de B\u00e9ziers, les jurisprudences favorables \u00e0 l\u2019application de la loi de 1905 s\u2019accumulent et les pr\u00e9tentions d\u2019une certaine droite catholique \u00e0 refaire du catholicime une religion d\u2019\u00c9tat reculent et sont d\u00e9faites.<\/p>\n<p>Car il s\u2019agit bien de cela. Nos adversaires dans ces combats plaident \u00ables racines chr\u00e9tiennes de la France\u00bb, qui donneraient aux symboles chr\u00e9tiens une place naturelle dans l\u2019espace public. La loi de S\u00e9paration refusant dans son article 2 de reconnaitre, de salarier, ni de subventionner aucun culte serait donc une erreur historique. Notre pays devrait consid\u00e9rer ses 1 300 ans d\u2019oppression f\u00e9odale et religieuse comme le dernier mot de son essence, et les 116 ans du concordat bonapartiste suppl\u00e9mentaire comme une autre preuve de la vigueur de ses racines. Sont exclues des racines de la France la r\u00e9sistance des bourgs francs \u00e0 la puissance f\u00e9odale des seigneurs et de l\u2019Eglise, la pouss\u00e9e philosophique des Lumi\u00e8res, l\u2019effort de rupture de la R\u00e9volution fran\u00e7aise, les Trois glorieuses, les journ\u00e9es de juillet 1848, la Commune de Paris, et enfin la S\u00e9paration, obtenue par l\u2019alliance des mouvements ouvriers et d\u00e9mocratiques. Tout \u00e7a n\u2019est pas fran\u00e7ais, Monsieur ! Montjoie et Saint Denis !<\/p>\n<p>Il faut vous faire une raison, Messieurs, depuis 1905, et plus lointainement depuis 1880, le culte catholique, omnipr\u00e9sent jusqu\u2019alors dans tous les moments de la vie de la cit\u00e9, a \u00e9t\u00e9 renvoy\u00e9 dans le domaine priv\u00e9. Il n\u2019a plus force de loi ni de pouvoir, ni sur ses fid\u00e8les &#8211; \u00e0 qui la R\u00e9publique permet de pratiquer, de croire, mais n\u2019oblige \u00e0 rien &#8211; ni surtout sur les autres &#8211; de religions diff\u00e9rentes ou sans religion du tout &#8211; qui ont m\u00eame dignit\u00e9 humaine, m\u00eame droits et devoirs devant la soci\u00e9t\u00e9. Il n\u2019y a plus de religion favoris\u00e9e, il n\u2019y a plus de religion d\u2019Etat.<\/p>\n<p>A Chartres et devant d\u2019autres cath\u00e9drales, on voit \u00e0 de certains moments des p\u00e9nitents, parfois tr\u00e8s jeunes et en uniforme, gravir les degr\u00e9s qui m\u00e8nent au parvis en s\u2019ensanglantant les genoux, comme lors du p\u00e8lerinage des scouts d\u2019Europe. Ind\u00e9pendamment du d\u00e9gout que peuvent ressentir les gens normaux devant ces exhibitions, cela est permis par l\u2019article 1er de la loi de 1905, sous r\u00e9serve de \u00abne pas causer de troubles \u00e0 l\u2019ordre public\u00bb. En maints lieux se d\u00e9roulent des pardons, des processions, des pri\u00e8res et des psalmodies en public. Personne n\u2019y trouve \u00e0 redire et surtout pas ceux que l\u2019annonce d\u2019une pri\u00e8re publique de musulmans \u00e0 Saint-Denis fait s\u2019\u00e9trangler de rage &#8211; au passage \u00e9galement contre la Libre Pens\u00e9e qui n\u2019a fait que rappeler l\u2019\u00e9galit\u00e9 de la loi devant toute manifestation publique de croyants ou de non-croyants.<\/p>\n<p>Ils ne feront pas tourner la roue de l\u2019histoire \u00e0 l\u2019envers. Cette loi, celle de 1905, est essentielle. Ce n\u2019est pas une figure de rh\u00e9torique que de dire qu\u2019elle a assur\u00e9 110 ans de paix religieuse. D\u00e9fendons-la, becs et ongles, c\u2019est une loi de libert\u00e9,c\u2019est la loi de notre libert\u00e9 et de la plus pr\u00e9cieuse d\u2019entre elles : la Libert\u00e9 de conscience.<\/p>\n<p>Jean-S\u00e9bastien Pierre,<br \/>\nPr\u00e9sident de la F\u00e9d\u00e9ration Nationale de la Libre Pens\u00e9e<\/p>\n<p style=\"text-align:justify;\"><a href=\"http:\/\/www.fnlp.fr\/news\/383\/17\/La-Raison-n-621-mai-2017\/d,lp_detail.html\" target=\"_blank\" rel=\"noopener noreferrer\"><em>Lire la suite de la pr\u00e9sentation<\/em><\/a><\/p>\n<p style=\"text-align:justify;\"><a href=\"http:\/\/www.fnlp.fr\/news\/267\/17\/La-Raison-n-613-chez-nos-abonnes\/d,lp_detail.html\" target=\"_blank\" rel=\"noopener noreferrer\"><img loading=\"lazy\" decoding=\"async\" class=\"alignleft wp-image-2041 size-thumbnail\" src=\"https:\/\/www.lpdordogne.fr\/wp-content\/uploads\/2018\/01\/sommaire627.jpg?w=150\" alt=\"\" width=\"150\" height=\"103\" srcset=\"https:\/\/www.lpdordogne.fr\/wp-content\/uploads\/2018\/01\/sommaire627.jpg 550w, https:\/\/www.lpdordogne.fr\/wp-content\/uploads\/2018\/01\/sommaire627-300x205.jpg 300w\" sizes=\"auto, (max-width: 150px) 85vw, 150px\" \/><\/a><\/p>\n<p style=\"text-align:justify;\">pour vous procurer ce N\u00b0 de <em>La Raison<\/em>, contactez le groupe Fred Zeller : <a href=\"mailto:contact@lpdordogne.fr\">contact@lpdordogne.fr<\/a><\/p>\n","protected":false},"excerpt":{"rendered":"<p>L\u2019Editorial du pr\u00e9sident Dura lex, sed lex Vous ne m&rsquo;en voudrez pas, j\u2019esp\u00e8re, si je commence cet \u00e9ditorial en me r\u00e9f\u00e9rant \u00e0 la derni\u00e8re page du journal : Le Conseil d\u2019\u00c9tat, \u00e0 Plo\u00ebrmel, a donn\u00e9 raison \u00e0 la Libre Pens\u00e9e en commandant que la croix monumentale (2,25 m) surplombant la statue du pape Jean-Paul II &hellip; <a href=\"https:\/\/www.lpdordogne.fr\/?p=2040\" class=\"more-link\">Continuer la lecture<span class=\"screen-reader-text\"> de &laquo;&nbsp;Parution de \u00ab\u00a0La Raison\u00a0\u00bb N\u00b0 627&nbsp;&raquo;<\/span><\/a><\/p>\n","protected":false},"author":2,"featured_media":2039,"comment_status":"closed","ping_status":"open","sticky":false,"template":"","format":"standard","meta":{"footnotes":""},"categories":[25],"tags":[],"class_list":["post-2040","post","type-post","status-publish","format-standard","has-post-thumbnail","hentry","category-la-raison"],"_links":{"self":[{"href":"https:\/\/www.lpdordogne.fr\/index.php?rest_route=\/wp\/v2\/posts\/2040","targetHints":{"allow":["GET"]}}],"collection":[{"href":"https:\/\/www.lpdordogne.fr\/index.php?rest_route=\/wp\/v2\/posts"}],"about":[{"href":"https:\/\/www.lpdordogne.fr\/index.php?rest_route=\/wp\/v2\/types\/post"}],"author":[{"embeddable":true,"href":"https:\/\/www.lpdordogne.fr\/index.php?rest_route=\/wp\/v2\/users\/2"}],"replies":[{"embeddable":true,"href":"https:\/\/www.lpdordogne.fr\/index.php?rest_route=%2Fwp%2Fv2%2Fcomments&post=2040"}],"version-history":[{"count":0,"href":"https:\/\/www.lpdordogne.fr\/index.php?rest_route=\/wp\/v2\/posts\/2040\/revisions"}],"wp:featuredmedia":[{"embeddable":true,"href":"https:\/\/www.lpdordogne.fr\/index.php?rest_route=\/wp\/v2\/media\/2039"}],"wp:attachment":[{"href":"https:\/\/www.lpdordogne.fr\/index.php?rest_route=%2Fwp%2Fv2%2Fmedia&parent=2040"}],"wp:term":[{"taxonomy":"category","embeddable":true,"href":"https:\/\/www.lpdordogne.fr\/index.php?rest_route=%2Fwp%2Fv2%2Fcategories&post=2040"},{"taxonomy":"post_tag","embeddable":true,"href":"https:\/\/www.lpdordogne.fr\/index.php?rest_route=%2Fwp%2Fv2%2Ftags&post=2040"}],"curies":[{"name":"wp","href":"https:\/\/api.w.org\/{rel}","templated":true}]}}