{"id":2032,"date":"2017-12-18T23:06:21","date_gmt":"2017-12-18T22:06:21","guid":{"rendered":"https:\/\/lpdordogne.wordpress.com\/?p=2032"},"modified":"2017-12-18T23:06:21","modified_gmt":"2017-12-18T22:06:21","slug":"lidee-libre-n319","status":"publish","type":"post","link":"https:\/\/www.lpdordogne.fr\/?p=2032","title":{"rendered":"L&rsquo;Id\u00e9e Libre N\u00b0319"},"content":{"rendered":"<p style=\"text-align:justify;\" align=\"left\"><span style=\"font-family:Calibri;font-size:large;\"><br \/>\nLa revue\u00a0<\/span><strong><span style=\"color:#ff0000;font-family:Calibri;font-size:large;\"><span style=\"line-height:27px;\">L\u2019<em>ID\u00c9E<\/em><\/span><em>\u00a0LIBRE<\/em><\/span><\/strong><span style=\"font-family:Calibri;font-size:large;\"> est la revue culturelle de la Libre Pens\u00e9e.<\/span><\/p>\n<p style=\"text-align:justify;\" align=\"left\"><span style=\"font-family:Calibri;\">A cot\u00e9 d&rsquo;articles \u00ab\u00a0magazine\u00a0\u00bb ou d&rsquo;archives, elle est essentiellement consacr\u00e9e; chaque trimestre \u00e0 un th\u00e8me.<\/span><\/p>\n<p style=\"text-align:justify;\" align=\"left\"><span style=\"color:#ff0000;\"><strong>pour se procurer ce num\u00e9ro de l&rsquo;Id\u00e9e Libre ou bien s&rsquo;abonner \u00e0 cette publication, contactez le groupe Fred Zeller : <a style=\"color:#ff0000;\" href=\"mailto:contact@lpdordogne.fr\">contact@lpdordogne.fr\u00a0<\/a><\/strong><\/span><\/p>\n<div>\n<div style=\"text-align:justify;\"><strong><span style=\"font-family:Calibri;\">Le num\u00e9ro 319 pr\u00e9sente un dossier\u00a0<span style=\"color:#ff0000;\">\u00ab\u00a0Entreprises et La\u00efcit\u00e9\u00a0\u00bb<\/span><\/span><\/strong><\/div>\n<div style=\"text-align:justify;\">\n<h2 style=\"text-align:left;\">Pr\u00e9sentation du dossier par\u00a0<strong>Henri Huille<\/strong><\/h2>\n<div>\n<p>&nbsp;<\/p>\n<div id=\"art-main\">\n<div class=\"art-sheet clearfix\">\n<div class=\"art-layout-wrapper\">\n<div class=\"art-content-layout\">\n<div class=\"art-content-layout-row\">\n<div class=\"art-layout-cell art-content\">\n<article class=\"art-post art-article\">\n<div class=\"art-postcontent art-postcontent-0 clearfix\">\n<div class=\"art-content-layout\">\n<div class=\"art-content-layout-row\">\n<div class=\"art-layout-cell layout-item-0\">\n<div class=\"art-content-layout-row\">\n<div class=\"art-layout-cell art-content\">\n<article class=\"art-post art-article\">\n<div class=\"art-postcontent art-postcontent-0 clearfix\">\n<div class=\"art-content-layout\">\n<div class=\"art-content-layout-row\">\n<div class=\"art-layout-cell layout-item-0\">\n<h2>\u00abEntreprises et La\u00efcit\u00e9\u00bb<\/h2>\n<\/div>\n<\/div>\n<\/div>\n<\/div>\n<\/article>\n<\/div>\n<\/div>\n<\/div>\n<\/div>\n<\/div>\n<\/div>\n<\/article>\n<\/div>\n<\/div>\n<\/div>\n<\/div>\n<\/div>\n<\/div>\n<div id=\"art-main\">\n<div class=\"art-sheet clearfix\">\n<div class=\"art-layout-wrapper\">\n<div class=\"art-content-layout\">\n<div class=\"art-content-layout-row\">\n<div class=\"art-layout-cell art-content\">\n<article class=\"art-post art-article\">\n<div class=\"art-postcontent art-postcontent-0 clearfix\">\n<div class=\"art-content-layout\">\n<div class=\"art-content-layout-row\">\n<div class=\"art-layout-cell layout-item-0\">\n<div class=\"art-content-layout-row\">\n<div class=\"art-layout-cell art-content\">\n<article class=\"art-post art-article\">\n<div class=\"art-postcontent art-postcontent-0 clearfix\">\n<div class=\"art-content-layout\">\n<div class=\"art-content-layout-row\">\n<div class=\"art-layout-cell layout-item-0\">\n<p>&nbsp;<\/p>\n<p>Ce num\u00e9ro de l\u2019Id\u00e9e Libre, revue de la Libre Pens\u00e9e, est consacr\u00e9 \u00e0 la question \u00ab La\u00efcit\u00e9 et Entreprise \u00bb qui ne peut \u00eatre abord\u00e9e, selon nous, sans la placer en regard d\u2019une analyse de ce qu\u2019est la Doctrine Sociale de l\u2019\u00c9glise (DSE) qui \u00e9claire l\u2019origine et les m\u00e9thodes de ses tenants.<\/p>\n<p>Nous avons \u00e9galement voulu rappeler que le patron de \u00abPaprec\u00bb, repr\u00e9sentant typique des d\u00e9fenseurs de la Loi El Khomri et chantre de ce qui est frauduleusement pr\u00e9sent\u00e9e comme \u00e9tant la \u00abla\u00efcit\u00e9 \u00e0 l\u2019entreprise\u00bb restreignant les droits et libert\u00e9s des employ\u00e9s, ne s\u2019est pas g\u00ean\u00e9 pour indiquer aux salari\u00e9s de cette soci\u00e9t\u00e9 comment il fallait voter ou ne pas voter aux \u00e9lections pr\u00e9sidentielles, rejoint en cela par celui de l\u2019entreprise \u00abPaul\u00bb.<\/p>\n<p>Soulignons tout de m\u00eame, qu\u2019au-del\u00e0 de dicter des consignes, leur pr\u00e9tention est bien de parler au nom de l\u2019Entreprise toute enti\u00e8re, comme une entit\u00e9 totalitaire embrassant tous les domaines de l\u2019action et de la pens\u00e9e des salari\u00e9s, des individus, des citoyens.<\/p>\n<p>Ne voit-on pas, chaque jour, qu\u2019Emmanuel Macron propose l&rsquo;entreprise comme mod\u00e8le politique, emboitant le pas \u00e0 Donald Trump et Recep Erdogan qui d\u00e9claraient vouloir diriger leurs pays respectifs \u00abcomme une entreprise\u00bb ?<\/p>\n<p>Ne voit-on pas, chaque jour, l\u2019accent mis sur la sacro-sainte \u00abSoci\u00e9te civile\u00bb et son implication dans les relations entre Capital et Travail ?<\/p>\n<p>Il \u00e9tait donc essentiel de souligner, en contrepoint en quelque sorte, le r\u00f4le et la place du Syndicalisme tel qu\u2019il est d\u00e9fini par la Charte d\u2019Amiens ; Nous avons donc fait une place importante \u00e0 cet aspect, d\u00e9cisif \u00e0 la fois pour les conqu\u00eates sociales et pour les Libert\u00e9s d\u00e9mocratiques.<\/p>\n<p>Pour finir, il nous a sembl\u00e9 utile, prenant l\u2019exemple des H\u00f4pitaux publics, de d\u00e9montrer comment les adeptes de la pr\u00e9tendue \u00abla\u00efcit\u00e9 \u00e0 l\u2019Entreprise\u00bb n\u2019avaient de cesse, dans une contradiction qui n\u2019est qu\u2019apparente, de remettre en cause la S\u00e9paration des cultes et de l\u2019\u00c9tat, la La\u00efcit\u00e9 donc, dans les Services Publics.<\/p>\n<p>Henri Huille<\/p>\n<p><img loading=\"lazy\" decoding=\"async\" class=\"alignleft wp-image-2031 size-thumbnail\" style=\"text-align:center;\" src=\"https:\/\/www.lpdordogne.fr\/wp-content\/uploads\/2017\/12\/sommaire319.jpg?w=150\" alt=\"\" width=\"150\" height=\"99\" srcset=\"https:\/\/www.lpdordogne.fr\/wp-content\/uploads\/2017\/12\/sommaire319.jpg 550w, https:\/\/www.lpdordogne.fr\/wp-content\/uploads\/2017\/12\/sommaire319-300x199.jpg 300w\" sizes=\"auto, (max-width: 150px) 85vw, 150px\" \/><\/p>\n<\/div>\n<\/div>\n<\/div>\n<\/div>\n<\/article>\n<\/div>\n<\/div>\n<\/div>\n<\/div>\n<\/div>\n<\/div>\n<\/article>\n<\/div>\n<\/div>\n<\/div>\n<\/div>\n<\/div>\n<\/div>\n<\/div>\n<\/div>\n<div style=\"text-align:justify;\"><a href=\"http:\/\/www.fnlp.fr\/librairie_en_ligne\/peel3.0-beta\/achat\/produit_details.php?id=65&amp;catid=21\">s&rsquo;abonner \u00e0 l&rsquo;<em>Id\u00e9e libre<\/em><\/a><\/div>\n<\/div>\n<p><!--more--><\/p>\n<p>&nbsp;<\/p>\n<p>&nbsp;<\/p>\n","protected":false},"excerpt":{"rendered":"<p>La revue\u00a0L\u2019ID\u00c9E\u00a0LIBRE est la revue culturelle de la Libre Pens\u00e9e. A cot\u00e9 d&rsquo;articles \u00ab\u00a0magazine\u00a0\u00bb ou d&rsquo;archives, elle est essentiellement consacr\u00e9e; chaque trimestre \u00e0 un th\u00e8me. pour se procurer ce num\u00e9ro de l&rsquo;Id\u00e9e Libre ou bien s&rsquo;abonner \u00e0 cette publication, contactez le groupe Fred Zeller : contact@lpdordogne.fr\u00a0 Le num\u00e9ro 319 pr\u00e9sente un dossier\u00a0\u00ab\u00a0Entreprises et La\u00efcit\u00e9\u00a0\u00bb Pr\u00e9sentation &hellip; <a href=\"https:\/\/www.lpdordogne.fr\/?p=2032\" class=\"more-link\">Continuer la lecture<span class=\"screen-reader-text\"> de &laquo;&nbsp;L&rsquo;Id\u00e9e Libre N\u00b0319&nbsp;&raquo;<\/span><\/a><\/p>\n","protected":false},"author":2,"featured_media":2030,"comment_status":"closed","ping_status":"open","sticky":false,"template":"","format":"standard","meta":{"footnotes":""},"categories":[24],"tags":[],"class_list":["post-2032","post","type-post","status-publish","format-standard","has-post-thumbnail","hentry","category-lidee-libre"],"_links":{"self":[{"href":"https:\/\/www.lpdordogne.fr\/index.php?rest_route=\/wp\/v2\/posts\/2032","targetHints":{"allow":["GET"]}}],"collection":[{"href":"https:\/\/www.lpdordogne.fr\/index.php?rest_route=\/wp\/v2\/posts"}],"about":[{"href":"https:\/\/www.lpdordogne.fr\/index.php?rest_route=\/wp\/v2\/types\/post"}],"author":[{"embeddable":true,"href":"https:\/\/www.lpdordogne.fr\/index.php?rest_route=\/wp\/v2\/users\/2"}],"replies":[{"embeddable":true,"href":"https:\/\/www.lpdordogne.fr\/index.php?rest_route=%2Fwp%2Fv2%2Fcomments&post=2032"}],"version-history":[{"count":0,"href":"https:\/\/www.lpdordogne.fr\/index.php?rest_route=\/wp\/v2\/posts\/2032\/revisions"}],"wp:featuredmedia":[{"embeddable":true,"href":"https:\/\/www.lpdordogne.fr\/index.php?rest_route=\/wp\/v2\/media\/2030"}],"wp:attachment":[{"href":"https:\/\/www.lpdordogne.fr\/index.php?rest_route=%2Fwp%2Fv2%2Fmedia&parent=2032"}],"wp:term":[{"taxonomy":"category","embeddable":true,"href":"https:\/\/www.lpdordogne.fr\/index.php?rest_route=%2Fwp%2Fv2%2Fcategories&post=2032"},{"taxonomy":"post_tag","embeddable":true,"href":"https:\/\/www.lpdordogne.fr\/index.php?rest_route=%2Fwp%2Fv2%2Ftags&post=2032"}],"curies":[{"name":"wp","href":"https:\/\/api.w.org\/{rel}","templated":true}]}}