{"id":2024,"date":"2017-12-18T22:57:28","date_gmt":"2017-12-18T21:57:28","guid":{"rendered":"https:\/\/lpdordogne.wordpress.com\/?p=2024"},"modified":"2017-12-18T22:57:28","modified_gmt":"2017-12-18T21:57:28","slug":"parution-de-la-raison-n-626","status":"publish","type":"post","link":"https:\/\/www.lpdordogne.fr\/?p=2024","title":{"rendered":"Parution de \u00ab\u00a0La Raison\u00a0\u00bb N\u00b0 626"},"content":{"rendered":"<h3><a href=\"https:\/\/www.fnlp.fr\/news\/479\/17\/La-Raison-n-626-decembre-2017-est-parue\/d,lp_detail.html\" target=\"_blank\" rel=\"noopener noreferrer\"><img loading=\"lazy\" decoding=\"async\" class=\"alignleft wp-image-2027 size-thumbnail\" src=\"https:\/\/www.lpdordogne.fr\/wp-content\/uploads\/2017\/12\/couv626.jpg?w=106\" alt=\"\" width=\"106\" height=\"150\" srcset=\"https:\/\/www.lpdordogne.fr\/wp-content\/uploads\/2017\/12\/couv626.jpg 550w, https:\/\/www.lpdordogne.fr\/wp-content\/uploads\/2017\/12\/couv626-212x300.jpg 212w\" sizes=\"auto, (max-width: 106px) 85vw, 106px\" \/><\/a><\/h3>\n<h2>L\u2019Editorial du pr\u00e9sident<\/h2>\n<h1>Joyeux No\u00ebl Pa\u00efen !<\/h1>\n<h1><img loading=\"lazy\" decoding=\"async\" class=\"alignleft size-thumbnail wp-image-1731\" src=\"https:\/\/www.lpdordogne.fr\/wp-content\/uploads\/2016\/11\/ob_0ef09e_jean-sebastien-pierre-libre-pensee-im.jpg?w=133\" alt=\"ob_0ef09e_jean-sebastien-pierre-libre-pensee-im\" width=\"133\" height=\"150\" srcset=\"https:\/\/www.lpdordogne.fr\/wp-content\/uploads\/2016\/11\/ob_0ef09e_jean-sebastien-pierre-libre-pensee-im.jpg 511w, https:\/\/www.lpdordogne.fr\/wp-content\/uploads\/2016\/11\/ob_0ef09e_jean-sebastien-pierre-libre-pensee-im-266x300.jpg 266w\" sizes=\"auto, (max-width: 133px) 85vw, 133px\" \/><\/h1>\n<p style=\"text-align:justify;\">Les dieux, disait\u00a0<strong>S\u00e9bastien Faure<\/strong>, sont n\u00e9s de l&rsquo;ignorance et de la peur. A l&rsquo;origine des religions on trouve, profond\u00e9ment ancr\u00e9s, les cycles de la nature mystifi\u00e9s et divinis\u00e9s : les deux \u00e9quinoxes et les deux solstices, marquant les quatre saisons, sont l&rsquo;occasion de c\u00e9l\u00e9brations dans tous les mythes du monde. La religion chr\u00e9tienne, grande r\u00e9cup\u00e9ratrice des traditions pa\u00efennes \u00e0 son profit, n&rsquo;a su faire mieux que d&rsquo;adopter le solstice d&rsquo;hiver comme date de naissance de son soi-disant messie, et, apr\u00e8s le pape\u00a0<strong>Gr\u00e9goire XIII<\/strong>, de placer la nouvelle ann\u00e9e quelques jours apr\u00e8s. Pour la \u00ab\u00a0chr\u00e9tient\u00e9\u00a0\u00bb, No\u00ebl s&rsquo;approche, et pour tous, du moins dans l&rsquo;h\u00e9misph\u00e8re nord, c&rsquo;est le creux des nuits les plus longues, c&rsquo;est le solstice d&rsquo;hiver. Si l&rsquo;on y festoie, c&rsquo;est pour profiter des r\u00e9serves accumul\u00e9es \u00e0 la saison des moissons, et pour combattre la tristesse sournoise qui accompagne le court s\u00e9jour du soleil dans le cycle de vingt-quatre heures. Si, depuis\u00a0<strong>Copernic<\/strong>,\u00a0<strong>Galil\u00e9e<\/strong>\u00a0et\u00a0<strong>K\u00e9pler<\/strong>, nous connaissons les vraies raisons de cet angoissant r\u00e9tr\u00e9cissement des jours, nos organismes et nos humeurs n&rsquo;en r\u00e9agissent pas moins, en simples mammif\u00e8res que nous sommes, par quelque inqui\u00e9tude \u00e0 affronter la mauvaise saison. Rationnellement et traditionnellement, festoyons donc lors du solstice, et bien entendu, la r\u00e9daction de\u00a0<em><strong>La Raison<\/strong><\/em>\u00a0vous souhaite d&rsquo;heureuses f\u00eates de fin d&rsquo;ann\u00e9es, de pr\u00e9f\u00e9rence au 21 d\u00e9cembre.<\/p>\n<p style=\"text-align:justify;\">Dans ce num\u00e9ro du solstice, vous trouverez de nombreux d\u00e9veloppements autour du 7 e congr\u00e8s de l&rsquo;<strong>AILP<\/strong>tenu \u00e0 Paris, \u00e0 commencer par notre dossier central, enti\u00e8rement consacr\u00e9 \u00e0 cet \u00e9v\u00e9nement. L&rsquo;abondance des mati\u00e8res trait\u00e9es durant cette rencontre ne sera certainement pas \u00e9puis\u00e9e en un seul mois dans nos colonnes, et bien entendu, j&rsquo;invite tous nos lecteurs \u00e0 se procurer les actes complets du congr\u00e8s, du colloque de l&rsquo;<strong>IRELP<\/strong>\u00a0et de la matin\u00e9e consacr\u00e9e aux sciences d\u00e8s que l&rsquo;ensemble de ces documents seront disponibles. Vous pourrez \u00e9galement prendre connaissance, par une s\u00e9rie d&rsquo;interviews et de d\u00e9clarations\u00a0<em>\u00ab\u00a0off\u00a0\u00bb<\/em>, de la richesse des relations tiss\u00e9es autour de et dans l&rsquo;<strong>AILP<\/strong>\u00a0et son congr\u00e8s : les libre penseurs polonais avec\u00a0<strong>Wanda Nowicka<\/strong>, les rationalistes anglais et am\u00e9ricains avec\u00a0<strong>Jean-Jacques Subrenat<\/strong>, et leurs correspondants dans divers pays dont le n\u00f4tre, la Franc-Ma\u00e7onnerie a-dogmatique avec le\u00a0<strong>CLIPSAS<\/strong>, sigle dont vous d\u00e9couvrirez le sens dans l&rsquo;entretien avec\u00a0<strong>Fran\u00e7ois Padovani<\/strong>, les libres penseurs belges avec\u00a0<strong>Kamal Dhiff<\/strong>, la\u00a0<strong>F\u00e9d\u00e9ration Humaniste Europ\u00e9enne<\/strong>\u00a0avec\u00a0<strong>Giulio Ercolessi<\/strong>. En compl\u00e9ment, toujours dans le cadre du 7e congr\u00e8s, nous rappelons le combat d&rsquo;<strong>Americans United<\/strong>\u00a0et de leur remarquable revue,\u00a0<em><strong>\u00ab\u00a0Church and State\u00a0\u00bb<\/strong><\/em>, dirig\u00e9e par\u00a0<strong>Rob Boston<\/strong>, et nous faisons \u00e9tat de l&rsquo;action de la\u00a0<strong>Charles Bradlaugh Society<\/strong>\u00a0et du message que cette association a envoy\u00e9 d&rsquo;Angleterre.<\/p>\n<p style=\"text-align:justify;\">En Ecosse, c&rsquo;est la\u00a0<strong>Scottish Secular Society<\/strong>\u00a0qui milite pour que la baisse spectaculaire du taux de croyants se traduise par la la\u00efcisation de la soci\u00e9t\u00e9. Ainsi, le combat pour la S\u00e9paration des Eglises et de l&rsquo;Etat est mondial, mais et nous l&rsquo;avons maintes fois soulign\u00e9, il prend des formes diverses selon les pays, les conditions politiques et les religions<br \/>\ndominantes. L&rsquo;essentiel est que l&rsquo;expression de cette aspiration se retrouve dans et autour de l&rsquo;<strong>AILP<\/strong>. Notre rubrique\u00a0<em>\u00ab\u00a0Ainsi va le monde\u00a0\u00bb<\/em>\u00a0fait \u00e9tat des derniers rebondissements juridiques sur la question des cr\u00e8ches et, d&rsquo;une mani\u00e8re g\u00e9n\u00e9rale, de la pr\u00e9tention des religions \u00e0 reconqu\u00e9rir l&rsquo;espace public dans ce qu&rsquo;il devrait avoir de plus pr\u00e9serv\u00e9 : les b\u00e2timents institutionnels de la R\u00e9publique. A Lyon, le Tribunal administratif a tranch\u00e9.\u00a0<strong>Laurent Wauquiez<\/strong>\u00a0devra remballer sa\u00a0<em>\u00ab\u00a0sainte famille\u00a0\u00bb<\/em>. En Vend\u00e9e par contre, la Cour d&rsquo;Appel Administrative ose pr\u00e9tendre que vingt-cinq ans de pr\u00e9sence de la cr\u00e8che, sous l&rsquo;influence de la chouannerie locale &#8211; les\u00a0<strong>De Villiers<\/strong>,\u00a0<strong>Retailleau<\/strong>\u00a0et autres &#8211; suffit \u00e0 fonder une\u00a0<em>\u00ab\u00a0tradition locale\u00a0\u00bb<\/em>. Contrairement \u00e0 ce qu&rsquo;affirme le tr\u00e8s cl\u00e9rical journal\u00a0<em><strong>\u00ab\u00a0Ouest France\u00a0\u00bb<\/strong><\/em>, ce n&rsquo;est pas la fin de l&rsquo;affaire. La Libre Pens\u00e9e red\u00e9posera un nouveau recours devant le Conseil d&rsquo;Etat. Nous avons largement contribu\u00e9 \u00e0 cr\u00e9er une jurisprudence qui redonne toute sa valeur \u00e0 la\u00a0<strong>loi de 1905<\/strong>\u00a0et en particulier \u00e0 son\u00a0<strong>article 28<\/strong>. Contrairement \u00e0 d&rsquo;autres pays, la S\u00e9paration est solidement inscrite dans la loi. Comme en Ecosse, le nombre de croyants et de pratiquants ne cesse de se r\u00e9duire. D&rsquo;o\u00f9 viendrait donc la pr\u00e9tention des cl\u00e9ricaux \u00e0 revenir au premier plan ?<\/p>\n<h3 style=\"text-align:left;\"><\/h3>\n<p style=\"text-align:justify;\"><a href=\"https:\/\/www.fnlp.fr\/news\/479\/17\/La-Raison-n-626-decembre-2017-est-parue\/d,lp_detail.html\" target=\"_blank\" rel=\"noopener noreferrer\"><em>Lire la suite de la pr\u00e9sentation<\/em><\/a><\/p>\n<p style=\"text-align:justify;\"><a href=\"http:\/\/www.fnlp.fr\/news\/267\/17\/La-Raison-n-613-chez-nos-abonnes\/d,lp_detail.html\" target=\"_blank\" rel=\"noopener noreferrer\"><img loading=\"lazy\" decoding=\"async\" class=\"alignleft wp-image-2028 size-thumbnail\" src=\"https:\/\/www.lpdordogne.fr\/wp-content\/uploads\/2017\/12\/sommaire626.jpg?w=150\" alt=\"\" width=\"150\" height=\"102\" srcset=\"https:\/\/www.lpdordogne.fr\/wp-content\/uploads\/2017\/12\/sommaire626.jpg 550w, https:\/\/www.lpdordogne.fr\/wp-content\/uploads\/2017\/12\/sommaire626-300x204.jpg 300w\" sizes=\"auto, (max-width: 150px) 85vw, 150px\" \/><\/a><\/p>\n<p style=\"text-align:justify;\">pour vous procurer ce N\u00b0 de <em>La Raison<\/em>, contactez le groupe Fred Zeller : <a href=\"mailto:contact@lpdordogne.fr\">contact@lpdordogne.fr<\/a><\/p>\n","protected":false},"excerpt":{"rendered":"<p>L\u2019Editorial du pr\u00e9sident Joyeux No\u00ebl Pa\u00efen ! Les dieux, disait\u00a0S\u00e9bastien Faure, sont n\u00e9s de l&rsquo;ignorance et de la peur. A l&rsquo;origine des religions on trouve, profond\u00e9ment ancr\u00e9s, les cycles de la nature mystifi\u00e9s et divinis\u00e9s : les deux \u00e9quinoxes et les deux solstices, marquant les quatre saisons, sont l&rsquo;occasion de c\u00e9l\u00e9brations dans tous les mythes &hellip; <a href=\"https:\/\/www.lpdordogne.fr\/?p=2024\" class=\"more-link\">Continuer la lecture<span class=\"screen-reader-text\"> de &laquo;&nbsp;Parution de \u00ab\u00a0La Raison\u00a0\u00bb N\u00b0 626&nbsp;&raquo;<\/span><\/a><\/p>\n","protected":false},"author":2,"featured_media":2027,"comment_status":"closed","ping_status":"open","sticky":false,"template":"","format":"standard","meta":{"footnotes":""},"categories":[25],"tags":[],"class_list":["post-2024","post","type-post","status-publish","format-standard","has-post-thumbnail","hentry","category-la-raison"],"_links":{"self":[{"href":"https:\/\/www.lpdordogne.fr\/index.php?rest_route=\/wp\/v2\/posts\/2024","targetHints":{"allow":["GET"]}}],"collection":[{"href":"https:\/\/www.lpdordogne.fr\/index.php?rest_route=\/wp\/v2\/posts"}],"about":[{"href":"https:\/\/www.lpdordogne.fr\/index.php?rest_route=\/wp\/v2\/types\/post"}],"author":[{"embeddable":true,"href":"https:\/\/www.lpdordogne.fr\/index.php?rest_route=\/wp\/v2\/users\/2"}],"replies":[{"embeddable":true,"href":"https:\/\/www.lpdordogne.fr\/index.php?rest_route=%2Fwp%2Fv2%2Fcomments&post=2024"}],"version-history":[{"count":0,"href":"https:\/\/www.lpdordogne.fr\/index.php?rest_route=\/wp\/v2\/posts\/2024\/revisions"}],"wp:featuredmedia":[{"embeddable":true,"href":"https:\/\/www.lpdordogne.fr\/index.php?rest_route=\/wp\/v2\/media\/2027"}],"wp:attachment":[{"href":"https:\/\/www.lpdordogne.fr\/index.php?rest_route=%2Fwp%2Fv2%2Fmedia&parent=2024"}],"wp:term":[{"taxonomy":"category","embeddable":true,"href":"https:\/\/www.lpdordogne.fr\/index.php?rest_route=%2Fwp%2Fv2%2Fcategories&post=2024"},{"taxonomy":"post_tag","embeddable":true,"href":"https:\/\/www.lpdordogne.fr\/index.php?rest_route=%2Fwp%2Fv2%2Ftags&post=2024"}],"curies":[{"name":"wp","href":"https:\/\/api.w.org\/{rel}","templated":true}]}}