{"id":1996,"date":"2017-12-05T10:53:20","date_gmt":"2017-12-05T09:53:20","guid":{"rendered":"https:\/\/lpdordogne.wordpress.com\/?p=1996"},"modified":"2017-12-05T10:53:20","modified_gmt":"2017-12-05T09:53:20","slug":"le-calendrier-republicain-emission-rlp-4-decembre-2017","status":"publish","type":"post","link":"https:\/\/www.lpdordogne.fr\/?p=1996","title":{"rendered":"Le calendrier r\u00e9publicain (\u00e9mission RLP &#8211; 4 d\u00e9cembre 2017)"},"content":{"rendered":"<h2 style=\"text-align:center;\"><em>Les chroniques du groupe Fred Zeller sur RLP<\/em><\/h2>\n<h2 class=\"art-postheader\" style=\"text-align:center;\">Le calendrier r\u00e9publicain<\/h2>\n<p>&nbsp;<\/p>\n<p>[mixcloud https:\/\/www.mixcloud.com\/jlbagault\/le-calendrier-r\u00e9publicain\/ width=100% height=60 hide_cover=1 mini=1 light=1]<\/p>\n<p style=\"text-align:justify;\">Avant d&rsquo;en venir au sujet du jour, rappel est fait de la conf\u00e9rence organis\u00e9e le samedi 9 d\u00e9cembre, \u00e0 P\u00e9rigueux :<\/p>\n<p style=\"text-align:center;\">\u00ab\u00a0<a href=\"https:\/\/lpdordogne.wordpress.com\/2017\/12\/01\/9-decembre-2017-conference-revolutionnaires-et-libre-penseurs-sous-lequerre-et-le-compas\/\">R\u00e9volutionnaires et libres-penseurs sous l&rsquo;\u00e9querre et le compas<\/a> \u00bb<\/p>\n<p><img loading=\"lazy\" decoding=\"async\" class=\"alignleft size-thumbnail wp-image-1998\" src=\"https:\/\/www.lpdordogne.fr\/wp-content\/uploads\/2017\/12\/b_1_q_0_p_0.jpg?w=126\" alt=\"\" width=\"126\" height=\"150\" srcset=\"https:\/\/www.lpdordogne.fr\/wp-content\/uploads\/2017\/12\/b_1_q_0_p_0.jpg 827w, https:\/\/www.lpdordogne.fr\/wp-content\/uploads\/2017\/12\/b_1_q_0_p_0-251x300.jpg 251w, https:\/\/www.lpdordogne.fr\/wp-content\/uploads\/2017\/12\/b_1_q_0_p_0-768x917.jpg 768w\" sizes=\"auto, (max-width: 126px) 85vw, 126px\" \/>Comment est n\u00e9 le calendrier r\u00e9publicain ? quels en sont les b\u00e2tisseurs ? Comment a-t-il \u00e9t\u00e9 mis en place ?<\/p>\n<p>J-Jacques Bri\u00e8re apporte de premi\u00e8res\u00a0 r\u00e9ponses \u00e0 ces questions<\/p>\n<p>&nbsp;<\/p>\n<p style=\"text-align:justify;\">Pour \u00e9changer sur ce sujet, <a title=\"Contacter le Groupe Fred Zeller\" href=\"https:\/\/lpdordogne.wordpress.com\/contacter-le-groupe-fred-zeller\/\" target=\"_blank\" rel=\"noopener noreferrer\">contactez le Groupe Fred Zeller<\/a><\/p>\n<p style=\"text-align:center;\">courriel : <a href=\"mailto:contact@lpdordogne.fr\">contact@lpdordogne.fr<\/a><\/p>\n<p>&nbsp;<\/p>\n","protected":false},"excerpt":{"rendered":"<p>Les chroniques du groupe Fred Zeller sur RLP Le calendrier r\u00e9publicain &nbsp; [mixcloud https:\/\/www.mixcloud.com\/jlbagault\/le-calendrier-r\u00e9publicain\/ width=100% height=60 hide_cover=1 mini=1 light=1] Avant d&rsquo;en venir au sujet du jour, rappel est fait de la conf\u00e9rence organis\u00e9e le samedi 9 d\u00e9cembre, \u00e0 P\u00e9rigueux : \u00ab\u00a0R\u00e9volutionnaires et libres-penseurs sous l&rsquo;\u00e9querre et le compas \u00bb Comment est n\u00e9 le calendrier r\u00e9publicain &hellip; <a href=\"https:\/\/www.lpdordogne.fr\/?p=1996\" class=\"more-link\">Continuer la lecture<span class=\"screen-reader-text\"> de &laquo;&nbsp;Le calendrier r\u00e9publicain (\u00e9mission RLP &#8211; 4 d\u00e9cembre 2017)&nbsp;&raquo;<\/span><\/a><\/p>\n","protected":false},"author":2,"featured_media":1998,"comment_status":"closed","ping_status":"open","sticky":false,"template":"","format":"standard","meta":{"footnotes":""},"categories":[20],"tags":[],"class_list":["post-1996","post","type-post","status-publish","format-standard","has-post-thumbnail","hentry","category-rlp"],"_links":{"self":[{"href":"https:\/\/www.lpdordogne.fr\/index.php?rest_route=\/wp\/v2\/posts\/1996","targetHints":{"allow":["GET"]}}],"collection":[{"href":"https:\/\/www.lpdordogne.fr\/index.php?rest_route=\/wp\/v2\/posts"}],"about":[{"href":"https:\/\/www.lpdordogne.fr\/index.php?rest_route=\/wp\/v2\/types\/post"}],"author":[{"embeddable":true,"href":"https:\/\/www.lpdordogne.fr\/index.php?rest_route=\/wp\/v2\/users\/2"}],"replies":[{"embeddable":true,"href":"https:\/\/www.lpdordogne.fr\/index.php?rest_route=%2Fwp%2Fv2%2Fcomments&post=1996"}],"version-history":[{"count":0,"href":"https:\/\/www.lpdordogne.fr\/index.php?rest_route=\/wp\/v2\/posts\/1996\/revisions"}],"wp:featuredmedia":[{"embeddable":true,"href":"https:\/\/www.lpdordogne.fr\/index.php?rest_route=\/wp\/v2\/media\/1998"}],"wp:attachment":[{"href":"https:\/\/www.lpdordogne.fr\/index.php?rest_route=%2Fwp%2Fv2%2Fmedia&parent=1996"}],"wp:term":[{"taxonomy":"category","embeddable":true,"href":"https:\/\/www.lpdordogne.fr\/index.php?rest_route=%2Fwp%2Fv2%2Fcategories&post=1996"},{"taxonomy":"post_tag","embeddable":true,"href":"https:\/\/www.lpdordogne.fr\/index.php?rest_route=%2Fwp%2Fv2%2Ftags&post=1996"}],"curies":[{"name":"wp","href":"https:\/\/api.w.org\/{rel}","templated":true}]}}