{"id":1979,"date":"2017-07-31T23:19:41","date_gmt":"2017-07-31T22:19:41","guid":{"rendered":"https:\/\/lpdordogne.wordpress.com\/?p=1979"},"modified":"2017-07-31T23:19:41","modified_gmt":"2017-07-31T22:19:41","slug":"la-doctrine-sociale-de-leglise-3eme-partie-rlp-lundi-31-juillet-2017","status":"publish","type":"post","link":"https:\/\/www.lpdordogne.fr\/?p=1979","title":{"rendered":"La doctrine sociale de l&rsquo;Eglise (RLP &#8211; lundi 31 juillet 2017)"},"content":{"rendered":"<h2 style=\"text-align:center;\"><em>Les chroniques du groupe Fred Zeller sur RLP<\/em><\/h2>\n<h2 class=\"art-postheader\" style=\"text-align:center;\">La doctrine sociale de l&rsquo;\u00c9glise<\/h2>\n<h3 style=\"text-align:center;\"><em>Les organes de p\u00e9n\u00e9tration des Etats par le Vatican<\/em><\/h3>\n<p>[mixcloud https:\/\/www.mixcloud.com\/jlbagault\/chronique-du-groupe-fred-zeller-du-31-juillet-2017\/ width=100% height=60 hide_cover=1 mini=1 light=1]<\/p>\n<p style=\"text-align:justify;\">Cette chronique cl\u00f4t la s\u00e9rie commenc\u00e9e en juin su le th\u00e8me de la doctrine sociale de l&rsquo;\u00c9glise. En fait, les prochaines chroniques \u00e9voqueront des sujets qui en sont compl\u00e8tement dans le prolongement.<\/p>\n<p style=\"text-align:justify;\">Les pr\u00e9c\u00e9dentes chroniques ont expos\u00e9 ce qu&rsquo;est la doctrine sociale de l&rsquo;Eglise, ce revirement du Vatican qui, ne voulait pas reconna\u00eetre la R\u00e9publique fran\u00e7aise , mais qui va, avec Pie IX et L\u00e9on XIII, s&rsquo;adapter \u00e0 l&rsquo;\u00e9volution pour mieux la combattre et donc, va tout mettre en \u0153uvre pour restaurer un ordre divin, niant la lutte des classes et se rapprochant de l&rsquo;ordre social de l&rsquo;ancien r\u00e9gime. Cela donnera bien s\u00fbr, les r\u00e9gimes fascistes ou s&rsquo;en inspirant, autoritaires, reconnaissants l&rsquo;Eglise, personnalistes, communautaristes et dirig\u00e9s par un \u00ab\u00a0chef\u00a0\u00bb omniscient.<\/p>\n<p style=\"text-align:justify;\">En particulier, ont \u00e9t\u00e9 pr\u00e9sent\u00e9s les moyens de p\u00e9n\u00e9tration de la classe ouvri\u00e8re que repr\u00e9sentaient les syndicats chr\u00e9tiens\u00a0: CFTC puis CFDT ( conf\u00e9d\u00e9ration fran\u00e7aise des travailleurs chr\u00e9tiens, transform\u00e9e en d\u00e9mocratique du travail en 1964)\u00a0; mais il y a aussi les organisations de jeunesse\u00a0: JOC, JAC, JEC (jeunesse ouvri\u00e8re chr\u00e9tienne, agricole, \u00e9tudiante)\u00a0; il y a aussi la mainmise sur le scoutisme, sans oublier la reconqu\u00eate du monde scolaire, puisque les congr\u00e9gations ayant \u00e9t\u00e9 chass\u00e9es de l&rsquo;enseignement, l&rsquo;Eglise a gr\u00e2ce \u00e0 la Loi Debr\u00e9 et ses succ\u00e9dan\u00e9s, regagn\u00e9 chaque ann\u00e9e plus de 10 milliards d&rsquo;euros, d&rsquo;argent public d\u00e9tourn\u00e9 l\u00e9galement.<\/p>\n<p>Rappel : 5 principes constituent la base de la doctrine sociale de l&rsquo;Eglise :<\/p>\n<ol>\n<li>seule l&rsquo;Eglise peut agir efficacement contre les religions<\/li>\n<li>la propri\u00e9t\u00e9 priov\u00e9e des moyens de production et l&rsquo;in\u00e9galit\u00e9 sociale sont d&rsquo;ordre naturel et de droit divin<\/li>\n<li>pas de salaire trop \u00e9lev\u00e9, pas de droit de gr\u00e8ve et pas trop d&rsquo;imp\u00f4t sur le capitalisme<\/li>\n<li>promouvoir l&rsquo;alliance du caital et du travail, par la notion de communaut\u00e9 d&rsquo;int\u00e9r\u00eats<\/li>\n<li>se doter d&rsquo;instruments de conqu\u00eate de la classe ouvri\u00e8re<\/li>\n<\/ol>\n<p style=\"text-align:justify;\">Pour \u00e9changer sur ce sujet, <a title=\"Contacter le Groupe Fred Zeller\" href=\"https:\/\/lpdordogne.wordpress.com\/contacter-le-groupe-fred-zeller\/\" target=\"_blank\" rel=\"noopener noreferrer\">contactez le Groupe Fred Zeller<\/a><\/p>\n<p style=\"text-align:center;\">courriel : <a href=\"mailto:contact@lpdordogne.fr\">contact@lpdordogne.fr<\/a><\/p>\n<p>&nbsp;<\/p>\n","protected":false},"excerpt":{"rendered":"<p>Les chroniques du groupe Fred Zeller sur RLP La doctrine sociale de l&rsquo;\u00c9glise Les organes de p\u00e9n\u00e9tration des Etats par le Vatican [mixcloud https:\/\/www.mixcloud.com\/jlbagault\/chronique-du-groupe-fred-zeller-du-31-juillet-2017\/ width=100% height=60 hide_cover=1 mini=1 light=1] Cette chronique cl\u00f4t la s\u00e9rie commenc\u00e9e en juin su le th\u00e8me de la doctrine sociale de l&rsquo;\u00c9glise. En fait, les prochaines chroniques \u00e9voqueront des sujets qui &hellip; <a href=\"https:\/\/www.lpdordogne.fr\/?p=1979\" class=\"more-link\">Continuer la lecture<span class=\"screen-reader-text\"> de &laquo;&nbsp;La doctrine sociale de l&rsquo;Eglise (RLP &#8211; lundi 31 juillet 2017)&nbsp;&raquo;<\/span><\/a><\/p>\n","protected":false},"author":2,"featured_media":0,"comment_status":"closed","ping_status":"open","sticky":false,"template":"","format":"standard","meta":{"footnotes":""},"categories":[20],"tags":[],"class_list":["post-1979","post","type-post","status-publish","format-standard","hentry","category-rlp"],"_links":{"self":[{"href":"https:\/\/www.lpdordogne.fr\/index.php?rest_route=\/wp\/v2\/posts\/1979","targetHints":{"allow":["GET"]}}],"collection":[{"href":"https:\/\/www.lpdordogne.fr\/index.php?rest_route=\/wp\/v2\/posts"}],"about":[{"href":"https:\/\/www.lpdordogne.fr\/index.php?rest_route=\/wp\/v2\/types\/post"}],"author":[{"embeddable":true,"href":"https:\/\/www.lpdordogne.fr\/index.php?rest_route=\/wp\/v2\/users\/2"}],"replies":[{"embeddable":true,"href":"https:\/\/www.lpdordogne.fr\/index.php?rest_route=%2Fwp%2Fv2%2Fcomments&post=1979"}],"version-history":[{"count":0,"href":"https:\/\/www.lpdordogne.fr\/index.php?rest_route=\/wp\/v2\/posts\/1979\/revisions"}],"wp:attachment":[{"href":"https:\/\/www.lpdordogne.fr\/index.php?rest_route=%2Fwp%2Fv2%2Fmedia&parent=1979"}],"wp:term":[{"taxonomy":"category","embeddable":true,"href":"https:\/\/www.lpdordogne.fr\/index.php?rest_route=%2Fwp%2Fv2%2Fcategories&post=1979"},{"taxonomy":"post_tag","embeddable":true,"href":"https:\/\/www.lpdordogne.fr\/index.php?rest_route=%2Fwp%2Fv2%2Ftags&post=1979"}],"curies":[{"name":"wp","href":"https:\/\/api.w.org\/{rel}","templated":true}]}}