{"id":1970,"date":"2017-07-24T23:23:41","date_gmt":"2017-07-24T22:23:41","guid":{"rendered":"https:\/\/lpdordogne.wordpress.com\/?p=1970"},"modified":"2017-07-24T23:23:41","modified_gmt":"2017-07-24T22:23:41","slug":"les-moyens-que-sest-donne-leglise-pour-apiquer-sa-doctrine-sociale-24-juillet-2017","status":"publish","type":"post","link":"https:\/\/www.lpdordogne.fr\/?p=1970","title":{"rendered":"Les moyens que s&rsquo;est donn\u00e9 l&rsquo;Eglise pour appliquer sa doctrine sociale  (24 juillet 2017)"},"content":{"rendered":"<h2 class=\"art-postheader\" style=\"text-align:center;\">La doctrine sociale de l&rsquo;\u00c9glise<\/h2>\n<p>&nbsp;<\/p>\n<p>Apr\u00e8s avoir pr\u00e9sent\u00e9 la vie et l&rsquo;oeuvre des papes Pie IX et L\u00e9on XIII, qui ont r\u00e9orient\u00e9 l&rsquo;attitude du Vatican et d\u00e9fini la \u00ab\u00a0doctrine sociale de l&rsquo;Eglise\u00a0\u00bb. L&rsquo;objet de cette rubrique \u00a0est d&rsquo;examiner si cette doctrine s&rsquo;est appliqu\u00e9e dans des soci\u00e9t\u00e9s ou des \u00e9tats et si elle est encore d&rsquo;actualit\u00e9.<\/p>\n<p>Rappel : 5 principes constituent la base de la doctrine sociale de l&rsquo;Eglise :<\/p>\n<ol>\n<li>seule l&rsquo;Eglise peut agir efficacement contre les religions<\/li>\n<li>la propri\u00e9t\u00e9 priv\u00e9e des moyens de production et l&rsquo;in\u00e9galit\u00e9 sociale sont d&rsquo;ordre naturel et de droit divin<\/li>\n<li>pas de salaire trop \u00e9lev\u00e9, pas de droit de gr\u00e8ve et pas trop d&rsquo;imp\u00f4t sur le capitalisme<\/li>\n<li>promouvoir l&rsquo;alliance du capital et du travail, par la notion de communaut\u00e9 d&rsquo;int\u00e9r\u00eats<\/li>\n<li>se doter d&rsquo;instruments de conqu\u00eate de la classe ouvri\u00e8re<\/li>\n<\/ol>\n<p>[mixcloud https:\/\/www.mixcloud.com\/jlbagault\/chronique-du-groupe-fred-zeller-du-29-mai-2017\/ width=100% height=60 hide_cover=1 mini=1 light=1]<\/p>\n<p>&nbsp;<\/p>\n<p style=\"text-align:center;\">Pour \u00e9changer sur ce sujet, <a title=\"Contacter le Groupe Fred Zeller\" href=\"https:\/\/lpdordogne.wordpress.com\/contacter-le-groupe-fred-zeller\/\" target=\"_blank\" rel=\"noopener noreferrer\">contactez le Groupe Fred Zeller<\/a><\/p>\n<p style=\"text-align:center;\">courriel : <a href=\"mailto:contact@lpdordogne.fr\">contact@lpdordogne.fr<\/a><\/p>\n<p>&nbsp;<\/p>\n","protected":false},"excerpt":{"rendered":"<p>La doctrine sociale de l&rsquo;\u00c9glise &nbsp; Apr\u00e8s avoir pr\u00e9sent\u00e9 la vie et l&rsquo;oeuvre des papes Pie IX et L\u00e9on XIII, qui ont r\u00e9orient\u00e9 l&rsquo;attitude du Vatican et d\u00e9fini la \u00ab\u00a0doctrine sociale de l&rsquo;Eglise\u00a0\u00bb. L&rsquo;objet de cette rubrique \u00a0est d&rsquo;examiner si cette doctrine s&rsquo;est appliqu\u00e9e dans des soci\u00e9t\u00e9s ou des \u00e9tats et si elle est encore &hellip; <a href=\"https:\/\/www.lpdordogne.fr\/?p=1970\" class=\"more-link\">Continuer la lecture<span class=\"screen-reader-text\"> de &laquo;&nbsp;Les moyens que s&rsquo;est donn\u00e9 l&rsquo;Eglise pour appliquer sa doctrine sociale  (24 juillet 2017)&nbsp;&raquo;<\/span><\/a><\/p>\n","protected":false},"author":2,"featured_media":0,"comment_status":"closed","ping_status":"open","sticky":false,"template":"","format":"standard","meta":{"footnotes":""},"categories":[20],"tags":[],"class_list":["post-1970","post","type-post","status-publish","format-standard","hentry","category-rlp"],"_links":{"self":[{"href":"https:\/\/www.lpdordogne.fr\/index.php?rest_route=\/wp\/v2\/posts\/1970","targetHints":{"allow":["GET"]}}],"collection":[{"href":"https:\/\/www.lpdordogne.fr\/index.php?rest_route=\/wp\/v2\/posts"}],"about":[{"href":"https:\/\/www.lpdordogne.fr\/index.php?rest_route=\/wp\/v2\/types\/post"}],"author":[{"embeddable":true,"href":"https:\/\/www.lpdordogne.fr\/index.php?rest_route=\/wp\/v2\/users\/2"}],"replies":[{"embeddable":true,"href":"https:\/\/www.lpdordogne.fr\/index.php?rest_route=%2Fwp%2Fv2%2Fcomments&post=1970"}],"version-history":[{"count":0,"href":"https:\/\/www.lpdordogne.fr\/index.php?rest_route=\/wp\/v2\/posts\/1970\/revisions"}],"wp:attachment":[{"href":"https:\/\/www.lpdordogne.fr\/index.php?rest_route=%2Fwp%2Fv2%2Fmedia&parent=1970"}],"wp:term":[{"taxonomy":"category","embeddable":true,"href":"https:\/\/www.lpdordogne.fr\/index.php?rest_route=%2Fwp%2Fv2%2Fcategories&post=1970"},{"taxonomy":"post_tag","embeddable":true,"href":"https:\/\/www.lpdordogne.fr\/index.php?rest_route=%2Fwp%2Fv2%2Ftags&post=1970"}],"curies":[{"name":"wp","href":"https:\/\/api.w.org\/{rel}","templated":true}]}}