{"id":194,"date":"2015-01-15T00:09:32","date_gmt":"2015-01-14T23:09:32","guid":{"rendered":"https:\/\/lpdordogne.wordpress.com\/?p=194"},"modified":"2015-01-15T00:09:32","modified_gmt":"2015-01-14T23:09:32","slug":"a-propos-des-obseques-civiles","status":"publish","type":"post","link":"https:\/\/www.lpdordogne.fr\/?p=194","title":{"rendered":"\u00e0 propos des obs\u00e8ques civiles"},"content":{"rendered":"<p style=\"text-align:justify;\">Choisir librement les dispositions relatives \u00e0 sa propre s\u00e9pulture est un droit. Il n&rsquo;en a pas toujours \u00e9t\u00e9 ainsi ; nous aborderons ce point plus tard. Mais l&rsquo;exercice de ce droit a quelque chose de particulier car, souvent, le d\u00e9funt n&rsquo;a pas express\u00e9ment \u00a0indiqu\u00e9 ses souhaits par \u00e9crit. Il est alors fr\u00e9quent de voir\u00a0les Eglises exercer des pressions sur les familles, profitant de la douleur de celles-ci. Parfois, ces pressions vont jusqu&rsquo;\u00e0 diviser les familles. \u00a0Qui ne connait un proche, une connaissance dont on s&rsquo;\u00e9tonne qu&rsquo;il ait eu des obs\u00e8ques religieuses ?<\/p>\n<p style=\"text-align:justify;\">Et lorsque la volont\u00e9 d&rsquo;obs\u00e8ques civiles est respect\u00e9e, une autre difficult\u00e9 attend les proches : bien rare sont les municipalit\u00e9s qui mettent \u00e0 disposition des familles un lieu de recueillement digne de ce nom, et, bien souvent, aucune disposition n&rsquo;existe. c&rsquo;est ce qui motive la Libre Pens\u00e9e et, sur le plan local, le Groupe Fred Zeller, \u00e0 engager des d\u00e9marches pour obtenir des salles pour les obs\u00e8ques civiles.<\/p>\n<p style=\"text-align:justify;\">\n<p style=\"text-align:justify;\">\n<p><!--more--><\/p>\n<p style=\"text-align:justify;\">La\u00a0Libre Pens\u00e9e a formul\u00e9 diff\u00e9rents souhaits ou objectifs quant \u00e0 la r\u00e9alisation effective de la libert\u00e9 de choix apr\u00e8s le d\u00e9c\u00e8s\u00a0:<br \/>\n<img loading=\"lazy\" decoding=\"async\" class=\"puce\" src=\"http:\/\/www.fnlp.fr\/squelettes-dist\/puce.gif\" alt=\"-\" width=\"8\" height=\"11\" \/>\u00a0par le d\u00e9veloppement de la cr\u00e9mation et la r\u00e9elle neutralit\u00e9 de la d\u00e9nomination des cr\u00e9matoriums ainsi que des salles des c\u00e9r\u00e9monies<br \/>\n<img loading=\"lazy\" decoding=\"async\" class=\"puce\" src=\"http:\/\/www.fnlp.fr\/squelettes-dist\/puce.gif\" alt=\"-\" width=\"8\" height=\"11\" \/>\u00a0par le refus de la cr\u00e9ation, anti la\u00efque et communautariste, des carr\u00e9s confessionnels dans les cimeti\u00e8res, au m\u00e9pris des lois de 1887 et 1905.<br \/>\n<img loading=\"lazy\" decoding=\"async\" class=\"puce\" src=\"http:\/\/www.fnlp.fr\/squelettes-dist\/puce.gif\" alt=\"-\" width=\"8\" height=\"11\" \/>\u00a0par la revendication de salles municipales gratuites pour r\u00e9aliser d\u00e9cemment les fun\u00e9railles <span class=\"spip_surligne\">civiles<\/span>.<\/p>\n<p style=\"text-align:justify;\">Sur ce dernier point, la Libre Pens\u00e9e intervient\u00a0depuis de nombreuses ann\u00e9es, et plus particuli\u00e8rement depuis son congr\u00e8s de 2009 o\u00f9 cette question a \u00e9t\u00e9 \u00e9tudi\u00e9e de mani\u00e8re tr\u00e8s pr\u00e9cise,<\/p>\n<p style=\"text-align:justify;\">Vous \u00eates confront\u00e9 \u00e0 une absence de lieu de recueillement pour les obs\u00e8ques civiles\u00a0dans votre commune ?<br \/>\nPrenez contact avec le Groupe Fred Zeller afin d&rsquo;engager les d\u00e9marches pour obtenir la mise \u00e0 disposition d&rsquo;une salle municipale gratuite.<\/p>\n<p style=\"text-align:justify;\">\n","protected":false},"excerpt":{"rendered":"<p>Choisir librement les dispositions relatives \u00e0 sa propre s\u00e9pulture est un droit. Il n&rsquo;en a pas toujours \u00e9t\u00e9 ainsi ; nous aborderons ce point plus tard. Mais l&rsquo;exercice de ce droit a quelque chose de particulier car, souvent, le d\u00e9funt n&rsquo;a pas express\u00e9ment \u00a0indiqu\u00e9 ses souhaits par \u00e9crit. Il est alors fr\u00e9quent de voir\u00a0les Eglises &hellip; <a href=\"https:\/\/www.lpdordogne.fr\/?p=194\" class=\"more-link\">Continuer la lecture<span class=\"screen-reader-text\"> de &laquo;&nbsp;\u00e0 propos des obs\u00e8ques civiles&nbsp;&raquo;<\/span><\/a><\/p>\n","protected":false},"author":2,"featured_media":0,"comment_status":"closed","ping_status":"open","sticky":false,"template":"","format":"standard","meta":{"footnotes":""},"categories":[15],"tags":[],"class_list":["post-194","post","type-post","status-publish","format-standard","hentry","category-obseques-civiles"],"_links":{"self":[{"href":"https:\/\/www.lpdordogne.fr\/index.php?rest_route=\/wp\/v2\/posts\/194","targetHints":{"allow":["GET"]}}],"collection":[{"href":"https:\/\/www.lpdordogne.fr\/index.php?rest_route=\/wp\/v2\/posts"}],"about":[{"href":"https:\/\/www.lpdordogne.fr\/index.php?rest_route=\/wp\/v2\/types\/post"}],"author":[{"embeddable":true,"href":"https:\/\/www.lpdordogne.fr\/index.php?rest_route=\/wp\/v2\/users\/2"}],"replies":[{"embeddable":true,"href":"https:\/\/www.lpdordogne.fr\/index.php?rest_route=%2Fwp%2Fv2%2Fcomments&post=194"}],"version-history":[{"count":0,"href":"https:\/\/www.lpdordogne.fr\/index.php?rest_route=\/wp\/v2\/posts\/194\/revisions"}],"wp:attachment":[{"href":"https:\/\/www.lpdordogne.fr\/index.php?rest_route=%2Fwp%2Fv2%2Fmedia&parent=194"}],"wp:term":[{"taxonomy":"category","embeddable":true,"href":"https:\/\/www.lpdordogne.fr\/index.php?rest_route=%2Fwp%2Fv2%2Fcategories&post=194"},{"taxonomy":"post_tag","embeddable":true,"href":"https:\/\/www.lpdordogne.fr\/index.php?rest_route=%2Fwp%2Fv2%2Ftags&post=194"}],"curies":[{"name":"wp","href":"https:\/\/api.w.org\/{rel}","templated":true}]}}