{"id":1939,"date":"2017-04-16T17:41:13","date_gmt":"2017-04-16T16:41:13","guid":{"rendered":"https:\/\/lpdordogne.wordpress.com\/?p=1939"},"modified":"2017-04-16T17:41:13","modified_gmt":"2017-04-16T16:41:13","slug":"le-discours-de-la-honte","status":"publish","type":"post","link":"https:\/\/www.lpdordogne.fr\/?p=1939","title":{"rendered":"Le discours de la honte"},"content":{"rendered":"<h1 class=\"art-postheader\" style=\"text-align:center;\">Fran\u00e7ois Hollande \u00e0 Cerny-en-Laonnais : Le discours de la honte !<\/h1>\n<p>&nbsp;<\/p>\n<p style=\"text-align:justify;\">Le quinquennat de<strong> Fran\u00e7ois Hollande<\/strong> s\u2019ach\u00e8ve comme il a commenc\u00e9\u00a0: dans la turpitude la plus compl\u00e8te. Il avait d\u00e9but\u00e9 par un reniement\u00a0: celui de son engagement de candidat pour la <strong>r\u00e9habilitation collective des 639 Fusill\u00e9s pour l\u2019exemple<\/strong> de la Premi\u00e8re Guerre mondiale. Il s\u2019est poursuivi par <strong>la mont\u00e9e en puissance des op\u00e9rations militaires ext\u00e9rieures<\/strong> qui ne sont que le masque hypocrite d\u2019exp\u00e9ditions n\u00e9ocoloniales. Il s\u2019est termin\u00e9 par le <strong>honteux discours du 16 avril 2017<\/strong> \u00e0 l\u2019occasion du centenaire des mutineries de 1917.<\/p>\n<p style=\"text-align:justify;\">Constatons que, malgr\u00e9 tous ses efforts r\u00e9visionnistes, la question des Fusill\u00e9s pour l\u2019exemple,<strong> les hommes qui ont dit Non\u00a0!<\/strong> et celle des mutineries n\u2019ont pu \u00eatre occult\u00e9es. Les commentaires et reportages autour du centenaire du <strong>Chemin des Dames<\/strong> ont quasiment tous mis ces questions au centre de leur r\u00e9alisation.<\/p>\n<p style=\"text-align:justify;\"><strong>La Libre Pens\u00e9e<\/strong> avec toutes les associations et les citoyennes et citoyens qui agissent ensemble pour la r\u00e9habilitation collective des Fusill\u00e9s pour l\u2019exemple y sont pour beaucoup.<\/p>\n<h2>Un mauvais discours pour une mauvaise cause<\/h2>\n<p style=\"text-align:justify;\"><strong><img loading=\"lazy\" decoding=\"async\" class=\"alignleft\" src=\"http:\/\/www.fnlp.fr\/uploads\/images\/edito\/appel_republique\/fusille01.jpg\" alt=\"\" width=\"250\" height=\"184\" \/>Fran\u00e7ois Hollande<\/strong> a notamment dit\u00a0:\u00a0<em>\u00ab\u00a0Il ne s\u2019agit pas de juger\u00a0\u00bb<\/em>. Les g\u00e9n\u00e9raux fusilleurs ne seront donc jamais jug\u00e9s et ils ne rendront aucun compte devant l\u2019Histoire. Les assassins peuvent dormir tranquilles. Il a rajout\u00e9\u00a0:<em>\u00a0\u00ab\u00a0 il faut r\u00e9unir toutes les m\u00e9moires de la guerre\u00a0\u00bb<\/em>, celle des bourreaux et celle des victimes comme il l\u2019a fait dans le <strong>Mus\u00e9e des arm\u00e9es aux Invalides<\/strong>, o\u00f9 les Fusill\u00e9s c\u00f4toient les fusilleurs.<\/p>\n<h2>Peut-on faire la paix des m\u00e9moires sans rendre la Justice\u00a0?<\/h2>\n<p style=\"text-align:justify;\">Il a quand m\u00eame \u00e9t\u00e9 oblig\u00e9 de dire\u00a0:\u00a0<em>\u00ab\u00a0Les plus braves ont pu un instant vaciller\u00a0\u00bb<\/em>. <strong>Fran\u00e7ois Hollande est all\u00e9 encore moins loin que Nicolas Sarkozy.<\/strong> Il a essay\u00e9 de se couvrir de la pr\u00e9sence de <strong>Lionel Jospin<\/strong> pour tenter de donner un peu de lustre \u00e0 sa politique.\u00a0 Ce n\u2019est gu\u00e8re grandiose.<\/p>\n<p><strong><img loading=\"lazy\" decoding=\"async\" class=\"aligncenter\" src=\"http:\/\/www.fnlp.fr\/uploads\/images\/edito\/hollandelaonnais\/mutinerie_aisne.jpg\" alt=\"\" width=\"361\" height=\"203\" \/><\/strong><\/p>\n<p style=\"text-align:justify;\">Jean-Marc Todeschini, Secr\u00e9taire d\u2019\u00c9tat aux Anciens Combattants et \u00e0 la M\u00e9moire, a \u00e9t\u00e9 interview\u00e9 par le <em><strong>Courrier Picard<\/strong><\/em>, le 14 avril 2017. Que dit-il\u00a0 en r\u00e9f\u00e9rence \u00e0 la d\u00e9claration de <strong>Lionel Jospin<\/strong> de 1998 ?\u00a0: <em>\u00ab\u00a0 D\u2019abord, il faut faire la diff\u00e9rence entre Fusill\u00e9s pour l\u2019exemple et les mutins. Il ne s\u2019agit pas de les r\u00e9habiliter aujourd\u2019hui, mais de les r\u00e9int\u00e9grer dans la m\u00e9moire collective, de les regarder avec humanit\u00e9 et de se dire, qu\u2019est-ce qu\u2019on aurait fait \u00e0 leur place\u00a0?\u00a0\u00bb.<\/em><\/p>\n<p style=\"text-align:justify;\">Le 11 novembre 1998, <strong>Christian Eyschen<\/strong>, alors Secr\u00e9taire g\u00e9n\u00e9ral de <strong>la Libre Pens\u00e9e<\/strong>, dans son discours devant <strong>le monument pacifiste de Gentioux<\/strong> l\u2019avait d\u00e9j\u00e0 clairement indiqu\u00e9\u00a0:\u00a0<em>\u00ab\u00a0Il ne s\u2019agit pas de r\u00e9int\u00e9grer les Fusill\u00e9s dans la m\u00e9moire collective, ils ne l\u2019ont jamais quitt\u00e9, il s\u2019agit de leur rendre justice.\u00a0\u00bb<\/em><\/p>\n<h2>C\u2019est toujours la justice que les gouvernements\u00a0 et tous leurs ministres, pass\u00e9s et pr\u00e9sents, refusent de rendre aux Fusill\u00e9s pour l\u2019exemple\u00a0!<\/h2>\n<h1>Honte \u00e0 eux\u00a0!<\/h1>\n<p><img loading=\"lazy\" decoding=\"async\" class=\"alignleft\" src=\"http:\/\/www.fnlp.fr\/uploads\/images\/edito\/hollandelaonnais\/2x15fMloi4yE-568Jcl6IhGV-5I.jpg\" alt=\"\" width=\"200\" height=\"213\" \/><\/p>\n<p style=\"text-align:justify;\">La <strong>F\u00e9d\u00e9ration nationale de la Libre Pens\u00e9e<\/strong>, <strong>avec les associations<\/strong> qui luttent pour la r\u00e9habilitation collective, organise des rassemblements en hommage aux mutins et aux Fusill\u00e9s pour l\u2019exemple\u00a0:<\/p>\n<p style=\"text-align:justify;\">\u25a0 \u00a0 Le 13 mai 2017 \u00e0\u00a0 16 h en hommage aux <strong>Mutins du Chemin des Dames<\/strong> dans le cimeti\u00e8re du village\u00a0 de <strong>Maizy<\/strong> o\u00f9 ont \u00e9t\u00e9 fusill\u00e9s 3 soldats. Pour s\u2019y rendre : Maizy se trouve sur la rive gauche de l\u2019Aisne, \u00e0 35 kms au nord-ouest de Reims, \u00e0 36 kms \u00e0 l\u2019est de Soissons.<\/p>\n<p style=\"text-align:justify;\">\u25a0 \u00a0 Le samedi 24 juin 2017 \u00e0 <strong>La Courtine dans la Creuse, la F\u00e9d\u00e9ration nationale de la Libre Pens\u00e9e et sa F\u00e9d\u00e9ration de la Creuse<\/strong> organisent une journ\u00e9e de comm\u00e9moration de la mutinerie des soldats Russes \u00e0 la Courtine durant l&rsquo;\u00e9t\u00e9 1917.<\/p>\n<p style=\"text-align:justify;\">La journ\u00e9e d\u00e9butera\u00a0\u00e0 onze heures par un d\u00e9p\u00f4t de gerbe au\u00a0 pied du monument comm\u00e9moratif de ces \u00e9v\u00e9nements (\u00e9rig\u00e9 dans le cimeti\u00e8re de la Courtine, \u00e0 l&rsquo;initiative de la F\u00e9d\u00e9ration de la Creuse de la Libre Pens\u00e9e) et les prises de paroles suivront. A l&rsquo;issue, nous nous retrouverons au restaurant <em><strong>\u00ab\u00a0le Petit Breuil<\/strong><\/em>\u00a0\u00bb pour un banquet fraternel. L&rsquo;apr\u00e8s-midi, au <strong>cin\u00e9ma de La Courtine<\/strong>,\u00a0 sera diffus\u00e9e la pi\u00e8ce radiophonique <em><strong>\u00ab\u00a0un homme dans la br\u00e8che\u00a0\u00bb<\/strong><\/em> de <strong>Michel Sidoroff<\/strong>\u00a0qui contribuera \u00e0 l&rsquo;animation du d\u00e9bat qui suivra.<\/p>\n<p style=\"text-align:justify;\">\u25a0 \u00a0 \u00a0Des rassemblements analogues en hommage aux Fusill\u00e9s, aux mutins de 1917 et aux soldats russes de La Courtine auront lieu aussi au mois de juin 2017 \u00e0 <strong>Angers<\/strong> (le 10 juin \u00e0 10h30, place de la Paix) et \u00e0 <strong>Marseille<\/strong>.<\/p>\n<h1>Venez-y nombreux\u00a0!<\/h1>\n<p style=\"text-align:justify;\">Par ailleurs, la r\u00e9habilitation collective des Fusill\u00e9s pour l\u2019exemple sera faite en 2018 par l\u2019<strong>\u00e9rection d\u2019un monument sur la ligne de front en hommage aux 639 Fusill\u00e9s pour l\u2019exemple<\/strong>. Une collecte est en cours qui a d\u00e9j\u00e0 r\u00e9ussi \u00e0 ramasser le quart de la somme n\u00e9cessaire.<\/p>\n<p>&nbsp;<\/p>\n<blockquote><p><strong>La R\u00e9publique r\u00e9habilitera les Fusill\u00e9s pour l\u2019exemple et tous les r\u00e9fractaires \u00e0 la guerre.<br \/>\nNous sommes la R\u00e9publique\u00a0! <\/strong><strong>Nous r\u00e9habiliterons les Fusill\u00e9s\u00a0!<br \/>\nNous vous appelo<\/strong><strong>ns \u00e0 verser massivement pour l\u2019\u00e9rection de ce monument en hommage \u00e0 toutes les victimes des guerres!<\/strong><\/p>\n<p style=\"text-align:center;\"><img decoding=\"async\" src=\"http:\/\/www.fnlp.fr\/uploads\/images\/edito\/hollandelaonnais\/79482391_o.jpg\" \/><\/p>\n<\/blockquote>\n","protected":false},"excerpt":{"rendered":"<p>Fran\u00e7ois Hollande \u00e0 Cerny-en-Laonnais : Le discours de la honte ! &nbsp; Le quinquennat de Fran\u00e7ois Hollande s\u2019ach\u00e8ve comme il a commenc\u00e9\u00a0: dans la turpitude la plus compl\u00e8te. Il avait d\u00e9but\u00e9 par un reniement\u00a0: celui de son engagement de candidat pour la r\u00e9habilitation collective des 639 Fusill\u00e9s pour l\u2019exemple de la Premi\u00e8re Guerre mondiale. Il &hellip; <a href=\"https:\/\/www.lpdordogne.fr\/?p=1939\" class=\"more-link\">Continuer la lecture<span class=\"screen-reader-text\"> de &laquo;&nbsp;Le discours de la honte&nbsp;&raquo;<\/span><\/a><\/p>\n","protected":false},"author":2,"featured_media":1445,"comment_status":"closed","ping_status":"open","sticky":false,"template":"","format":"standard","meta":{"footnotes":""},"categories":[9,16],"tags":[],"class_list":["post-1939","post","type-post","status-publish","format-standard","has-post-thumbnail","hentry","category-fusilles-pour-lexemple","category-pacifisme-antimilitarisme"],"_links":{"self":[{"href":"https:\/\/www.lpdordogne.fr\/index.php?rest_route=\/wp\/v2\/posts\/1939","targetHints":{"allow":["GET"]}}],"collection":[{"href":"https:\/\/www.lpdordogne.fr\/index.php?rest_route=\/wp\/v2\/posts"}],"about":[{"href":"https:\/\/www.lpdordogne.fr\/index.php?rest_route=\/wp\/v2\/types\/post"}],"author":[{"embeddable":true,"href":"https:\/\/www.lpdordogne.fr\/index.php?rest_route=\/wp\/v2\/users\/2"}],"replies":[{"embeddable":true,"href":"https:\/\/www.lpdordogne.fr\/index.php?rest_route=%2Fwp%2Fv2%2Fcomments&post=1939"}],"version-history":[{"count":0,"href":"https:\/\/www.lpdordogne.fr\/index.php?rest_route=\/wp\/v2\/posts\/1939\/revisions"}],"wp:featuredmedia":[{"embeddable":true,"href":"https:\/\/www.lpdordogne.fr\/index.php?rest_route=\/wp\/v2\/media\/1445"}],"wp:attachment":[{"href":"https:\/\/www.lpdordogne.fr\/index.php?rest_route=%2Fwp%2Fv2%2Fmedia&parent=1939"}],"wp:term":[{"taxonomy":"category","embeddable":true,"href":"https:\/\/www.lpdordogne.fr\/index.php?rest_route=%2Fwp%2Fv2%2Fcategories&post=1939"},{"taxonomy":"post_tag","embeddable":true,"href":"https:\/\/www.lpdordogne.fr\/index.php?rest_route=%2Fwp%2Fv2%2Ftags&post=1939"}],"curies":[{"name":"wp","href":"https:\/\/api.w.org\/{rel}","templated":true}]}}