{"id":1934,"date":"2017-04-11T22:46:02","date_gmt":"2017-04-11T21:46:02","guid":{"rendered":"https:\/\/lpdordogne.wordpress.com\/?p=1934"},"modified":"2017-04-11T22:46:02","modified_gmt":"2017-04-11T21:46:02","slug":"le-groupe-fred-zeller-recoit-violette-folgado-sur-rlp-lundi-10-avril-2017","status":"publish","type":"post","link":"https:\/\/www.lpdordogne.fr\/?p=1934","title":{"rendered":"Le Groupe Fred Zeller re\u00e7oit Violette Folgado sur RLP lundi 10 avril 2017"},"content":{"rendered":"<h2 class=\"art-postheader\" style=\"text-align:center;\">Interview de Violette Folgado,<br \/>\npr\u00e9sidente du comit\u00e9 Dordogne-Palestine,<br \/>\nsur RLP, lundi 10 avril 2017<\/h2>\n<p>&nbsp;<\/p>\n<p>[mixcloud https:\/\/www.mixcloud.com\/jlbagault\/chronique-du-groupe-fred-zeller-du-10-avril-2017\/ width=100% height=60 hide_cover=1 mini=1 light=1]<\/p>\n<p><img loading=\"lazy\" decoding=\"async\" class=\"alignleft size-thumbnail wp-image-1935\" src=\"https:\/\/www.lpdordogne.fr\/wp-content\/uploads\/2017\/04\/img_20161125_193012.jpg?w=133\" alt=\"\" width=\"133\" height=\"150\" srcset=\"https:\/\/www.lpdordogne.fr\/wp-content\/uploads\/2017\/04\/img_20161125_193012.jpg 1484w, https:\/\/www.lpdordogne.fr\/wp-content\/uploads\/2017\/04\/img_20161125_193012-265x300.jpg 265w, https:\/\/www.lpdordogne.fr\/wp-content\/uploads\/2017\/04\/img_20161125_193012-905x1024.jpg 905w, https:\/\/www.lpdordogne.fr\/wp-content\/uploads\/2017\/04\/img_20161125_193012-768x869.jpg 768w, https:\/\/www.lpdordogne.fr\/wp-content\/uploads\/2017\/04\/img_20161125_193012-1357x1536.jpg 1357w\" sizes=\"auto, (max-width: 133px) 85vw, 133px\" \/>Violette Folgado est pr\u00e9sidente du comit\u00e9 Dordogne-Palestine.<\/p>\n<p>Elle assure \u00e9galement la responsabilit\u00e9 du collectif 24 du mouvement de la Paix<\/p>\n<p>Elle est aujourd&rsquo;hui 10 avril 2017, re\u00e7ue par le groupe Fred Zeller sur l&rsquo;antenne de RLP, et annonce l&rsquo;initiative prise par le collectif 24 ce mercredi 12 avril 2017<\/p>\n<p align=\"JUSTIFY\">\n<p style=\"text-align:center;\"><a href=\"https:\/\/www.lpdordogne.fr\/wp-content\/uploads\/2017\/04\/initiatve-12-avril-2017.pdf\" target=\"_blank\" rel=\"noopener\"><img loading=\"lazy\" decoding=\"async\" class=\"aligncenter wp-image-1931 size-large\" src=\"https:\/\/www.lpdordogne.fr\/wp-content\/uploads\/2017\/04\/12avril-mvtpaix.png?w=474\" alt=\"\" width=\"474\" height=\"227\" srcset=\"https:\/\/www.lpdordogne.fr\/wp-content\/uploads\/2017\/04\/12avril-mvtpaix.png 1439w, https:\/\/www.lpdordogne.fr\/wp-content\/uploads\/2017\/04\/12avril-mvtpaix-300x144.png 300w, https:\/\/www.lpdordogne.fr\/wp-content\/uploads\/2017\/04\/12avril-mvtpaix-1024x490.png 1024w, https:\/\/www.lpdordogne.fr\/wp-content\/uploads\/2017\/04\/12avril-mvtpaix-768x368.png 768w\" sizes=\"auto, (max-width: 474px) 85vw, 474px\" \/><\/a><\/p>\n<p>&nbsp;<\/p>\n<p style=\"text-align:center;\">Pour \u00e9changer sur ce sujet, <a title=\"Contacter le Groupe Fred Zeller\" href=\"https:\/\/lpdordogne.wordpress.com\/contacter-le-groupe-fred-zeller\/\" target=\"_blank\" rel=\"noopener\">contactez le Groupe Fred Zeller<\/a><\/p>\n<p style=\"text-align:center;\">courriel : <a href=\"mailto:contact@lpdordogne.fr\">contact@lpdordogne.fr<\/a><\/p>\n<p>&nbsp;<\/p>\n","protected":false},"excerpt":{"rendered":"<p>Interview de Violette Folgado, pr\u00e9sidente du comit\u00e9 Dordogne-Palestine, sur RLP, lundi 10 avril 2017 &nbsp; [mixcloud https:\/\/www.mixcloud.com\/jlbagault\/chronique-du-groupe-fred-zeller-du-10-avril-2017\/ width=100% height=60 hide_cover=1 mini=1 light=1] Violette Folgado est pr\u00e9sidente du comit\u00e9 Dordogne-Palestine. Elle assure \u00e9galement la responsabilit\u00e9 du collectif 24 du mouvement de la Paix Elle est aujourd&rsquo;hui 10 avril 2017, re\u00e7ue par le groupe Fred Zeller sur &hellip; <a href=\"https:\/\/www.lpdordogne.fr\/?p=1934\" class=\"more-link\">Continuer la lecture<span class=\"screen-reader-text\"> de &laquo;&nbsp;Le Groupe Fred Zeller re\u00e7oit Violette Folgado sur RLP lundi 10 avril 2017&nbsp;&raquo;<\/span><\/a><\/p>\n","protected":false},"author":2,"featured_media":0,"comment_status":"closed","ping_status":"open","sticky":false,"template":"","format":"standard","meta":{"footnotes":""},"categories":[16,20],"tags":[],"class_list":["post-1934","post","type-post","status-publish","format-standard","hentry","category-pacifisme-antimilitarisme","category-rlp"],"_links":{"self":[{"href":"https:\/\/www.lpdordogne.fr\/index.php?rest_route=\/wp\/v2\/posts\/1934","targetHints":{"allow":["GET"]}}],"collection":[{"href":"https:\/\/www.lpdordogne.fr\/index.php?rest_route=\/wp\/v2\/posts"}],"about":[{"href":"https:\/\/www.lpdordogne.fr\/index.php?rest_route=\/wp\/v2\/types\/post"}],"author":[{"embeddable":true,"href":"https:\/\/www.lpdordogne.fr\/index.php?rest_route=\/wp\/v2\/users\/2"}],"replies":[{"embeddable":true,"href":"https:\/\/www.lpdordogne.fr\/index.php?rest_route=%2Fwp%2Fv2%2Fcomments&post=1934"}],"version-history":[{"count":0,"href":"https:\/\/www.lpdordogne.fr\/index.php?rest_route=\/wp\/v2\/posts\/1934\/revisions"}],"wp:attachment":[{"href":"https:\/\/www.lpdordogne.fr\/index.php?rest_route=%2Fwp%2Fv2%2Fmedia&parent=1934"}],"wp:term":[{"taxonomy":"category","embeddable":true,"href":"https:\/\/www.lpdordogne.fr\/index.php?rest_route=%2Fwp%2Fv2%2Fcategories&post=1934"},{"taxonomy":"post_tag","embeddable":true,"href":"https:\/\/www.lpdordogne.fr\/index.php?rest_route=%2Fwp%2Fv2%2Ftags&post=1934"}],"curies":[{"name":"wp","href":"https:\/\/api.w.org\/{rel}","templated":true}]}}