{"id":1930,"date":"2017-04-11T13:56:04","date_gmt":"2017-04-11T12:56:04","guid":{"rendered":"https:\/\/lpdordogne.wordpress.com\/?p=1930"},"modified":"2017-04-11T13:56:04","modified_gmt":"2017-04-11T12:56:04","slug":"communique-du-collectif-24-du-mouvement-de-la-paix","status":"publish","type":"post","link":"https:\/\/www.lpdordogne.fr\/?p=1930","title":{"rendered":"Communiqu\u00e9 du collectif 24 du mouvement de la Paix"},"content":{"rendered":"<h2 style=\"text-align:center;\">Mercredi 12 avril<br \/>\nle collectif 24 du Mouvement de la Paix<br \/>\nvous donne rendez-vous \u00e0 P\u00e9rigueux :<\/h2>\n<ul>\n<li>\n<h4>\u00e0 14h, esplanade Francheville<\/h4>\n<\/li>\n<li>\n<h4>\u00e0 17h, prise de parole<\/h4>\n<\/li>\n<\/ul>\n<p style=\"text-align:center;\">VENEZ NOMBREUX<\/p>\n<p style=\"text-align:center;\"><a href=\"https:\/\/www.lpdordogne.fr\/wp-content\/uploads\/2017\/04\/initiatve-12-avril-2017.pdf\" target=\"_blank\" rel=\"noopener\">lire le communiqu\u00e9 de presse du collectif 24<\/a><\/p>\n<p style=\"text-align:center;\"><a href=\"https:\/\/www.lpdordogne.fr\/wp-content\/uploads\/2017\/04\/initiatve-12-avril-2017.pdf\" target=\"_blank\" rel=\"noopener\"><img loading=\"lazy\" decoding=\"async\" class=\"aligncenter wp-image-1931 size-large\" src=\"https:\/\/www.lpdordogne.fr\/wp-content\/uploads\/2017\/04\/12avril-mvtpaix.png?w=474\" alt=\"\" width=\"474\" height=\"227\" srcset=\"https:\/\/www.lpdordogne.fr\/wp-content\/uploads\/2017\/04\/12avril-mvtpaix.png 1439w, https:\/\/www.lpdordogne.fr\/wp-content\/uploads\/2017\/04\/12avril-mvtpaix-300x144.png 300w, https:\/\/www.lpdordogne.fr\/wp-content\/uploads\/2017\/04\/12avril-mvtpaix-1024x490.png 1024w, https:\/\/www.lpdordogne.fr\/wp-content\/uploads\/2017\/04\/12avril-mvtpaix-768x368.png 768w\" sizes=\"auto, (max-width: 474px) 85vw, 474px\" \/><\/a><\/p>\n","protected":false},"excerpt":{"rendered":"<p>Mercredi 12 avril le collectif 24 du Mouvement de la Paix vous donne rendez-vous \u00e0 P\u00e9rigueux : \u00e0 14h, esplanade Francheville \u00e0 17h, prise de parole VENEZ NOMBREUX lire le communiqu\u00e9 de presse du collectif 24<\/p>\n","protected":false},"author":2,"featured_media":1931,"comment_status":"closed","ping_status":"open","sticky":false,"template":"","format":"standard","meta":{"footnotes":""},"categories":[16],"tags":[],"class_list":["post-1930","post","type-post","status-publish","format-standard","has-post-thumbnail","hentry","category-pacifisme-antimilitarisme"],"_links":{"self":[{"href":"https:\/\/www.lpdordogne.fr\/index.php?rest_route=\/wp\/v2\/posts\/1930","targetHints":{"allow":["GET"]}}],"collection":[{"href":"https:\/\/www.lpdordogne.fr\/index.php?rest_route=\/wp\/v2\/posts"}],"about":[{"href":"https:\/\/www.lpdordogne.fr\/index.php?rest_route=\/wp\/v2\/types\/post"}],"author":[{"embeddable":true,"href":"https:\/\/www.lpdordogne.fr\/index.php?rest_route=\/wp\/v2\/users\/2"}],"replies":[{"embeddable":true,"href":"https:\/\/www.lpdordogne.fr\/index.php?rest_route=%2Fwp%2Fv2%2Fcomments&post=1930"}],"version-history":[{"count":0,"href":"https:\/\/www.lpdordogne.fr\/index.php?rest_route=\/wp\/v2\/posts\/1930\/revisions"}],"wp:featuredmedia":[{"embeddable":true,"href":"https:\/\/www.lpdordogne.fr\/index.php?rest_route=\/wp\/v2\/media\/1931"}],"wp:attachment":[{"href":"https:\/\/www.lpdordogne.fr\/index.php?rest_route=%2Fwp%2Fv2%2Fmedia&parent=1930"}],"wp:term":[{"taxonomy":"category","embeddable":true,"href":"https:\/\/www.lpdordogne.fr\/index.php?rest_route=%2Fwp%2Fv2%2Fcategories&post=1930"},{"taxonomy":"post_tag","embeddable":true,"href":"https:\/\/www.lpdordogne.fr\/index.php?rest_route=%2Fwp%2Fv2%2Ftags&post=1930"}],"curies":[{"name":"wp","href":"https:\/\/api.w.org\/{rel}","templated":true}]}}