{"id":1914,"date":"2017-03-26T21:51:09","date_gmt":"2017-03-26T20:51:09","guid":{"rendered":"https:\/\/lpdordogne.wordpress.com\/?p=1914"},"modified":"2017-03-26T21:51:09","modified_gmt":"2017-03-26T20:51:09","slug":"parution-de-la-raison-n-620","status":"publish","type":"post","link":"https:\/\/www.lpdordogne.fr\/?p=1914","title":{"rendered":"Parution de \u00ab\u00a0La Raison\u00a0\u00bb N\u00b0 620"},"content":{"rendered":"<h3><a href=\"http:\/\/www.fnlp.fr\/news\/314\/17\/La-Raison-n-615-chez-nos-abonnes\/d,lp_detail.html\" target=\"_blank\" rel=\"noopener\"><img loading=\"lazy\" decoding=\"async\" class=\"alignleft wp-image-1915 size-thumbnail\" src=\"https:\/\/www.lpdordogne.fr\/wp-content\/uploads\/2017\/03\/couv620.jpg?w=106\" alt=\"\" width=\"106\" height=\"150\" srcset=\"https:\/\/www.lpdordogne.fr\/wp-content\/uploads\/2017\/03\/couv620.jpg 550w, https:\/\/www.lpdordogne.fr\/wp-content\/uploads\/2017\/03\/couv620-212x300.jpg 212w\" sizes=\"auto, (max-width: 106px) 85vw, 106px\" \/><\/a><\/h3>\n<h2>L\u2019Editorial du pr\u00e9sident<\/h2>\n<h1><em>Certamen bonum certavi<br \/>\n<\/em>(j&rsquo;ai men\u00e9 le bon combat)<\/h1>\n<p style=\"text-align:justify;\"><img loading=\"lazy\" decoding=\"async\" class=\"alignleft size-thumbnail wp-image-1731\" src=\"https:\/\/www.lpdordogne.fr\/wp-content\/uploads\/2016\/11\/ob_0ef09e_jean-sebastien-pierre-libre-pensee-im.jpg?w=133\" alt=\"ob_0ef09e_jean-sebastien-pierre-libre-pensee-im\" width=\"133\" height=\"150\" srcset=\"https:\/\/www.lpdordogne.fr\/wp-content\/uploads\/2016\/11\/ob_0ef09e_jean-sebastien-pierre-libre-pensee-im.jpg 511w, https:\/\/www.lpdordogne.fr\/wp-content\/uploads\/2016\/11\/ob_0ef09e_jean-sebastien-pierre-libre-pensee-im-266x300.jpg 266w\" sizes=\"auto, (max-width: 133px) 85vw, 133px\" \/><\/p>\n<p style=\"text-align:justify;\">Un de nos communiqu\u00e9s titre\u00a0 : Vierges 0, Libre Pens\u00e9e 2. La vierge de Publier doit se replier sur un terrain priv\u00e9 et les d\u00e9m\u00e9nageurs sont \u00e0 l\u2019\u0153uvre. La Vierge des Granitiers, pr\u00e9vue sur la voie publique \u00e0 Brusvil \u00e0 la place de Dinan doit s\u2019installer ailleurs. C\u2019est indubitablement un bon score pour un match qui n\u2019aurait jamais d\u00fb avoir lieu. Est-il donc si difficile de respecter la loi de 1905 ? Pourquoi d\u00e9lib\u00e9r\u00e9ment violer son article 28, parfaitement explicite\u00a0 ? Pourquoi cela ne se fit-il que dans les quinze derni\u00e8res ann\u00e9es ? De 1905 aux environs de l\u2019an 2000, il n\u2019y eut pas d\u2019installation de symboles religieux en terrain public, et ni les catholiques, ni les juifs, ni les musulmans, ni les protestants, ni les orthodoxes, ni les hindouistes, ni les bouddhistes, ni les t\u00e9moins de J\u00e9hovah ne s\u2019en port\u00e8rent plus mal, pas plus que les ath\u00e9es, agnostiques ou indiff\u00e9rents. Au contraire, cette abstention partag\u00e9e assura la paix civile religieuse et garantit la libert\u00e9 de pens\u00e9e, ainsi que la c\u00e9l\u00e9bration des cultes.<\/p>\n<p style=\"text-align:justify;\">\u00c9videmment, l\u2019op\u00e9ration est avant tout politique, un certain nombre d\u2019Elus consid\u00e9rant que l\u2019affichage des racines chr\u00e9tiennes de la France doit supplanter la la\u00efcit\u00e9. Elle s\u2019est livr\u00e9e sur le terrain du symbole, mais tout symbole a un sens profond. A bas la la\u00efcit\u00e9, c\u2019est le fond de la pens\u00e9e de ces Elus r\u00e9actionnaires. Il \u00e9tait juste et n\u00e9cessaire de livrer la bataille.<\/p>\n<h3 style=\"text-align:left;\"><\/h3>\n<p style=\"text-align:justify;\"><a href=\"http:\/\/www.fnlp.fr\/news\/372\/17\/La-Raison-n-620-avril-2017\/d,lp_detail.html\" target=\"_blank\" rel=\"noopener\"><em>Lire la suite de la pr\u00e9sentation<\/em><\/a><\/p>\n<p style=\"text-align:justify;\"><a href=\"http:\/\/www.fnlp.fr\/news\/267\/17\/La-Raison-n-613-chez-nos-abonnes\/d,lp_detail.html\" target=\"_blank\" rel=\"noopener\"><img loading=\"lazy\" decoding=\"async\" class=\"alignleft wp-image-1916 size-thumbnail\" src=\"https:\/\/www.lpdordogne.fr\/wp-content\/uploads\/2017\/03\/osmmaire620.jpg?w=150\" alt=\"\" width=\"150\" height=\"87\" srcset=\"https:\/\/www.lpdordogne.fr\/wp-content\/uploads\/2017\/03\/osmmaire620.jpg 550w, https:\/\/www.lpdordogne.fr\/wp-content\/uploads\/2017\/03\/osmmaire620-300x173.jpg 300w\" sizes=\"auto, (max-width: 150px) 85vw, 150px\" \/><\/a><\/p>\n<p style=\"text-align:justify;\">pour vous procurer ce N\u00b0 de <em>La Raison<\/em>, contactez le groupe Fred Zeller : <a href=\"mailto:contact@lpdordogne.fr\">contact@lpdordogne.fr<\/a><\/p>\n","protected":false},"excerpt":{"rendered":"<p>L\u2019Editorial du pr\u00e9sident Certamen bonum certavi (j&rsquo;ai men\u00e9 le bon combat) Un de nos communiqu\u00e9s titre\u00a0 : Vierges 0, Libre Pens\u00e9e 2. La vierge de Publier doit se replier sur un terrain priv\u00e9 et les d\u00e9m\u00e9nageurs sont \u00e0 l\u2019\u0153uvre. La Vierge des Granitiers, pr\u00e9vue sur la voie publique \u00e0 Brusvil \u00e0 la place de Dinan &hellip; <a href=\"https:\/\/www.lpdordogne.fr\/?p=1914\" class=\"more-link\">Continuer la lecture<span class=\"screen-reader-text\"> de &laquo;&nbsp;Parution de \u00ab\u00a0La Raison\u00a0\u00bb N\u00b0 620&nbsp;&raquo;<\/span><\/a><\/p>\n","protected":false},"author":2,"featured_media":1915,"comment_status":"closed","ping_status":"open","sticky":false,"template":"","format":"standard","meta":{"footnotes":""},"categories":[25],"tags":[],"class_list":["post-1914","post","type-post","status-publish","format-standard","has-post-thumbnail","hentry","category-la-raison"],"_links":{"self":[{"href":"https:\/\/www.lpdordogne.fr\/index.php?rest_route=\/wp\/v2\/posts\/1914","targetHints":{"allow":["GET"]}}],"collection":[{"href":"https:\/\/www.lpdordogne.fr\/index.php?rest_route=\/wp\/v2\/posts"}],"about":[{"href":"https:\/\/www.lpdordogne.fr\/index.php?rest_route=\/wp\/v2\/types\/post"}],"author":[{"embeddable":true,"href":"https:\/\/www.lpdordogne.fr\/index.php?rest_route=\/wp\/v2\/users\/2"}],"replies":[{"embeddable":true,"href":"https:\/\/www.lpdordogne.fr\/index.php?rest_route=%2Fwp%2Fv2%2Fcomments&post=1914"}],"version-history":[{"count":0,"href":"https:\/\/www.lpdordogne.fr\/index.php?rest_route=\/wp\/v2\/posts\/1914\/revisions"}],"wp:featuredmedia":[{"embeddable":true,"href":"https:\/\/www.lpdordogne.fr\/index.php?rest_route=\/wp\/v2\/media\/1915"}],"wp:attachment":[{"href":"https:\/\/www.lpdordogne.fr\/index.php?rest_route=%2Fwp%2Fv2%2Fmedia&parent=1914"}],"wp:term":[{"taxonomy":"category","embeddable":true,"href":"https:\/\/www.lpdordogne.fr\/index.php?rest_route=%2Fwp%2Fv2%2Fcategories&post=1914"},{"taxonomy":"post_tag","embeddable":true,"href":"https:\/\/www.lpdordogne.fr\/index.php?rest_route=%2Fwp%2Fv2%2Ftags&post=1914"}],"curies":[{"name":"wp","href":"https:\/\/api.w.org\/{rel}","templated":true}]}}