{"id":1888,"date":"2017-03-12T08:51:57","date_gmt":"2017-03-12T07:51:57","guid":{"rendered":"https:\/\/lpdordogne.wordpress.com\/?p=1888"},"modified":"2017-03-12T08:51:57","modified_gmt":"2017-03-12T07:51:57","slug":"affaire-du-couvent-de-tuam-que-faire-maintenant","status":"publish","type":"post","link":"https:\/\/www.lpdordogne.fr\/?p=1888","title":{"rendered":"Affaire du couvent de Tuam, que faire maintenant ?"},"content":{"rendered":"<h2 style=\"text-align:center;\">Orphelinats religieux d\u2019Irlande\u00a0: les ossements de nombreux b\u00e9b\u00e9s retrouv\u00e9s \u00e0 Tuam, Comt\u00e9 de Galway<\/h2>\n<p>&nbsp;<\/p>\n<div id=\"art-main\">\n<div class=\"art-sheet clearfix\">\n<div class=\"art-layout-wrapper\">\n<div class=\"art-content-layout\">\n<div class=\"art-content-layout-row\">\n<div class=\"art-layout-cell art-content\">\n<article class=\"art-post art-article\">\n<div class=\"art-postcontent art-postcontent-0 clearfix\">\n<div class=\"art-content-layout\">\n<div class=\"art-content-layout-row\">\n<div class=\"art-layout-cell layout-item-0\">\n<div class=\"art-content-layout-row\">\n<div class=\"art-layout-cell art-content\">\n<article class=\"art-post art-article\">\n<div class=\"art-postcontent art-postcontent-0 clearfix\">\n<div class=\"art-content-layout\">\n<div class=\"art-content-layout-row\">\n<div class=\"art-layout-cell layout-item-0\">\n<p style=\"text-align:justify;\"><em><strong><img loading=\"lazy\" decoding=\"async\" class=\"alignleft size-thumbnail wp-image-1889\" src=\"https:\/\/www.lpdordogne.fr\/wp-content\/uploads\/2017\/03\/2011_08_10_012dc-4367c.jpg?w=142\" alt=\"\" width=\"142\" height=\"150\" srcset=\"https:\/\/www.lpdordogne.fr\/wp-content\/uploads\/2017\/03\/2011_08_10_012dc-4367c.jpg 333w, https:\/\/www.lpdordogne.fr\/wp-content\/uploads\/2017\/03\/2011_08_10_012dc-4367c-283x300.jpg 283w\" sizes=\"auto, (max-width: 142px) 85vw, 142px\" \/>Apr\u00e8s les derni\u00e8res r\u00e9v\u00e9lations quant \u00e0 la d\u00e9couverte de restes humains dans une institution religieuse accueillant des m\u00e8res irlandaises et leurs b\u00e9b\u00e9s, Keith Porteous Wood, Directeur Ex\u00e9cutif de la National Secular Society, s\u2019interroge sur comment de telles atrocit\u00e9s ont-elles pu se produire \u00e0 une telle \u00e9chelle et sur ce qu\u2019il est possible de faire maintenant.<\/strong><\/em><\/p>\n<p style=\"text-align:justify;\"><a href=\"http:\/\/www.fnlp.fr\/news\/367\/17\/Affaire-du-couvent-de-Tuam-que-faire-maintenant\/d,lp_detail.html\" target=\"_blank\" rel=\"noopener\">Cliquer ici pour lire la contribution de Keith Portheous Wood sur le site de la Libre Pens\u00e9e<\/a>.<\/p>\n<p style=\"text-align:justify;\">\n<\/div>\n<\/div>\n<\/div>\n<\/div>\n<\/article>\n<\/div>\n<\/div>\n<\/div>\n<\/div>\n<\/div>\n<\/div>\n<\/article>\n<\/div>\n<\/div>\n<\/div>\n<\/div>\n<\/div>\n<\/div>\n","protected":false},"excerpt":{"rendered":"<p>Orphelinats religieux d\u2019Irlande\u00a0: les ossements de nombreux b\u00e9b\u00e9s retrouv\u00e9s \u00e0 Tuam, Comt\u00e9 de Galway &nbsp; Apr\u00e8s les derni\u00e8res r\u00e9v\u00e9lations quant \u00e0 la d\u00e9couverte de restes humains dans une institution religieuse accueillant des m\u00e8res irlandaises et leurs b\u00e9b\u00e9s, Keith Porteous Wood, Directeur Ex\u00e9cutif de la National Secular Society, s\u2019interroge sur comment de telles atrocit\u00e9s ont-elles pu &hellip; <a href=\"https:\/\/www.lpdordogne.fr\/?p=1888\" class=\"more-link\">Continuer la lecture<span class=\"screen-reader-text\"> de &laquo;&nbsp;Affaire du couvent de Tuam, que faire maintenant ?&nbsp;&raquo;<\/span><\/a><\/p>\n","protected":false},"author":2,"featured_media":0,"comment_status":"closed","ping_status":"open","sticky":false,"template":"","format":"standard","meta":{"footnotes":""},"categories":[14],"tags":[],"class_list":["post-1888","post","type-post","status-publish","format-standard","hentry","category-non-classe"],"_links":{"self":[{"href":"https:\/\/www.lpdordogne.fr\/index.php?rest_route=\/wp\/v2\/posts\/1888","targetHints":{"allow":["GET"]}}],"collection":[{"href":"https:\/\/www.lpdordogne.fr\/index.php?rest_route=\/wp\/v2\/posts"}],"about":[{"href":"https:\/\/www.lpdordogne.fr\/index.php?rest_route=\/wp\/v2\/types\/post"}],"author":[{"embeddable":true,"href":"https:\/\/www.lpdordogne.fr\/index.php?rest_route=\/wp\/v2\/users\/2"}],"replies":[{"embeddable":true,"href":"https:\/\/www.lpdordogne.fr\/index.php?rest_route=%2Fwp%2Fv2%2Fcomments&post=1888"}],"version-history":[{"count":0,"href":"https:\/\/www.lpdordogne.fr\/index.php?rest_route=\/wp\/v2\/posts\/1888\/revisions"}],"wp:attachment":[{"href":"https:\/\/www.lpdordogne.fr\/index.php?rest_route=%2Fwp%2Fv2%2Fmedia&parent=1888"}],"wp:term":[{"taxonomy":"category","embeddable":true,"href":"https:\/\/www.lpdordogne.fr\/index.php?rest_route=%2Fwp%2Fv2%2Fcategories&post=1888"},{"taxonomy":"post_tag","embeddable":true,"href":"https:\/\/www.lpdordogne.fr\/index.php?rest_route=%2Fwp%2Fv2%2Ftags&post=1888"}],"curies":[{"name":"wp","href":"https:\/\/api.w.org\/{rel}","templated":true}]}}