{"id":1872,"date":"2017-03-09T21:58:47","date_gmt":"2017-03-09T20:58:47","guid":{"rendered":"https:\/\/lpdordogne.wordpress.com\/?p=1872"},"modified":"2017-03-09T21:58:47","modified_gmt":"2017-03-09T20:58:47","slug":"laffaire-du-couvent-de-tuam-rebondit","status":"publish","type":"post","link":"https:\/\/www.lpdordogne.fr\/?p=1872","title":{"rendered":"L\u2019affaire du couvent de Tuam rebondit !"},"content":{"rendered":"<h2>Commission internationale d\u2019enqu\u00eate pour que justice soit rendue aux victimes des crimes de l\u2019Eglise catholique!<\/h2>\n<p>&nbsp;<\/p>\n<h3>En R\u00e9publique d\u2019Irlande, comme partout, il est temps de \u00abs\u00e9parer les Eglises de l\u2019Etat\u00bb !<\/h3>\n<p><a href=\"https:\/\/www.lpdordogne.fr\/wp-content\/uploads\/2017\/03\/terrain.jpeg\"><img loading=\"lazy\" decoding=\"async\" class=\" size-full wp-image-1877 alignleft\" src=\"https:\/\/www.lpdordogne.fr\/wp-content\/uploads\/2017\/03\/terrain.jpeg\" alt=\"terrain\" width=\"300\" height=\"168\" \/><\/a><\/p>\n<p style=\"text-align:justify;\">Comme le rel\u00e8ve <em><strong>The Journal<\/strong><\/em> du 3 mars 2017, <em>\u201clors d\u2019une conf\u00e9rence de presse convoqu\u00e9e \u00e0 la h\u00e2te\u00bb<\/em> ce vendredi 3 mars 2017, la Ministre charg\u00e9e de l\u2019Enfance de la R\u00e9publique d\u2019Irlande, <strong>Katherine Zappone<\/strong> a confirm\u00e9 qu&rsquo;un nombre <em>\u201csignificatif\u201d<\/em> de restes humains avait \u00e9t\u00e9 d\u00e9couvert sur le site d\u2019un ancien home g\u00e9r\u00e9 par la Congr\u00e9gation du Bon Secours \u00e0 Tuam. Une analyse scientifique de ces restes a permis de conclure quil s\u2019agissait d\u2019enfants allant du nourrisson jusqu&rsquo;\u00e0 l\u2019\u00e2ge de 2\/3 ans. Il n\u2019est pas encore possible d\u2019affirmer combien d\u2019enfants pr\u00e9cis\u00e9ment furent enterr\u00e9s sur le site.<\/p>\n<p style=\"text-align:justify;\"><em>\u201cNous ne connaissons tout simplement pas leur nombre\u00bb<\/em> a d\u00e9clar\u00e9 Mme Zappone \u00e0 la presse.<\/p>\n<p style=\"text-align:justify;\"><a href=\"http:\/\/www.fnlp.fr\/news\/365\/17\/L-affaire-du-couvent-de-Tuam-rebondit\/d,lp_detail.html\" target=\"_blank\" rel=\"noopener\"><em>Lire la suite de\u00a0l&rsquo;article<\/em><\/a><\/p>\n<p style=\"text-align:justify;\">\n","protected":false},"excerpt":{"rendered":"<p>Commission internationale d\u2019enqu\u00eate pour que justice soit rendue aux victimes des crimes de l\u2019Eglise catholique! &nbsp; En R\u00e9publique d\u2019Irlande, comme partout, il est temps de \u00abs\u00e9parer les Eglises de l\u2019Etat\u00bb ! Comme le rel\u00e8ve The Journal du 3 mars 2017, \u201clors d\u2019une conf\u00e9rence de presse convoqu\u00e9e \u00e0 la h\u00e2te\u00bb ce vendredi 3 mars 2017, la &hellip; <a href=\"https:\/\/www.lpdordogne.fr\/?p=1872\" class=\"more-link\">Continuer la lecture<span class=\"screen-reader-text\"> de &laquo;&nbsp;L\u2019affaire du couvent de Tuam rebondit !&nbsp;&raquo;<\/span><\/a><\/p>\n","protected":false},"author":2,"featured_media":1877,"comment_status":"closed","ping_status":"open","sticky":false,"template":"","format":"standard","meta":{"footnotes":""},"categories":[14],"tags":[],"class_list":["post-1872","post","type-post","status-publish","format-standard","has-post-thumbnail","hentry","category-non-classe"],"_links":{"self":[{"href":"https:\/\/www.lpdordogne.fr\/index.php?rest_route=\/wp\/v2\/posts\/1872","targetHints":{"allow":["GET"]}}],"collection":[{"href":"https:\/\/www.lpdordogne.fr\/index.php?rest_route=\/wp\/v2\/posts"}],"about":[{"href":"https:\/\/www.lpdordogne.fr\/index.php?rest_route=\/wp\/v2\/types\/post"}],"author":[{"embeddable":true,"href":"https:\/\/www.lpdordogne.fr\/index.php?rest_route=\/wp\/v2\/users\/2"}],"replies":[{"embeddable":true,"href":"https:\/\/www.lpdordogne.fr\/index.php?rest_route=%2Fwp%2Fv2%2Fcomments&post=1872"}],"version-history":[{"count":0,"href":"https:\/\/www.lpdordogne.fr\/index.php?rest_route=\/wp\/v2\/posts\/1872\/revisions"}],"wp:featuredmedia":[{"embeddable":true,"href":"https:\/\/www.lpdordogne.fr\/index.php?rest_route=\/wp\/v2\/media\/1877"}],"wp:attachment":[{"href":"https:\/\/www.lpdordogne.fr\/index.php?rest_route=%2Fwp%2Fv2%2Fmedia&parent=1872"}],"wp:term":[{"taxonomy":"category","embeddable":true,"href":"https:\/\/www.lpdordogne.fr\/index.php?rest_route=%2Fwp%2Fv2%2Fcategories&post=1872"},{"taxonomy":"post_tag","embeddable":true,"href":"https:\/\/www.lpdordogne.fr\/index.php?rest_route=%2Fwp%2Fv2%2Ftags&post=1872"}],"curies":[{"name":"wp","href":"https:\/\/api.w.org\/{rel}","templated":true}]}}