{"id":1865,"date":"2017-03-09T21:43:49","date_gmt":"2017-03-09T20:43:49","guid":{"rendered":"https:\/\/lpdordogne.wordpress.com\/?p=1865"},"modified":"2017-03-09T21:43:49","modified_gmt":"2017-03-09T20:43:49","slug":"parution-de-la-raison-n-619","status":"publish","type":"post","link":"https:\/\/www.lpdordogne.fr\/?p=1865","title":{"rendered":"Parution de \u00ab\u00a0La Raison\u00a0\u00bb N\u00b0 619"},"content":{"rendered":"<h3><a href=\"http:\/\/www.fnlp.fr\/news\/314\/17\/La-Raison-n-615-chez-nos-abonnes\/d,lp_detail.html\" target=\"_blank\" rel=\"noopener\"><img loading=\"lazy\" decoding=\"async\" class=\"alignleft wp-image-1866 size-thumbnail\" src=\"https:\/\/www.lpdordogne.fr\/wp-content\/uploads\/2017\/03\/couv619.jpg?w=106\" alt=\"\" width=\"106\" height=\"150\" srcset=\"https:\/\/www.lpdordogne.fr\/wp-content\/uploads\/2017\/03\/couv619.jpg 550w, https:\/\/www.lpdordogne.fr\/wp-content\/uploads\/2017\/03\/couv619-212x300.jpg 212w\" sizes=\"auto, (max-width: 106px) 85vw, 106px\" \/><\/a><\/h3>\n<h2>L\u2019Editorial du pr\u00e9sident<\/h2>\n<h1><em>Fluctuat nec mergitur<br \/>\n<\/em>(devise latine de la ville de Paris)<\/h1>\n<p style=\"text-align:justify;\"><img loading=\"lazy\" decoding=\"async\" class=\"alignleft size-thumbnail wp-image-1731\" src=\"https:\/\/www.lpdordogne.fr\/wp-content\/uploads\/2016\/11\/ob_0ef09e_jean-sebastien-pierre-libre-pensee-im.jpg?w=133\" alt=\"ob_0ef09e_jean-sebastien-pierre-libre-pensee-im\" width=\"133\" height=\"150\" srcset=\"https:\/\/www.lpdordogne.fr\/wp-content\/uploads\/2016\/11\/ob_0ef09e_jean-sebastien-pierre-libre-pensee-im.jpg 511w, https:\/\/www.lpdordogne.fr\/wp-content\/uploads\/2016\/11\/ob_0ef09e_jean-sebastien-pierre-libre-pensee-im-266x300.jpg 266w\" sizes=\"auto, (max-width: 133px) 85vw, 133px\" \/><\/p>\n<p style=\"text-align:justify;\">Ce num\u00e9ro de <em><strong>la Raison<\/strong><\/em> est riche en pages internationales. C\u2019est que la Libre Pens\u00e9e fran\u00e7aise s\u2019est engag\u00e9e \u00e0 fond dans la pr\u00e9paration du 7\u00e8me congr\u00e8s mondial de l<strong>\u2019Association Internationale de la Libre Pens\u00e9e<\/strong> (AILP-IAFT) qui aura lieu \u00e0 Paris les 22, 23 et 24 septembre 2017.<\/p>\n<p style=\"text-align:justify;\">Une rencontre qui se pr\u00e9pare sur les cinq continents. Une rencontre qui rassemblera les ennemis des dogmes et les partisans de la S\u00e9paration des Eglises et des Etats. Une rencontre qui verra les libres penseurs, ath\u00e9es, humanistes et les s\u00e9cularistes comme les nomme la langue anglaise, \u00e0 la recherche de d\u00e9clarations et d\u2019actions communes. Toutes les associations et organisations qui viendront ou se feront repr\u00e9senter ne seront pas membres de l\u2019AILP. Le congr\u00e8s accueillera aussi les membres de la <strong>F\u00e9d\u00e9ration Humaniste Europ\u00e9enne (FHE)<\/strong>, de l\u2019<strong>International Humanist and Ethical Union (IHEU)<\/strong>, de l\u2019<strong>Atheist Alliance International (AAI)<\/strong> avec lesquelles l\u2019AILP entretient des rapports de confiance et de coop\u00e9ration. Le <strong>CLIPSAS<\/strong> (association ma\u00e7onnique internationale sera aussi invit\u00e9e).<\/p>\n<h3 style=\"text-align:left;\"><\/h3>\n<p style=\"text-align:justify;\"><a href=\"http:\/\/www.fnlp.fr\/news\/362\/17\/La-Raison-n-619-mars-2017\/d,lp_detail.html\" target=\"_blank\" rel=\"noopener\"><em>Lire la suite de la pr\u00e9sentation<\/em><\/a><\/p>\n<p style=\"text-align:justify;\"><a href=\"http:\/\/www.fnlp.fr\/news\/267\/17\/La-Raison-n-613-chez-nos-abonnes\/d,lp_detail.html\" target=\"_blank\" rel=\"noopener\"><img loading=\"lazy\" decoding=\"async\" class=\"alignleft wp-image-1868 size-thumbnail\" src=\"https:\/\/www.lpdordogne.fr\/wp-content\/uploads\/2017\/03\/sommaire619.jpg?w=150\" alt=\"\" width=\"150\" height=\"85\" srcset=\"https:\/\/www.lpdordogne.fr\/wp-content\/uploads\/2017\/03\/sommaire619.jpg 550w, https:\/\/www.lpdordogne.fr\/wp-content\/uploads\/2017\/03\/sommaire619-300x169.jpg 300w\" sizes=\"auto, (max-width: 150px) 85vw, 150px\" \/><\/a><\/p>\n<p style=\"text-align:justify;\">pour vous procurer ce N\u00b0 de <em>La Raison<\/em>, contactez le groupe Fred Zeller : <a href=\"mailto:contact@lpdordogne.fr\">contact@lpdordogne.fr<\/a><\/p>\n","protected":false},"excerpt":{"rendered":"<p>L\u2019Editorial du pr\u00e9sident Fluctuat nec mergitur (devise latine de la ville de Paris) Ce num\u00e9ro de la Raison est riche en pages internationales. C\u2019est que la Libre Pens\u00e9e fran\u00e7aise s\u2019est engag\u00e9e \u00e0 fond dans la pr\u00e9paration du 7\u00e8me congr\u00e8s mondial de l\u2019Association Internationale de la Libre Pens\u00e9e (AILP-IAFT) qui aura lieu \u00e0 Paris les 22, &hellip; <a href=\"https:\/\/www.lpdordogne.fr\/?p=1865\" class=\"more-link\">Continuer la lecture<span class=\"screen-reader-text\"> de &laquo;&nbsp;Parution de \u00ab\u00a0La Raison\u00a0\u00bb N\u00b0 619&nbsp;&raquo;<\/span><\/a><\/p>\n","protected":false},"author":2,"featured_media":1866,"comment_status":"closed","ping_status":"open","sticky":false,"template":"","format":"standard","meta":{"footnotes":""},"categories":[25],"tags":[],"class_list":["post-1865","post","type-post","status-publish","format-standard","has-post-thumbnail","hentry","category-la-raison"],"_links":{"self":[{"href":"https:\/\/www.lpdordogne.fr\/index.php?rest_route=\/wp\/v2\/posts\/1865","targetHints":{"allow":["GET"]}}],"collection":[{"href":"https:\/\/www.lpdordogne.fr\/index.php?rest_route=\/wp\/v2\/posts"}],"about":[{"href":"https:\/\/www.lpdordogne.fr\/index.php?rest_route=\/wp\/v2\/types\/post"}],"author":[{"embeddable":true,"href":"https:\/\/www.lpdordogne.fr\/index.php?rest_route=\/wp\/v2\/users\/2"}],"replies":[{"embeddable":true,"href":"https:\/\/www.lpdordogne.fr\/index.php?rest_route=%2Fwp%2Fv2%2Fcomments&post=1865"}],"version-history":[{"count":0,"href":"https:\/\/www.lpdordogne.fr\/index.php?rest_route=\/wp\/v2\/posts\/1865\/revisions"}],"wp:featuredmedia":[{"embeddable":true,"href":"https:\/\/www.lpdordogne.fr\/index.php?rest_route=\/wp\/v2\/media\/1866"}],"wp:attachment":[{"href":"https:\/\/www.lpdordogne.fr\/index.php?rest_route=%2Fwp%2Fv2%2Fmedia&parent=1865"}],"wp:term":[{"taxonomy":"category","embeddable":true,"href":"https:\/\/www.lpdordogne.fr\/index.php?rest_route=%2Fwp%2Fv2%2Fcategories&post=1865"},{"taxonomy":"post_tag","embeddable":true,"href":"https:\/\/www.lpdordogne.fr\/index.php?rest_route=%2Fwp%2Fv2%2Ftags&post=1865"}],"curies":[{"name":"wp","href":"https:\/\/api.w.org\/{rel}","templated":true}]}}