{"id":1766,"date":"2016-12-08T23:17:33","date_gmt":"2016-12-08T22:17:33","guid":{"rendered":"https:\/\/lpdordogne.wordpress.com\/?p=1766"},"modified":"2016-12-08T23:17:33","modified_gmt":"2016-12-08T22:17:33","slug":"pour-le-respect-de-la-laicite","status":"publish","type":"post","link":"https:\/\/www.lpdordogne.fr\/?p=1766","title":{"rendered":"Pour le respect de la la\u00efcit\u00e9"},"content":{"rendered":"<h2 style=\"text-align:center;\"><a title=\"http:\/\/www.petitionpublique.fr\/?pi=P2016N49240\" href=\"http:\/\/www.petitionpublique.fr\/?pi=P2016N49240\" target=\"_blank\" rel=\"noopener\"><strong>SIGNEZ LA PETITION EN LIGNE<\/strong><\/a><\/h2>\n<h2 style=\"text-align:center;\">A l\u2019occasion du 9 d\u00e9cembre 2016,<br \/>\njour anniversaire de la promulgation de la loi de 1905 de S\u00e9paration des Eglises et de l\u2019Etat<\/h2>\n<p>&nbsp;<\/p>\n<p style=\"text-align:justify;\">C\u2019est peu de dire que la la\u00efcit\u00e9 va mal : malmen\u00e9e, manipul\u00e9e, vilipend\u00e9e, on n\u2019ose plus s\u2019affirmer la\u00efque par peur des amalgames et des contresens. Principe de paix, elle serait devenue sujet de discorde. Principe d\u2019unit\u00e9 par-del\u00e0 les diff\u00e9rences, on lui assigne des fins identitaires.<\/p>\n<p style=\"text-align:justify;\">L\u2019extr\u00eame-droite, de tradition pourtant anti-la\u00efque depuis toujours, veut s\u2019approprier le mot pour mieux distiller son venin x\u00e9nophobe. Hier les juifs, les arabes, aujourd\u2019hui les musulmans. On ne peut se r\u00e9clamer de la la\u00efcit\u00e9 \u00e0 partir du moment o\u00f9 on soutient les pri\u00e8res de rue quand il s\u2019agit de l\u2019\u00e9glise Sainte Rita, mais qu\u2019on les condamne\u00a0quand elles se font aux abords des\u00a0mosqu\u00e9es. On n\u2019est pas la\u00efque, quand on se fait le porte-parole des discours les plus r\u00e9actionnaires du Vatican en appelant \u00e0 la suppression du Planning familial.<\/p>\n<p style=\"text-align:justify;\">Non, l\u2019Islam ne serait pas par nature plus herm\u00e9tique aujourd\u2019hui \u00e0 la la\u00efcit\u00e9 que ne l\u2019\u00e9tait le culte catholique en 1905. La la\u00efcit\u00e9 n\u2019a pas \u00e0 s\u2019adapter \u00e0 une religion, de m\u00eame qu\u2019aucun croyant ne peut r\u00e9clamer de droits particuliers. La R\u00e9publique est s\u00e9par\u00e9e des religions, elle n\u2019a pas \u00e0 organiser les cultes.<\/p>\n<p style=\"text-align:justify;\">Nous, militants la\u00efques, par-del\u00e0 parfois des divergences d\u2019analyse, en appelons \u00e0 la constitution d\u2019un front commun autour des fondements de la la\u00efcit\u00e9 r\u00e9publicaine, telle que d\u00e9finie par la loi de 1905. \u00catre la\u00efque, c\u2019est reconna\u00eetre que l\u2019\u00c9tat assure en m\u00eame temps la libert\u00e9 de conscience &#8211; croyant et non croyant &#8211; et le libre exercice des cultes. \u00catre la\u00efque, c\u2019est affirmer que l\u2019\u00c9tat ne doit reconna\u00eetre, salarier ou subventionner aucun culte. Par cons\u00e9quent la R\u00e9publique ne tranche pas parmi les cultes plus ou moins respectables : elle demeure indiff\u00e9rente dans la seule limite du respect de l\u2019ordre public et des lois communes.<\/p>\n<p style=\"text-align:justify;\">Ses Elus et repr\u00e9sentants doivent conserver cette neutralit\u00e9 dans leurs fonctions. La R\u00e9publique ne juge personne selon ses croyances ou appartenances pr\u00e9sum\u00e9es. Elle accorde \u00e0 l\u2019Ecole publique la noble mission d\u2019instruire les enfants : c\u2019est par cons\u00e9quent \u00e0 elle que l\u2019\u00c9tat doit accorder les fonds n\u00e9cessaires aux d\u00e9fis que porte l\u2019Ecole aujourd\u2019hui.<\/p>\n<p style=\"text-align:justify;\">Nous, militants de la cause la\u00efque, appelons \u00e0 la plus grande vigilance contre toute tentative de d\u00e9tourner la la\u00efcit\u00e9 de ses objectifs. En cette date anniversaire de la loi de 1905, nous en appelons au respect plein et entier\u00a0 de ses principes fondateurs. La la\u00efcit\u00e9 organise l\u2019espace public et donne sens \u00e0 la citoyennet\u00e9 r\u00e9publicaine qui garantit la d\u00e9mocratie. Ce n\u2019est ni une police de la pens\u00e9e, ni une option philosophique parmi d\u2019autres valeurs particuli\u00e8res.<\/p>\n<h3 style=\"text-align:justify;\">La loi de 1905 est une loi de libert\u00e9 qui permet toutes les autres libert\u00e9s. Elle doit donc \u00eatre pr\u00e9serv\u00e9e.<\/h3>\n<p style=\"text-align:justify;\"><strong>Premiers signataire<\/strong><strong>s<\/strong>\u00a0: <strong>Guiseppe Aviges<\/strong> (vice-Pr\u00e9sident de l\u2019Union Nationale Lyc\u00e9enne \u2013 UNL), <strong>Quentin Baillon<\/strong> pr\u00e9sident de l&rsquo;association le poing commun, <strong>Jean Baub\u00e9rot<\/strong> (ancien titulaire de la chaire Histoire et sociologie de la la\u00efcit\u00e9 \u00e0 l&rsquo;Ecole Pratique des Hautes Etudes), <strong>Alain Barbier<\/strong>(Secr\u00e9taire g\u00e9n\u00e9ral de l&rsquo;UFR de la FERC-CGT), <strong>Herv\u00e9 Basire<\/strong> (Secr\u00e9taire g\u00e9n\u00e9ral de la FERC- CGT), <strong>Thierry Baudet<\/strong> (Pr\u00e9sident de la MGEN), <strong>Christian Beauvais<\/strong> (D\u00e9l\u00e9gu\u00e9 G\u00e9n\u00e9ral de la F\u00e9d\u00e9ration du Pas de Calais et de l\u2019Union R\u00e9gionale des Hauts de France de\u00a0la Ligue de l\u2019enseignement), <strong>Nadia Bellaoui<\/strong> (Secr\u00e9taire g\u00e9n\u00e9rale de la Ligue de l\u2019enseignement),\u00a0 <strong>Hassan Benhsain<\/strong> (Pr\u00e9sident de la F\u00e9d\u00e9ration ind\u00e9pendante et d\u00e9mocratique lyc\u00e9enne \u2013 FIDL),\u00a0 <strong>Daniel B\u00e9nichou<\/strong> (Pr\u00e9sident de l\u2019Association Le Chevalier de la Barre), <strong>Roland Berthilier<\/strong>, pr\u00e9sident de L&rsquo;ESPER (L&rsquo;Economie Sociale Partenaire de l&rsquo;Ecole de la R\u00e9publique), <strong>Roland Biache<\/strong> (D\u00e9l\u00e9gu\u00e9 g\u00e9n\u00e9ral de Solidarit\u00e9 La\u00efque), <strong>Jean-Marie Bonnemayre<\/strong> (Pr\u00e9sident du CNAFAL, <strong>Edith Boulanger<\/strong> (Commission \u00ab\u00a0La\u00efcit\u00e9\u00a0\u00bb du Mouvement de la Paix), <strong>Edouard Br\u00e9zin<\/strong> (Pr\u00e9sident de l&rsquo;Union Rationaliste, Ancien Pr\u00e9sident de l&rsquo;Acad\u00e9mie des Sciences), <strong>Marcel Caballero<\/strong> (Pr\u00e9sident d&rsquo;honneur de l&rsquo;Institut de Coop\u00e9ration Sociale Internationale (ICOSI)\u00a0&#8211; vice-Pr\u00e9sident du Centre international de recherche et d&rsquo;information sur l&rsquo;\u00e9conomie publique, sociale et coop\u00e9rative (CIRIEC), <strong>Monique Cabotte-Carillon<\/strong> (Pr\u00e9sidente du CEDEC : Chr\u00e9tiens pour une Eglise D\u00e9gag\u00e9e de l&rsquo;Ecole Confessionnelle), <strong>Jean-Luc Cazaillon<\/strong> (Directeur g\u00e9n\u00e9ral des CEMEA),\u00a0\u00a0 <strong>Philippe Corcuff<\/strong> (ma\u00eetre de conf\u00e9rences de science politique \u00e0 l&rsquo;IEP de Lyon), <strong>Daniel Callewaert<\/strong> (Pr\u00e9sident fondateur du Cercle\u00a0 La\u00efque Maria et Gustave Dron \u2013 Tourcoing), <strong>Jacques Calvier<\/strong> (militant la\u00efque), <strong>Jean-Yves Cerfontaine<\/strong> (Pr\u00e9sident du Cercle La\u00efque Jean Mac\u00e9 et ancien Secr\u00e9taire National de la FEN),\u00a0 <strong>Guy Cirla<\/strong> (Pr\u00e9sident de la Ligue de l\u2019Enseignement de l\u2019Ari\u00e8ge), <strong>Charles Conte<\/strong> (Charg\u00e9 de mission la\u00efcit\u00e9 \u00e0 la Ligue de l\u2019enseignement), <strong>Guy Coq<\/strong>\u00a0(\u00a0administrateur de\u00a0 Confrontation et Membre \u00a0de \u00a0l&rsquo; OFC), <strong>Dominique Dattola<\/strong> (Auteur r\u00e9alisateur humaniste, citoyen du monde),\u00a0 <strong>Claude Dejean<\/strong> (Pr\u00e9sidente du Cercle Condorcet de l&rsquo;Ari\u00e8ge, Vice- pr\u00e9sidente de la Ligue de l&rsquo;Enseignement F\u00e9d\u00e9ration de l&rsquo;Ari\u00e8ge),\u00a0 <strong>Abdoulaye Diarra<\/strong> (membre du Bureau national de l\u2019Union Nationale des \u00c9tudiants de France \u2013 UNEF), <strong>Jean-Michel Ducomte<\/strong>(Pr\u00e9sident de la Ligue de l\u2019Enseignement), <strong>Fran\u00e7oise Dumont<\/strong> (Pr\u00e9sidente de la Ligue des Droits de l\u2019Homme), <strong>Michel Eliard<\/strong> (Docteur \u00e8s-lettres, professeur \u00e9m\u00e9rite des universit\u00e9s), <strong>Christian Eyschen<\/strong>\u00a0 (vice-Pr\u00e9sident de la Libre Pens\u00e9e), <strong>Philippe Forget<\/strong> (essayiste), <strong>Judith Fouillard<\/strong> (Secr\u00e9taire nationale de la FSU), <strong>Anne-Marie Franchi<\/strong> (ancienne Vice-pr\u00e9sidente de la Ligue de l\u2019Enseignement et ancienne Secr\u00e9taire g\u00e9n\u00e9rale des DDEN), <strong>Jean-Claude Frey<\/strong> (Pr\u00e9sident d&rsquo;un groupement de mutuelles interprofessionnelles), <strong>Mireille Fridman<\/strong>\u00a0 ( militante la\u00efque de Toulouse), <strong>Gabriel Gaudy<\/strong>(Secr\u00e9taire g\u00e9n\u00e9ral de l\u2019Union r\u00e9gionale Ile-de-France de FO, libre penseur), <strong>Yves-Jean Gallas<\/strong>(Pr\u00e9sident du Comit\u00e9 francilien du Mouvement de la Paix), <strong>Maurice Gelbard<\/strong>\u00a0 (chercheur), <strong>Jacques Gelly<\/strong> (Pr\u00e9sident de l&rsquo;Union R\u00e9gionale des F\u00e9d\u00e9rations des \u0152uvres La\u00efques Auvergne Rh\u00f4ne-Alpes de la Ligue de l&rsquo;enseignement), <strong>David Gozlan<\/strong> (Secr\u00e9taire g\u00e9n\u00e9ral de la Libre Pens\u00e9e), <strong>Anne-Marie Harster<\/strong> (vice-Pr\u00e9sident de Solidarit\u00e9 la\u00efque), <strong>Pascal Joly<\/strong> (Secr\u00e9taire g\u00e9n\u00e9ral de l\u2019Union r\u00e9gionale Ile-de-France de la CGT), <strong>Dadou Khel<\/strong> ( Pr\u00e9sident du groupe \u00ab\u00a0diversit\u00e9\/la\u00efcit\u00e9\u00a0\u00bb de la Ligue de l&rsquo;enseignement), <strong>Annie Lacroix-Riz<\/strong> ( professeur \u00e9m\u00e9rite d\u2019histoire contemporaine, universit\u00e9 Paris 7), <strong>Pascal-Eric Lalmy<\/strong> (Conseiller municipal d&rsquo;Osny (95), <strong>H\u00e9l\u00e8ne Langevin-Joliot<\/strong> (Pr\u00e9sidente 2004-2012 de l&rsquo;Union rationaliste), <strong>Lil\u00e2 Le Bas<\/strong> (Pr\u00e9sidente de l\u2019Union Nationale des \u00c9tudiants de France \u2013 UNEF),\u00a0 <strong>Jo Le Lameur<\/strong> (Pr\u00e9sident de la F\u00e9d\u00e9ration Fran\u00e7aise de Cr\u00e9mation), <strong>Polo Lemonnier<\/strong>(Secr\u00e9taire national de la FSU), <strong>Jacky Lesueur<\/strong> (syndicaliste), <strong>Jean-Claude Mailly<\/strong> (syndicaliste), <strong>Michel Miaille<\/strong> (professeur honoraire \u00e0 l&rsquo;Universit\u00e9 de Montpellier, Pr\u00e9sident de la Ligue de l&rsquo;Enseignement de l&rsquo;H\u00e9rault), <strong>Paul Markid\u00e8s<\/strong> (Vice-Pr\u00e9sident de l\u2019Association R\u00e9publicaine des Anciens Combattants), <strong>Roger Martelli<\/strong> (codirecteur du magazine Regards), <strong>Philippe Martinez<\/strong>(Secr\u00e9taire g\u00e9n\u00e9ral de la CGT), <strong>Jean-Luc M\u00e9lenchon<\/strong> (Eurod\u00e9put\u00e9), <strong>Maurice Montet<\/strong> (militant pacifiste), <strong>Pascal Nakache<\/strong> (Avocat, membre\u00a0du Comit\u00e9 Central de la Ligue des Droits de l\u2019Homme), <strong>Michel Naud<\/strong> (ing\u00e9nieur, chef d&rsquo;entreprise, rationaliste scientifique), <strong>Gauthier Ngumbu<\/strong> (Pr\u00e9sident de la Ligue de l\u2019Enseignement de Haute-Garonne), <strong>Fran\u00e7oise Olivier-Utard<\/strong> (militante la\u00efque), <strong>R\u00e9my Pech<\/strong> (professeur \u00e9m\u00e9rite et Pr\u00e9sident honoraire de l&rsquo;Universit\u00e9 de Toulouse &#8211; Jean Jaur\u00e8s),\u00a0 <strong>Jean-Claude Pecker<\/strong> (Membre de l\u2019Institut, Professeur au Coll\u00e8ge de France), <strong>Catherine Picard<\/strong> (ancienne D\u00e9put\u00e9e), <strong>Jean Louis Petriat<\/strong> (President d\u2019Honneur du Groupe GMF et de la FNAC), <strong>Jean-S\u00e9bastien Pierre<\/strong> (Pr\u00e9sident de la Libre Pens\u00e9e), <strong>Bernard Quelquejeu<\/strong> ( membre de l&rsquo;Observatoire Chr\u00e9tien de la La\u00efcit\u00e9, co-fondateur du Groupe International, Interculturel, Interconvictionnel (G3i), <strong>Jean-Michel Quillardet<\/strong> (l\u2019Observatoire international de la la\u00efcit\u00e9 contre les d\u00e9rives communautaires), <strong>Jean-Robert Ragache<\/strong> (Historien et\u00a0 Ancien Grand Ma\u00eetre du Grand Orient De France), <strong>Hubert Raguin<\/strong>(syndicaliste), <strong>Jean-Marc Raynaud<\/strong> (responsable des Editions libertaires), <strong>Caroline Rebhi<\/strong>\u00a0 (co-pr\u00e9sidente du Mouvement Fran\u00e7ais pour le Planning Familial), <strong>Liliane Rehby<\/strong> (Secr\u00e9taire Nationale de l&rsquo;ARAC),\u00a0 <strong>Jean Riedinger<\/strong> (Secr\u00e9taire \u00a0de l&rsquo;Observatoire\u00a0Chr\u00e9tien\u00a0de la\u00a0La\u00efcit\u00e9), <strong>Johann\u00e9s Robyn<\/strong>(Pr\u00e9sident de l\u2019Union des Ath\u00e9es &#8211; France), <strong>Patrice Rolland<\/strong>, (professeur de droit public), <strong>Jo\u00ebl Roman<\/strong>(Pr\u00e9sident de Islam et la\u00efcit\u00e9), <strong>Jean-Luc Romero<\/strong> (Pr\u00e9sident de l\u2019Association pour le Droit de Mourir dans la Dignit\u00e9), <strong>Pierre Roy<\/strong> (Pr\u00e9sident de la F\u00e9d\u00e9ration nationale la\u00efque des Associations des Amis des Monuments Pacifistes, R\u00e9publicains et Anticl\u00e9ricaux), <strong>Frank Sammeth<\/strong> (Pr\u00e9sident de la soci\u00e9t\u00e9 d&rsquo;histoire du radicalisme), <strong>Jean-Marc Schiappa<\/strong> (Pr\u00e9sident de l\u2019Institut de Recherche et d\u2019Etudes de la Libre Pens\u00e9e), <strong>Benoit Schneckenburger<\/strong> (Philosophe), <strong>V\u00e9ronique Sehier<\/strong> (co-pr\u00e9sidente du Mouvement Fran\u00e7ais pour le Planning Familial), <strong>Andr\u00e9 Sirota<\/strong> (Pr\u00e9sident de l\u2019Association nationale des CEMEA), <strong>Patrick Staat<\/strong> (Secr\u00e9taire g\u00e9n\u00e9ral de l\u2019ARAC), <strong>Benjamin Stora<\/strong> (Historien), <strong>Mich\u00e8le Talfer<\/strong>(Bureau de l\u2019Union rationaliste), <strong>Dominique Thys<\/strong> (Pr\u00e9sident de Solidarit\u00e9 la\u00efque), <strong>Bernard Toulemonde<\/strong> (Inspecteur g\u00e9n\u00e9ral honoraire de l&rsquo;Education nationale), <strong>Pierre Tournemire<\/strong> (vice-Pr\u00e9sident de la Ligue de l\u2019Enseignement), <strong>Michel Tubiana<\/strong> (Pr\u00e9sident d\u2019honneur de la Ligue des Droits de l\u2019Homme), <strong>Michel Vovelle<\/strong> (Historien), <strong>Rapha\u00ebl Vah\u00e9<\/strong> (Pr\u00e9sident de l\u2019ARAC), <strong>Valentine Zuber<\/strong>(Historienne, Directrice d\u2019\u00e9tudes \u00e0 l\u2019\u00c9cole pratique des hautes \u00e9tudes)<\/p>\n<h2>Pour soutenir cet Appel des La\u00efques,<\/h2>\n<p>&nbsp;<\/p>\n<p>nous vous appelons \u00e0 la contresigner massivement\u00a0:<\/p>\n<p>&nbsp;<\/p>\n<p><a title=\"http:\/\/www.petitionpublique.fr\/?pi=P2016N49240\" href=\"http:\/\/www.petitionpublique.fr\/?pi=P2016N49240\" target=\"_blank\" rel=\"noopener\"><strong>SIGNEZ LA PETITION EN LIGNE<\/strong><\/a><\/p>\n<p>&nbsp;<\/p>\n<blockquote><p><strong>Attention<\/strong> : pour signer. Bien remplir tous les champs (certains sont obligatoires), puis ne pas oublier de cliquer sur le lien de confirmation qui vous sera envoy\u00e9 par mail, afin que votre signature soit prise en compte. Il vous sera ensuite propos\u00e9 de faire circuler la p\u00e9tition parmi votre fichier de contacts mail. N&rsquo;h\u00e9sitez surtout pas !<\/p><\/blockquote>\n","protected":false},"excerpt":{"rendered":"<p>SIGNEZ LA PETITION EN LIGNE A l\u2019occasion du 9 d\u00e9cembre 2016, jour anniversaire de la promulgation de la loi de 1905 de S\u00e9paration des Eglises et de l\u2019Etat &nbsp; C\u2019est peu de dire que la la\u00efcit\u00e9 va mal : malmen\u00e9e, manipul\u00e9e, vilipend\u00e9e, on n\u2019ose plus s\u2019affirmer la\u00efque par peur des amalgames et des contresens. Principe &hellip; <a href=\"https:\/\/www.lpdordogne.fr\/?p=1766\" class=\"more-link\">Continuer la lecture<span class=\"screen-reader-text\"> de &laquo;&nbsp;Pour le respect de la la\u00efcit\u00e9&nbsp;&raquo;<\/span><\/a><\/p>\n","protected":false},"author":2,"featured_media":1768,"comment_status":"closed","ping_status":"open","sticky":false,"template":"","format":"standard","meta":{"footnotes":""},"categories":[11],"tags":[],"class_list":["post-1766","post","type-post","status-publish","format-standard","has-post-thumbnail","hentry","category-loi-de-1905"],"_links":{"self":[{"href":"https:\/\/www.lpdordogne.fr\/index.php?rest_route=\/wp\/v2\/posts\/1766","targetHints":{"allow":["GET"]}}],"collection":[{"href":"https:\/\/www.lpdordogne.fr\/index.php?rest_route=\/wp\/v2\/posts"}],"about":[{"href":"https:\/\/www.lpdordogne.fr\/index.php?rest_route=\/wp\/v2\/types\/post"}],"author":[{"embeddable":true,"href":"https:\/\/www.lpdordogne.fr\/index.php?rest_route=\/wp\/v2\/users\/2"}],"replies":[{"embeddable":true,"href":"https:\/\/www.lpdordogne.fr\/index.php?rest_route=%2Fwp%2Fv2%2Fcomments&post=1766"}],"version-history":[{"count":0,"href":"https:\/\/www.lpdordogne.fr\/index.php?rest_route=\/wp\/v2\/posts\/1766\/revisions"}],"wp:featuredmedia":[{"embeddable":true,"href":"https:\/\/www.lpdordogne.fr\/index.php?rest_route=\/wp\/v2\/media\/1768"}],"wp:attachment":[{"href":"https:\/\/www.lpdordogne.fr\/index.php?rest_route=%2Fwp%2Fv2%2Fmedia&parent=1766"}],"wp:term":[{"taxonomy":"category","embeddable":true,"href":"https:\/\/www.lpdordogne.fr\/index.php?rest_route=%2Fwp%2Fv2%2Fcategories&post=1766"},{"taxonomy":"post_tag","embeddable":true,"href":"https:\/\/www.lpdordogne.fr\/index.php?rest_route=%2Fwp%2Fv2%2Ftags&post=1766"}],"curies":[{"name":"wp","href":"https:\/\/api.w.org\/{rel}","templated":true}]}}