{"id":1747,"date":"2016-12-05T19:42:49","date_gmt":"2016-12-05T18:42:49","guid":{"rendered":"https:\/\/lpdordogne.wordpress.com\/?p=1747"},"modified":"2016-12-05T19:42:49","modified_gmt":"2016-12-05T18:42:49","slug":"rassemblement-du-11-novembre-a-gentioux","status":"publish","type":"post","link":"https:\/\/www.lpdordogne.fr\/?p=1747","title":{"rendered":"Rassemblement du 11 novembre \u00e0 Gentioux"},"content":{"rendered":"<p style=\"text-align:justify;\">Comme chaque 11 novembre depuis 1988, libre-penseurs, pacifistes, syndicalistes, militants politiques, se sont rassembl\u00e9s par centaines devant le monument aux morts pacifiste de Gentioux.<\/p>\n<p style=\"text-align:justify;\"><a href=\"https:\/\/www.youtube.com\/watch?v=5CCNldqncP8&amp;feature=youtu.be\" target=\"_blank\" rel=\"noopener\"><img loading=\"lazy\" decoding=\"async\" class=\"alignleft size-thumbnail wp-image-1750\" src=\"https:\/\/www.lpdordogne.fr\/wp-content\/uploads\/2016\/12\/p1080741-a.jpg?w=99\" alt=\"p1080741-a\" width=\"99\" height=\"150\" srcset=\"https:\/\/www.lpdordogne.fr\/wp-content\/uploads\/2016\/12\/p1080741-a.jpg 710w, https:\/\/www.lpdordogne.fr\/wp-content\/uploads\/2016\/12\/p1080741-a-197x300.jpg 197w, https:\/\/www.lpdordogne.fr\/wp-content\/uploads\/2016\/12\/p1080741-a-673x1024.jpg 673w\" sizes=\"auto, (max-width: 99px) 85vw, 99px\" \/><\/a>Apr\u00e8s un rappel des motivations profondes de ce rassemblement que la tenue r\u00e9guli\u00e8re depuis 1988 rend traditionnel, R\u00e9gis Parayre, pr\u00e9sident du CLAMMG (<strong>C<\/strong>omit\u00e9 La\u00efque des <strong>A<\/strong>mis du <strong>M<\/strong>onument aux <strong>M<\/strong>orts de <strong>G<\/strong>entioux) a invit\u00e9 les organisations et associations appelantes \u00e0 prendre la parole.<\/p>\n<p style=\"text-align:justify;\"><a href=\"https:\/\/www.youtube.com\/watch?v=5CCNldqncP8&amp;feature=youtu.be\" target=\"_blank\" rel=\"noopener\">==&gt; reportage vid\u00e9o du rassemblement<\/a><\/p>\n","protected":false},"excerpt":{"rendered":"<p>Comme chaque 11 novembre depuis 1988, libre-penseurs, pacifistes, syndicalistes, militants politiques, se sont rassembl\u00e9s par centaines devant le monument aux morts pacifiste de Gentioux. Apr\u00e8s un rappel des motivations profondes de ce rassemblement que la tenue r\u00e9guli\u00e8re depuis 1988 rend traditionnel, R\u00e9gis Parayre, pr\u00e9sident du CLAMMG (Comit\u00e9 La\u00efque des Amis du Monument aux Morts de &hellip; <a href=\"https:\/\/www.lpdordogne.fr\/?p=1747\" class=\"more-link\">Continuer la lecture<span class=\"screen-reader-text\"> de &laquo;&nbsp;Rassemblement du 11 novembre \u00e0 Gentioux&nbsp;&raquo;<\/span><\/a><\/p>\n","protected":false},"author":2,"featured_media":1749,"comment_status":"closed","ping_status":"open","sticky":false,"template":"","format":"standard","meta":{"footnotes":""},"categories":[9,16],"tags":[],"class_list":["post-1747","post","type-post","status-publish","format-standard","has-post-thumbnail","hentry","category-fusilles-pour-lexemple","category-pacifisme-antimilitarisme"],"_links":{"self":[{"href":"https:\/\/www.lpdordogne.fr\/index.php?rest_route=\/wp\/v2\/posts\/1747","targetHints":{"allow":["GET"]}}],"collection":[{"href":"https:\/\/www.lpdordogne.fr\/index.php?rest_route=\/wp\/v2\/posts"}],"about":[{"href":"https:\/\/www.lpdordogne.fr\/index.php?rest_route=\/wp\/v2\/types\/post"}],"author":[{"embeddable":true,"href":"https:\/\/www.lpdordogne.fr\/index.php?rest_route=\/wp\/v2\/users\/2"}],"replies":[{"embeddable":true,"href":"https:\/\/www.lpdordogne.fr\/index.php?rest_route=%2Fwp%2Fv2%2Fcomments&post=1747"}],"version-history":[{"count":0,"href":"https:\/\/www.lpdordogne.fr\/index.php?rest_route=\/wp\/v2\/posts\/1747\/revisions"}],"wp:featuredmedia":[{"embeddable":true,"href":"https:\/\/www.lpdordogne.fr\/index.php?rest_route=\/wp\/v2\/media\/1749"}],"wp:attachment":[{"href":"https:\/\/www.lpdordogne.fr\/index.php?rest_route=%2Fwp%2Fv2%2Fmedia&parent=1747"}],"wp:term":[{"taxonomy":"category","embeddable":true,"href":"https:\/\/www.lpdordogne.fr\/index.php?rest_route=%2Fwp%2Fv2%2Fcategories&post=1747"},{"taxonomy":"post_tag","embeddable":true,"href":"https:\/\/www.lpdordogne.fr\/index.php?rest_route=%2Fwp%2Fv2%2Ftags&post=1747"}],"curies":[{"name":"wp","href":"https:\/\/api.w.org\/{rel}","templated":true}]}}