{"id":1733,"date":"2016-11-25T23:20:19","date_gmt":"2016-11-25T22:20:19","guid":{"rendered":"https:\/\/lpdordogne.wordpress.com\/?p=1733"},"modified":"2016-11-25T23:20:19","modified_gmt":"2016-11-25T22:20:19","slug":"succes-de-la-conference-debat-du-collectif-pour-la-paix-avec-roland-nivet","status":"publish","type":"post","link":"https:\/\/www.lpdordogne.fr\/?p=1733","title":{"rendered":"Succ\u00e8s de la conf\u00e9rence-d\u00e9bat du collectif pour la Paix avec Roland Nivet"},"content":{"rendered":"<p style=\"text-align:justify;\">\n<img loading=\"lazy\" decoding=\"async\" class=\"alignleft size-thumbnail wp-image-1737\" src=\"https:\/\/www.lpdordogne.fr\/wp-content\/uploads\/2016\/11\/img_20161125_185105_4-a.jpg?w=150\" alt=\"img_20161125_185105_4-a\" width=\"150\" height=\"84\" srcset=\"https:\/\/www.lpdordogne.fr\/wp-content\/uploads\/2016\/11\/img_20161125_185105_4-a.jpg 600w, https:\/\/www.lpdordogne.fr\/wp-content\/uploads\/2016\/11\/img_20161125_185105_4-a-300x169.jpg 300w\" sizes=\"auto, (max-width: 150px) 85vw, 150px\" \/>Une trentaine de personnes a\u00a0suivi ce vendredi 25 novembre la conf\u00e9rence de Roland Nivet porte-parole du Mouvement de la Paix, invit\u00e9 par le\u00a0collectif pour la Paix de Dordogne auquel participe\u00a0le groupe Fred Zeller.<\/p>\n<p style=\"text-align:justify;\"><img loading=\"lazy\" decoding=\"async\" class=\"alignleft size-thumbnail wp-image-1739\" src=\"https:\/\/www.lpdordogne.fr\/wp-content\/uploads\/2016\/11\/img_20161125_203249-a.jpg?w=150\" alt=\"img_20161125_203249-a\" width=\"150\" height=\"84\" srcset=\"https:\/\/www.lpdordogne.fr\/wp-content\/uploads\/2016\/11\/img_20161125_203249-a.jpg 600w, https:\/\/www.lpdordogne.fr\/wp-content\/uploads\/2016\/11\/img_20161125_203249-a-300x169.jpg 300w\" sizes=\"auto, (max-width: 150px) 85vw, 150px\" \/>L&rsquo;assistance, tr\u00e8s attentive, a ensuite particip\u00e9 \u00e0 un d\u00e9bat abordant tous les aspects du combat pour la Paix et s&rsquo;est largement inscrite dans une perspective de d\u00e9veloppement d&rsquo;initiatives locales.<\/p>\n<p>&nbsp;<\/p>\n","protected":false},"excerpt":{"rendered":"<p>Une trentaine de personnes a\u00a0suivi ce vendredi 25 novembre la conf\u00e9rence de Roland Nivet porte-parole du Mouvement de la Paix, invit\u00e9 par le\u00a0collectif pour la Paix de Dordogne auquel participe\u00a0le groupe Fred Zeller. L&rsquo;assistance, tr\u00e8s attentive, a ensuite particip\u00e9 \u00e0 un d\u00e9bat abordant tous les aspects du combat pour la Paix et s&rsquo;est largement inscrite &hellip; <a href=\"https:\/\/www.lpdordogne.fr\/?p=1733\" class=\"more-link\">Continuer la lecture<span class=\"screen-reader-text\"> de &laquo;&nbsp;Succ\u00e8s de la conf\u00e9rence-d\u00e9bat du collectif pour la Paix avec Roland Nivet&nbsp;&raquo;<\/span><\/a><\/p>\n","protected":false},"author":2,"featured_media":1738,"comment_status":"closed","ping_status":"open","sticky":false,"template":"","format":"standard","meta":{"footnotes":""},"categories":[16],"tags":[],"class_list":["post-1733","post","type-post","status-publish","format-standard","has-post-thumbnail","hentry","category-pacifisme-antimilitarisme"],"_links":{"self":[{"href":"https:\/\/www.lpdordogne.fr\/index.php?rest_route=\/wp\/v2\/posts\/1733","targetHints":{"allow":["GET"]}}],"collection":[{"href":"https:\/\/www.lpdordogne.fr\/index.php?rest_route=\/wp\/v2\/posts"}],"about":[{"href":"https:\/\/www.lpdordogne.fr\/index.php?rest_route=\/wp\/v2\/types\/post"}],"author":[{"embeddable":true,"href":"https:\/\/www.lpdordogne.fr\/index.php?rest_route=\/wp\/v2\/users\/2"}],"replies":[{"embeddable":true,"href":"https:\/\/www.lpdordogne.fr\/index.php?rest_route=%2Fwp%2Fv2%2Fcomments&post=1733"}],"version-history":[{"count":0,"href":"https:\/\/www.lpdordogne.fr\/index.php?rest_route=\/wp\/v2\/posts\/1733\/revisions"}],"wp:featuredmedia":[{"embeddable":true,"href":"https:\/\/www.lpdordogne.fr\/index.php?rest_route=\/wp\/v2\/media\/1738"}],"wp:attachment":[{"href":"https:\/\/www.lpdordogne.fr\/index.php?rest_route=%2Fwp%2Fv2%2Fmedia&parent=1733"}],"wp:term":[{"taxonomy":"category","embeddable":true,"href":"https:\/\/www.lpdordogne.fr\/index.php?rest_route=%2Fwp%2Fv2%2Fcategories&post=1733"},{"taxonomy":"post_tag","embeddable":true,"href":"https:\/\/www.lpdordogne.fr\/index.php?rest_route=%2Fwp%2Fv2%2Ftags&post=1733"}],"curies":[{"name":"wp","href":"https:\/\/api.w.org\/{rel}","templated":true}]}}