{"id":1730,"date":"2016-11-24T18:49:01","date_gmt":"2016-11-24T17:49:01","guid":{"rendered":"https:\/\/lpdordogne.wordpress.com\/?p=1730"},"modified":"2016-11-24T18:49:01","modified_gmt":"2016-11-24T17:49:01","slug":"parution-de-la-raison-n-616","status":"publish","type":"post","link":"https:\/\/www.lpdordogne.fr\/?p=1730","title":{"rendered":"Parution de \u00ab\u00a0La Raison\u00a0\u00bb N\u00b0 616"},"content":{"rendered":"<h3><a href=\"http:\/\/www.fnlp.fr\/news\/314\/17\/La-Raison-n-615-chez-nos-abonnes\/d,lp_detail.html\" target=\"_blank\" rel=\"noopener\"><img loading=\"lazy\" decoding=\"async\" class=\"alignleft wp-image-1729 size-thumbnail\" src=\"https:\/\/www.lpdordogne.fr\/wp-content\/uploads\/2016\/11\/couv616.jpg?w=106\" width=\"106\" height=\"150\" srcset=\"https:\/\/www.lpdordogne.fr\/wp-content\/uploads\/2016\/11\/couv616.jpg 550w, https:\/\/www.lpdordogne.fr\/wp-content\/uploads\/2016\/11\/couv616-212x300.jpg 212w\" sizes=\"auto, (max-width: 106px) 85vw, 106px\" \/><\/a><\/h3>\n<h2>L\u2019Editorial du pr\u00e9sident<\/h2>\n<h1>Et Voltaire disait\u00a0\u00ab \u00e9crasons l&rsquo;inf&#8230;\u00a0\u00bb<\/h1>\n<p style=\"text-align:justify;\"><img loading=\"lazy\" decoding=\"async\" class=\"alignleft size-thumbnail wp-image-1731\" src=\"https:\/\/www.lpdordogne.fr\/wp-content\/uploads\/2016\/11\/ob_0ef09e_jean-sebastien-pierre-libre-pensee-im.jpg?w=133\" alt=\"ob_0ef09e_jean-sebastien-pierre-libre-pensee-im\" width=\"133\" height=\"150\" srcset=\"https:\/\/www.lpdordogne.fr\/wp-content\/uploads\/2016\/11\/ob_0ef09e_jean-sebastien-pierre-libre-pensee-im.jpg 511w, https:\/\/www.lpdordogne.fr\/wp-content\/uploads\/2016\/11\/ob_0ef09e_jean-sebastien-pierre-libre-pensee-im-266x300.jpg 266w\" sizes=\"auto, (max-width: 133px) 85vw, 133px\" \/>Lorsque vous ouvrirez ce num\u00e9ro de La Raison, vous saurez dans quel sens le <strong>Conseil d\u2019\u00c9tat<\/strong> a tranch\u00e9 la question de la cr\u00e8che de No\u00ebl au Conseil G\u00e9n\u00e9ral de Vend\u00e9e et de Melun. La Libre Pens\u00e9e se sera exprim\u00e9e par communiqu\u00e9 sur l\u2019issue du jugement quel qu\u2019il soit. Nous saurons si cette institution a confort\u00e9 la loi de S\u00e9paration des \u00c9glises et de l\u2019\u00c9tat, ou au contraire, si elle a donn\u00e9 son aval \u00e0 l\u2019op\u00e9ration de reconquista de Monsieur Retailleau. Sous la houlette du pape Fran\u00e7ois, pseudonyme du cardinal Jorge Bergoglio, cette op\u00e9ration de reconqu\u00eate de l\u2019Occident chr\u00e9tien se d\u00e9roule dans le monde entier, et tout particuli\u00e8rement en Europe. (&#8230;)<\/p>\n<p style=\"text-align:justify;\"><a href=\"http:\/\/www.fnlp.fr\/news\/334\/17\/La-Raison-n-616\/d,lp_detail.html\" target=\"_blank\" rel=\"noopener\"><em>Lire la suite de la pr\u00e9sentation<\/em><\/a><\/p>\n<p style=\"text-align:justify;\"><a href=\"http:\/\/www.fnlp.fr\/news\/267\/17\/La-Raison-n-613-chez-nos-abonnes\/d,lp_detail.html\" target=\"_blank\" rel=\"noopener\"><img loading=\"lazy\" decoding=\"async\" class=\"alignleft wp-image-1728 size-thumbnail\" src=\"https:\/\/www.lpdordogne.fr\/wp-content\/uploads\/2016\/11\/sommaire616.jpg?w=150\" width=\"150\" height=\"85\" srcset=\"https:\/\/www.lpdordogne.fr\/wp-content\/uploads\/2016\/11\/sommaire616.jpg 777w, https:\/\/www.lpdordogne.fr\/wp-content\/uploads\/2016\/11\/sommaire616-300x169.jpg 300w, https:\/\/www.lpdordogne.fr\/wp-content\/uploads\/2016\/11\/sommaire616-768x433.jpg 768w\" sizes=\"auto, (max-width: 150px) 85vw, 150px\" \/><\/a><\/p>\n<p style=\"text-align:justify;\">pour vous procurer ce N\u00b0 de <em>La Raison<\/em>, contactez le groupe Fred Zeller : <a href=\"mailto:contact@lpdordogne.fr\">contact@lpdordogne.fr<\/a><\/p>\n","protected":false},"excerpt":{"rendered":"<p>L\u2019Editorial du pr\u00e9sident Et Voltaire disait\u00a0\u00ab \u00e9crasons l&rsquo;inf&#8230;\u00a0\u00bb Lorsque vous ouvrirez ce num\u00e9ro de La Raison, vous saurez dans quel sens le Conseil d\u2019\u00c9tat a tranch\u00e9 la question de la cr\u00e8che de No\u00ebl au Conseil G\u00e9n\u00e9ral de Vend\u00e9e et de Melun. La Libre Pens\u00e9e se sera exprim\u00e9e par communiqu\u00e9 sur l\u2019issue du jugement quel qu\u2019il &hellip; <a href=\"https:\/\/www.lpdordogne.fr\/?p=1730\" class=\"more-link\">Continuer la lecture<span class=\"screen-reader-text\"> de &laquo;&nbsp;Parution de \u00ab\u00a0La Raison\u00a0\u00bb N\u00b0 616&nbsp;&raquo;<\/span><\/a><\/p>\n","protected":false},"author":2,"featured_media":1729,"comment_status":"closed","ping_status":"open","sticky":false,"template":"","format":"standard","meta":{"footnotes":""},"categories":[25],"tags":[],"class_list":["post-1730","post","type-post","status-publish","format-standard","has-post-thumbnail","hentry","category-la-raison"],"_links":{"self":[{"href":"https:\/\/www.lpdordogne.fr\/index.php?rest_route=\/wp\/v2\/posts\/1730","targetHints":{"allow":["GET"]}}],"collection":[{"href":"https:\/\/www.lpdordogne.fr\/index.php?rest_route=\/wp\/v2\/posts"}],"about":[{"href":"https:\/\/www.lpdordogne.fr\/index.php?rest_route=\/wp\/v2\/types\/post"}],"author":[{"embeddable":true,"href":"https:\/\/www.lpdordogne.fr\/index.php?rest_route=\/wp\/v2\/users\/2"}],"replies":[{"embeddable":true,"href":"https:\/\/www.lpdordogne.fr\/index.php?rest_route=%2Fwp%2Fv2%2Fcomments&post=1730"}],"version-history":[{"count":0,"href":"https:\/\/www.lpdordogne.fr\/index.php?rest_route=\/wp\/v2\/posts\/1730\/revisions"}],"wp:featuredmedia":[{"embeddable":true,"href":"https:\/\/www.lpdordogne.fr\/index.php?rest_route=\/wp\/v2\/media\/1729"}],"wp:attachment":[{"href":"https:\/\/www.lpdordogne.fr\/index.php?rest_route=%2Fwp%2Fv2%2Fmedia&parent=1730"}],"wp:term":[{"taxonomy":"category","embeddable":true,"href":"https:\/\/www.lpdordogne.fr\/index.php?rest_route=%2Fwp%2Fv2%2Fcategories&post=1730"},{"taxonomy":"post_tag","embeddable":true,"href":"https:\/\/www.lpdordogne.fr\/index.php?rest_route=%2Fwp%2Fv2%2Ftags&post=1730"}],"curies":[{"name":"wp","href":"https:\/\/api.w.org\/{rel}","templated":true}]}}