{"id":1722,"date":"2016-11-22T22:22:01","date_gmt":"2016-11-22T21:22:01","guid":{"rendered":"https:\/\/lpdordogne.wordpress.com\/?p=1722"},"modified":"2016-11-22T22:22:01","modified_gmt":"2016-11-22T21:22:01","slug":"le-groupe-fred-zeller-sur-rlp-lundi-21-novembre-2016","status":"publish","type":"post","link":"https:\/\/www.lpdordogne.fr\/?p=1722","title":{"rendered":"Le Groupe Fred Zeller sur RLP lundi 21 novembre 2016"},"content":{"rendered":"<h1 style=\"text-align:center;\">Conf\u00e9rence-d\u00e9bat<br \/>\nvendredi 25 novembre \u00e0 18h30<br \/>\nmairie de Coulounieix-Chamiers<\/h1>\n<p>[mixcloud https:\/\/www.mixcloud.com\/jlbagault\/chronique-du-groupe-fred-zeller-du-21-novembre-2016\/ width=100% height=60 hide_cover=1 mini=1 light=1]<\/p>\n<p style=\"text-align:justify;\"><a href=\"https:\/\/www.lpdordogne.fr\/wp-content\/uploads\/2016\/11\/tract-vendredi-25-novembre.pdf\" target=\"_blank\" rel=\"noopener\"><img loading=\"lazy\" decoding=\"async\" class=\"alignleft wp-image-1712 size-thumbnail\" src=\"https:\/\/www.lpdordogne.fr\/wp-content\/uploads\/2016\/11\/tratc.jpg?w=150\" width=\"150\" height=\"87\" srcset=\"https:\/\/www.lpdordogne.fr\/wp-content\/uploads\/2016\/11\/tratc.jpg 800w, https:\/\/www.lpdordogne.fr\/wp-content\/uploads\/2016\/11\/tratc-300x174.jpg 300w, https:\/\/www.lpdordogne.fr\/wp-content\/uploads\/2016\/11\/tratc-768x444.jpg 768w\" sizes=\"auto, (max-width: 150px) 85vw, 150px\" \/><\/a><\/p>\n<p style=\"text-align:justify;\">Membre du collectif pour la Paix de Dordogne, le groupe Fred Zeller\u00a0vous invite \u00e0 participer \u00e0 la conf\u00e9rence-d\u00e9bat qui se tiendra vendredi 25 novembre \u00e0 18h30, dans la salle du conseil de la Mairie de Coulounieix-Chamiers.<\/p>\n<p style=\"text-align:justify;\">Dans cette rubrique du 21 novembre, les repr\u00e9sentants du groupe Fred Zeller rappellent que le pacifisme est l&rsquo;un des 4 principes fondamentaux de la Libre Pens\u00e9e pour laquelle c&rsquo;est une longue tradition qui trouve ses racines dans le combat pour la r\u00e9habilitation des fusill\u00e9s pour l&rsquo;exemple, et ce d\u00e8s le lendemain du 1er conflit mondial.<\/p>\n<p style=\"text-align:justify;\"><a href=\"mailto:contact@lpdordogne.fr\">contact@lpdordogne.fr<\/a><\/p>\n<p style=\"text-align:justify;\">Pour \u00e9changer sur ce sujet, <a title=\"Contacter le Groupe Fred Zeller\" href=\"https:\/\/lpdordogne.wordpress.com\/contacter-le-groupe-fred-zeller\/\" target=\"_blank\" rel=\"noopener\">contactez le Groupe Fred Zeller<\/a><\/p>\n<p>courriel :\u00a0<a href=\"mailto:groupefredzeller@gmail.com\">groupefredzeller@gmail.com<\/a><\/p>\n","protected":false},"excerpt":{"rendered":"<p>Conf\u00e9rence-d\u00e9bat vendredi 25 novembre \u00e0 18h30 mairie de Coulounieix-Chamiers [mixcloud https:\/\/www.mixcloud.com\/jlbagault\/chronique-du-groupe-fred-zeller-du-21-novembre-2016\/ width=100% height=60 hide_cover=1 mini=1 light=1] Membre du collectif pour la Paix de Dordogne, le groupe Fred Zeller\u00a0vous invite \u00e0 participer \u00e0 la conf\u00e9rence-d\u00e9bat qui se tiendra vendredi 25 novembre \u00e0 18h30, dans la salle du conseil de la Mairie de Coulounieix-Chamiers. Dans cette rubrique &hellip; <a href=\"https:\/\/www.lpdordogne.fr\/?p=1722\" class=\"more-link\">Continuer la lecture<span class=\"screen-reader-text\"> de &laquo;&nbsp;Le Groupe Fred Zeller sur RLP lundi 21 novembre 2016&nbsp;&raquo;<\/span><\/a><\/p>\n","protected":false},"author":2,"featured_media":1712,"comment_status":"closed","ping_status":"open","sticky":false,"template":"","format":"standard","meta":{"footnotes":""},"categories":[20],"tags":[],"class_list":["post-1722","post","type-post","status-publish","format-standard","has-post-thumbnail","hentry","category-rlp"],"_links":{"self":[{"href":"https:\/\/www.lpdordogne.fr\/index.php?rest_route=\/wp\/v2\/posts\/1722","targetHints":{"allow":["GET"]}}],"collection":[{"href":"https:\/\/www.lpdordogne.fr\/index.php?rest_route=\/wp\/v2\/posts"}],"about":[{"href":"https:\/\/www.lpdordogne.fr\/index.php?rest_route=\/wp\/v2\/types\/post"}],"author":[{"embeddable":true,"href":"https:\/\/www.lpdordogne.fr\/index.php?rest_route=\/wp\/v2\/users\/2"}],"replies":[{"embeddable":true,"href":"https:\/\/www.lpdordogne.fr\/index.php?rest_route=%2Fwp%2Fv2%2Fcomments&post=1722"}],"version-history":[{"count":0,"href":"https:\/\/www.lpdordogne.fr\/index.php?rest_route=\/wp\/v2\/posts\/1722\/revisions"}],"wp:featuredmedia":[{"embeddable":true,"href":"https:\/\/www.lpdordogne.fr\/index.php?rest_route=\/wp\/v2\/media\/1712"}],"wp:attachment":[{"href":"https:\/\/www.lpdordogne.fr\/index.php?rest_route=%2Fwp%2Fv2%2Fmedia&parent=1722"}],"wp:term":[{"taxonomy":"category","embeddable":true,"href":"https:\/\/www.lpdordogne.fr\/index.php?rest_route=%2Fwp%2Fv2%2Fcategories&post=1722"},{"taxonomy":"post_tag","embeddable":true,"href":"https:\/\/www.lpdordogne.fr\/index.php?rest_route=%2Fwp%2Fv2%2Ftags&post=1722"}],"curies":[{"name":"wp","href":"https:\/\/api.w.org\/{rel}","templated":true}]}}