{"id":1716,"date":"2016-11-14T22:49:24","date_gmt":"2016-11-14T21:49:24","guid":{"rendered":"https:\/\/lpdordogne.wordpress.com\/?p=1716"},"modified":"2016-11-14T22:49:24","modified_gmt":"2016-11-14T21:49:24","slug":"le-groupe-fred-zeller-sur-rlp-lundi-14-novembre-2016","status":"publish","type":"post","link":"https:\/\/www.lpdordogne.fr\/?p=1716","title":{"rendered":"Le Groupe Fred Zeller sur RLP lundi 14 novembre 2016"},"content":{"rendered":"<h1 style=\"text-align:center;\">Apr\u00e8s les arr\u00eats du Conseil d&rsquo;\u00c9tat<\/h1>\n<h1 style=\"text-align:center;\"><\/h1>\n<p>[mixcloud https:\/\/www.mixcloud.com\/jlbagault\/chronique-du-groupe-fred-zeller-du-14-novembre-2016\/ width=100% height=60 hide_cover=1 mini=1 light=1]<\/p>\n<p style=\"text-align:justify;\"><a href=\"http:\/\/www.fnlp.fr\/news\/307\/23\/Creches-chretiennes-dans-les-batiments-de-la-Republique\/d,lp_detail.html\" target=\"_blank\" rel=\"noopener\"><img loading=\"lazy\" decoding=\"async\" class=\"alignleft wp-image-1704 size-thumbnail\" src=\"https:\/\/www.lpdordogne.fr\/wp-content\/uploads\/2016\/11\/img_4037-a.jpg?w=150\" width=\"150\" height=\"84\" srcset=\"https:\/\/www.lpdordogne.fr\/wp-content\/uploads\/2016\/11\/img_4037-a.jpg 500w, https:\/\/www.lpdordogne.fr\/wp-content\/uploads\/2016\/11\/img_4037-a-300x169.jpg 300w\" sizes=\"auto, (max-width: 150px) 85vw, 150px\" \/><\/a><\/p>\n<p style=\"text-align:justify;\">Le groupe Fred Zeller a particip\u00e9 au rassemblement national de Gentioux, le 11 novembre. Ce rassemblement a \u00e9t\u00e9 un succ\u00e8s important.<\/p>\n<p style=\"text-align:justify;\"><img loading=\"lazy\" decoding=\"async\" class=\"alignleft size-thumbnail wp-image-1650\" src=\"https:\/\/www.lpdordogne.fr\/wp-content\/uploads\/2016\/10\/image-22oct2016-2.jpg?w=150\" alt=\"image-22oct2016-2\" width=\"150\" height=\"100\" srcset=\"https:\/\/www.lpdordogne.fr\/wp-content\/uploads\/2016\/10\/image-22oct2016-2.jpg 640w, https:\/\/www.lpdordogne.fr\/wp-content\/uploads\/2016\/10\/image-22oct2016-2-300x200.jpg 300w\" sizes=\"auto, (max-width: 150px) 85vw, 150px\" \/>Le point essentiel de cette chronique concerne les d\u00e9cisions du Conseil d&rsquo;\u00c9tat dans l&rsquo;affaire des cr\u00e8ches ; ces jugements, ainsi que le communiqu\u00e9 qui les accompagne sont\u00a0importants car ils sont fond\u00e9s sur la loi de 1905.<\/p>\n<p style=\"text-align:justify;\"><a href=\"http:\/\/www.fnlp.fr\/news\/325\/17\/Communique-de-la-Libre-Pensee-sur-l-affaire-des-creches.html\" target=\"_blank\" rel=\"noopener\">lire le communiqu\u00e9 de la FNLP et les documents du Conseil d&rsquo;\u00c9tat<\/a><\/p>\n<p style=\"text-align:justify;\"><a href=\"mailto:contact@lpdordogne.fr\">contact@lpdordogne.fr<\/a><\/p>\n<p style=\"text-align:justify;\">Pour \u00e9changer sur ce sujet, <a title=\"Contacter le Groupe Fred Zeller\" href=\"https:\/\/lpdordogne.wordpress.com\/contacter-le-groupe-fred-zeller\/\" target=\"_blank\" rel=\"noopener\">contactez le Groupe Fred Zeller<\/a><\/p>\n<p>courriel :\u00a0<a href=\"mailto:groupefredzeller@gmail.com\">groupefredzeller@gmail.com<\/a><\/p>\n","protected":false},"excerpt":{"rendered":"<p>Apr\u00e8s les arr\u00eats du Conseil d&rsquo;\u00c9tat [mixcloud https:\/\/www.mixcloud.com\/jlbagault\/chronique-du-groupe-fred-zeller-du-14-novembre-2016\/ width=100% height=60 hide_cover=1 mini=1 light=1] Le groupe Fred Zeller a particip\u00e9 au rassemblement national de Gentioux, le 11 novembre. Ce rassemblement a \u00e9t\u00e9 un succ\u00e8s important. Le point essentiel de cette chronique concerne les d\u00e9cisions du Conseil d&rsquo;\u00c9tat dans l&rsquo;affaire des cr\u00e8ches ; ces jugements, ainsi que &hellip; <a href=\"https:\/\/www.lpdordogne.fr\/?p=1716\" class=\"more-link\">Continuer la lecture<span class=\"screen-reader-text\"> de &laquo;&nbsp;Le Groupe Fred Zeller sur RLP lundi 14 novembre 2016&nbsp;&raquo;<\/span><\/a><\/p>\n","protected":false},"author":2,"featured_media":1650,"comment_status":"closed","ping_status":"open","sticky":false,"template":"","format":"standard","meta":{"footnotes":""},"categories":[20],"tags":[],"class_list":["post-1716","post","type-post","status-publish","format-standard","has-post-thumbnail","hentry","category-rlp"],"_links":{"self":[{"href":"https:\/\/www.lpdordogne.fr\/index.php?rest_route=\/wp\/v2\/posts\/1716","targetHints":{"allow":["GET"]}}],"collection":[{"href":"https:\/\/www.lpdordogne.fr\/index.php?rest_route=\/wp\/v2\/posts"}],"about":[{"href":"https:\/\/www.lpdordogne.fr\/index.php?rest_route=\/wp\/v2\/types\/post"}],"author":[{"embeddable":true,"href":"https:\/\/www.lpdordogne.fr\/index.php?rest_route=\/wp\/v2\/users\/2"}],"replies":[{"embeddable":true,"href":"https:\/\/www.lpdordogne.fr\/index.php?rest_route=%2Fwp%2Fv2%2Fcomments&post=1716"}],"version-history":[{"count":0,"href":"https:\/\/www.lpdordogne.fr\/index.php?rest_route=\/wp\/v2\/posts\/1716\/revisions"}],"wp:featuredmedia":[{"embeddable":true,"href":"https:\/\/www.lpdordogne.fr\/index.php?rest_route=\/wp\/v2\/media\/1650"}],"wp:attachment":[{"href":"https:\/\/www.lpdordogne.fr\/index.php?rest_route=%2Fwp%2Fv2%2Fmedia&parent=1716"}],"wp:term":[{"taxonomy":"category","embeddable":true,"href":"https:\/\/www.lpdordogne.fr\/index.php?rest_route=%2Fwp%2Fv2%2Fcategories&post=1716"},{"taxonomy":"post_tag","embeddable":true,"href":"https:\/\/www.lpdordogne.fr\/index.php?rest_route=%2Fwp%2Fv2%2Ftags&post=1716"}],"curies":[{"name":"wp","href":"https:\/\/api.w.org\/{rel}","templated":true}]}}