{"id":1709,"date":"2016-11-12T20:33:35","date_gmt":"2016-11-12T19:33:35","guid":{"rendered":"https:\/\/lpdordogne.wordpress.com\/?p=1709"},"modified":"2016-11-12T20:33:35","modified_gmt":"2016-11-12T19:33:35","slug":"laffaire-des-creches-le-conseil-detat-rend-2-jugements","status":"publish","type":"post","link":"https:\/\/www.lpdordogne.fr\/?p=1709","title":{"rendered":"L&rsquo;affaire des cr\u00e8ches : le Conseil d&rsquo;Etat rend 2 jugements"},"content":{"rendered":"<h1 class=\"art-postheader\">Communiqu\u00e9 de la Libre Pens\u00e9e sur l\u2019affaire des cr\u00e8ches<\/h1>\n<p style=\"text-align:justify;\"><img loading=\"lazy\" decoding=\"async\" class=\"alignleft size-thumbnail wp-image-1650\" src=\"https:\/\/www.lpdordogne.fr\/wp-content\/uploads\/2016\/10\/image-22oct2016-2.jpg?w=150\" alt=\"image-22oct2016-2\" width=\"150\" height=\"100\" srcset=\"https:\/\/www.lpdordogne.fr\/wp-content\/uploads\/2016\/10\/image-22oct2016-2.jpg 640w, https:\/\/www.lpdordogne.fr\/wp-content\/uploads\/2016\/10\/image-22oct2016-2-300x200.jpg 300w\" sizes=\"auto, (max-width: 150px) 85vw, 150px\" \/>Il est \u00e9vident que la victoire de la Libre Pens\u00e9e, sur la question des cr\u00e8ches chr\u00e9tiennes dans les b\u00e2timents de la R\u00e9publique, n\u2019est pas du go\u00fbt de tout le monde, \u00e0 commencer par ceux qui ont perdu.<\/p>\n<p style=\"text-align:justify;\">Certains ont essay\u00e9 de se raccrocher aux branches de la Libre Pens\u00e9e, sans succ\u00e8s. Pour d\u2019autres, il est insupportable que la Libre Pens\u00e9e puisse gagner.<\/p>\n<p style=\"text-align:justify;\">S\u2019il fallait une preuve que la Libre Pens\u00e9e est sortie gagnante de la confrontation juridique, la d\u00e9cision du Conseil d\u2019Etat qui ordonne \u00e0\u00a0 la Maire de\u00a0 Melun et au Conseil d\u00e9partemental de la Vend\u00e9e de verser, chacun 3 000\u20ac \u00e0 la Libre Pens\u00e9e, en serait la meilleure preuve. Si c\u2019est cela perdre, alors nous souhaitons \u00e0 tout le monde de perdre en justice.<\/p>\n<p style=\"text-align:justify;\"><a href=\"http:\/\/www.fnlp.fr\/news\/323\/17\/Communique-de-la-Libre-Pensee-sur-l-affaire-des-creches\/d,lp_detail.html\" target=\"_blank\" rel=\"noopener\">lire l&rsquo;int\u00e9gralit\u00e9 du communiqu\u00e9 de la FNLP<\/a><\/p>\n<p style=\"text-align:justify;\">contacter le groupe Fred Zeller : contact@lpdordogne.fr<\/p>\n","protected":false},"excerpt":{"rendered":"<p>Communiqu\u00e9 de la Libre Pens\u00e9e sur l\u2019affaire des cr\u00e8ches Il est \u00e9vident que la victoire de la Libre Pens\u00e9e, sur la question des cr\u00e8ches chr\u00e9tiennes dans les b\u00e2timents de la R\u00e9publique, n\u2019est pas du go\u00fbt de tout le monde, \u00e0 commencer par ceux qui ont perdu. Certains ont essay\u00e9 de se raccrocher aux branches de &hellip; <a href=\"https:\/\/www.lpdordogne.fr\/?p=1709\" class=\"more-link\">Continuer la lecture<span class=\"screen-reader-text\"> de &laquo;&nbsp;L&rsquo;affaire des cr\u00e8ches : le Conseil d&rsquo;Etat rend 2 jugements&nbsp;&raquo;<\/span><\/a><\/p>\n","protected":false},"author":2,"featured_media":1662,"comment_status":"closed","ping_status":"open","sticky":false,"template":"","format":"standard","meta":{"footnotes":""},"categories":[2],"tags":[],"class_list":["post-1709","post","type-post","status-publish","format-standard","has-post-thumbnail","hentry","category-elus-et-laicite"],"_links":{"self":[{"href":"https:\/\/www.lpdordogne.fr\/index.php?rest_route=\/wp\/v2\/posts\/1709","targetHints":{"allow":["GET"]}}],"collection":[{"href":"https:\/\/www.lpdordogne.fr\/index.php?rest_route=\/wp\/v2\/posts"}],"about":[{"href":"https:\/\/www.lpdordogne.fr\/index.php?rest_route=\/wp\/v2\/types\/post"}],"author":[{"embeddable":true,"href":"https:\/\/www.lpdordogne.fr\/index.php?rest_route=\/wp\/v2\/users\/2"}],"replies":[{"embeddable":true,"href":"https:\/\/www.lpdordogne.fr\/index.php?rest_route=%2Fwp%2Fv2%2Fcomments&post=1709"}],"version-history":[{"count":0,"href":"https:\/\/www.lpdordogne.fr\/index.php?rest_route=\/wp\/v2\/posts\/1709\/revisions"}],"wp:featuredmedia":[{"embeddable":true,"href":"https:\/\/www.lpdordogne.fr\/index.php?rest_route=\/wp\/v2\/media\/1662"}],"wp:attachment":[{"href":"https:\/\/www.lpdordogne.fr\/index.php?rest_route=%2Fwp%2Fv2%2Fmedia&parent=1709"}],"wp:term":[{"taxonomy":"category","embeddable":true,"href":"https:\/\/www.lpdordogne.fr\/index.php?rest_route=%2Fwp%2Fv2%2Fcategories&post=1709"},{"taxonomy":"post_tag","embeddable":true,"href":"https:\/\/www.lpdordogne.fr\/index.php?rest_route=%2Fwp%2Fv2%2Ftags&post=1709"}],"curies":[{"name":"wp","href":"https:\/\/api.w.org\/{rel}","templated":true}]}}