{"id":1700,"date":"2016-11-12T20:25:43","date_gmt":"2016-11-12T19:25:43","guid":{"rendered":"https:\/\/lpdordogne.wordpress.com\/?p=1700"},"modified":"2016-11-12T20:25:43","modified_gmt":"2016-11-12T19:25:43","slug":"succes-du-rassemblement-pacifiste-de-gentioux","status":"publish","type":"post","link":"https:\/\/www.lpdordogne.fr\/?p=1700","title":{"rendered":"succ\u00e8s du rassemblement pacifiste de Gentioux"},"content":{"rendered":"<p style=\"text-align:justify;\"><img loading=\"lazy\" decoding=\"async\" class=\"aligncenter wp-image-1719 size-large\" src=\"https:\/\/www.lpdordogne.fr\/wp-content\/uploads\/2016\/11\/gentioux-a.jpg?w=474\" width=\"474\" height=\"266\" srcset=\"https:\/\/www.lpdordogne.fr\/wp-content\/uploads\/2016\/11\/gentioux-a.jpg 600w, https:\/\/www.lpdordogne.fr\/wp-content\/uploads\/2016\/11\/gentioux-a-300x169.jpg 300w\" sizes=\"auto, (max-width: 474px) 85vw, 474px\" \/>Plus de 1000 participants pr\u00e9sents au rassemblement pacifiste de Gentioux.<\/p>\n<p style=\"text-align:justify;\"><img loading=\"lazy\" decoding=\"async\" class=\"alignleft size-thumbnail wp-image-1707\" src=\"https:\/\/www.lpdordogne.fr\/wp-content\/uploads\/2016\/11\/img_4031-b.jpg?w=136\" alt=\"img_4031-b\" width=\"136\" height=\"150\" srcset=\"https:\/\/www.lpdordogne.fr\/wp-content\/uploads\/2016\/11\/img_4031-b.jpg 952w, https:\/\/www.lpdordogne.fr\/wp-content\/uploads\/2016\/11\/img_4031-b-273x300.jpg 273w, https:\/\/www.lpdordogne.fr\/wp-content\/uploads\/2016\/11\/img_4031-b-930x1024.jpg 930w, https:\/\/www.lpdordogne.fr\/wp-content\/uploads\/2016\/11\/img_4031-b-768x845.jpg 768w\" sizes=\"auto, (max-width: 136px) 85vw, 136px\" \/>Apr\u00e8s une introduction rappelant le r\u00f4le du Comit\u00e9 La\u00efque des Amis du Monument aux morts de Gentioux, qui, depuis 29 ans, organise ce rassemblement chaque 11 novembre, R\u00e9gis Paraire\u00a0a donn\u00e9 la parole aux associations soutenant le rassemblement : ARAC, UD CGT, UD CGT-FO, Union pacifiste, F\u00e9d\u00e9ration anarchiste, \u00a0LDH, Mouvement de la Paix, Libre Pens\u00e9e.<\/p>\n<p style=\"text-align:justify;\">Dans ce rassemblement, il a \u00e9t\u00e9\u00a0indiqu\u00e9 comment se poursuit sans rel\u00e2che le combat pour la r\u00e9habilitation collective des fusill\u00e9s pour l&rsquo;exemple :<\/p>\n<ul>\n<li style=\"text-align:justify;\"><a href=\"http:\/\/www.fnlp.fr\/news\/316\/17\/Appel-a-la-Republique.html\" target=\"_blank\" rel=\"noopener\">l&rsquo;appel \u00e0 la R\u00e9publique<\/a>, sign\u00e9 par des descendants de fusill\u00e9s pour l&rsquo;exemple<\/li>\n<li style=\"text-align:justify;\">la campagne pour l&rsquo;\u00e9l\u00e9vation d&rsquo;un <a href=\"http:\/\/www.fnlp.fr\/index.php?mact=News,cntnt01,detail,0&amp;cntnt01articleid=24&amp;cntnt01returnid=21\" target=\"_blank\" rel=\"noopener\">monument sur la ligne de front<\/a><\/li>\n<\/ul>\n<p style=\"text-align:justify;\"><img loading=\"lazy\" decoding=\"async\" class=\"alignleft size-thumbnail wp-image-1703\" src=\"https:\/\/www.lpdordogne.fr\/wp-content\/uploads\/2016\/11\/img_4043-a.jpg?w=150\" alt=\"img_4043-a\" width=\"150\" height=\"84\" srcset=\"https:\/\/www.lpdordogne.fr\/wp-content\/uploads\/2016\/11\/img_4043-a.jpg 500w, https:\/\/www.lpdordogne.fr\/wp-content\/uploads\/2016\/11\/img_4043-a-300x169.jpg 300w\" sizes=\"auto, (max-width: 150px) 85vw, 150px\" \/>Le groupe Fred Zeller \u00e9tait pr\u00e9sent \u00e0 ce rassemblement<\/p>\n<p>&nbsp;<\/p>\n","protected":false},"excerpt":{"rendered":"<p>Plus de 1000 participants pr\u00e9sents au rassemblement pacifiste de Gentioux. Apr\u00e8s une introduction rappelant le r\u00f4le du Comit\u00e9 La\u00efque des Amis du Monument aux morts de Gentioux, qui, depuis 29 ans, organise ce rassemblement chaque 11 novembre, R\u00e9gis Paraire\u00a0a donn\u00e9 la parole aux associations soutenant le rassemblement : ARAC, UD CGT, UD CGT-FO, Union pacifiste, &hellip; <a href=\"https:\/\/www.lpdordogne.fr\/?p=1700\" class=\"more-link\">Continuer la lecture<span class=\"screen-reader-text\"> de &laquo;&nbsp;succ\u00e8s du rassemblement pacifiste de Gentioux&nbsp;&raquo;<\/span><\/a><\/p>\n","protected":false},"author":2,"featured_media":1705,"comment_status":"closed","ping_status":"open","sticky":false,"template":"","format":"standard","meta":{"footnotes":""},"categories":[9,16],"tags":[],"class_list":["post-1700","post","type-post","status-publish","format-standard","has-post-thumbnail","hentry","category-fusilles-pour-lexemple","category-pacifisme-antimilitarisme"],"_links":{"self":[{"href":"https:\/\/www.lpdordogne.fr\/index.php?rest_route=\/wp\/v2\/posts\/1700","targetHints":{"allow":["GET"]}}],"collection":[{"href":"https:\/\/www.lpdordogne.fr\/index.php?rest_route=\/wp\/v2\/posts"}],"about":[{"href":"https:\/\/www.lpdordogne.fr\/index.php?rest_route=\/wp\/v2\/types\/post"}],"author":[{"embeddable":true,"href":"https:\/\/www.lpdordogne.fr\/index.php?rest_route=\/wp\/v2\/users\/2"}],"replies":[{"embeddable":true,"href":"https:\/\/www.lpdordogne.fr\/index.php?rest_route=%2Fwp%2Fv2%2Fcomments&post=1700"}],"version-history":[{"count":0,"href":"https:\/\/www.lpdordogne.fr\/index.php?rest_route=\/wp\/v2\/posts\/1700\/revisions"}],"wp:featuredmedia":[{"embeddable":true,"href":"https:\/\/www.lpdordogne.fr\/index.php?rest_route=\/wp\/v2\/media\/1705"}],"wp:attachment":[{"href":"https:\/\/www.lpdordogne.fr\/index.php?rest_route=%2Fwp%2Fv2%2Fmedia&parent=1700"}],"wp:term":[{"taxonomy":"category","embeddable":true,"href":"https:\/\/www.lpdordogne.fr\/index.php?rest_route=%2Fwp%2Fv2%2Fcategories&post=1700"},{"taxonomy":"post_tag","embeddable":true,"href":"https:\/\/www.lpdordogne.fr\/index.php?rest_route=%2Fwp%2Fv2%2Ftags&post=1700"}],"curies":[{"name":"wp","href":"https:\/\/api.w.org\/{rel}","templated":true}]}}