{"id":1678,"date":"2016-11-07T21:44:25","date_gmt":"2016-11-07T20:44:25","guid":{"rendered":"https:\/\/lpdordogne.wordpress.com\/?p=1678"},"modified":"2016-11-07T21:44:25","modified_gmt":"2016-11-07T20:44:25","slug":"le-groupe-fred-zeller-sur-rlp-lundi-7-novembre-2016","status":"publish","type":"post","link":"https:\/\/www.lpdordogne.fr\/?p=1678","title":{"rendered":"Le Groupe Fred Zeller sur RLP lundi 7 novembre 2016"},"content":{"rendered":"<h1 style=\"text-align:center;\">\u00ab\u00a0Nous sommes les descendants des familles des Fusill\u00e9s pour l\u2019exemple,<br \/>\nNous demandons Justice\u00a0!<\/h1>\n<h1 style=\"text-align:center;\"><img loading=\"lazy\" decoding=\"async\" class=\"aligncenter wp-image-1679 size-full\" src=\"https:\/\/www.lpdordogne.fr\/wp-content\/uploads\/2016\/11\/fusille01.jpg\" alt=\"fusille01\" width=\"431\" height=\"318\" srcset=\"https:\/\/www.lpdordogne.fr\/wp-content\/uploads\/2016\/11\/fusille01.jpg 431w, https:\/\/www.lpdordogne.fr\/wp-content\/uploads\/2016\/11\/fusille01-300x221.jpg 300w\" sizes=\"auto, (max-width: 431px) 85vw, 431px\" \/><\/h1>\n<p>[mixcloud https:\/\/www.mixcloud.com\/jlbagault\/chronique-du-groupe-fred-zeller-du-7-novembre-2016\/ width=100% height=60 hide_cover=1 mini=1 light=1]<\/p>\n<p style=\"text-align:justify;\"><a href=\"http:\/\/www.fnlp.fr\/news\/307\/23\/Creches-chretiennes-dans-les-batiments-de-la-Republique\/d,lp_detail.html\" target=\"_blank\" rel=\"noopener\"><img loading=\"lazy\" decoding=\"async\" class=\"alignleft wp-image-1680 size-thumbnail\" src=\"https:\/\/www.lpdordogne.fr\/wp-content\/uploads\/2016\/11\/fusille02.jpg?w=150\" width=\"150\" height=\"101\" srcset=\"https:\/\/www.lpdordogne.fr\/wp-content\/uploads\/2016\/11\/fusille02.jpg 412w, https:\/\/www.lpdordogne.fr\/wp-content\/uploads\/2016\/11\/fusille02-300x202.jpg 300w\" sizes=\"auto, (max-width: 150px) 85vw, 150px\" \/><\/a><\/p>\n<p style=\"text-align:justify;\">La chronique de ce jour est d\u00e9di\u00e9e au rassemblement national de Gentioux, le 11 novembre et auquel le groupe Fred Zeller sera pr\u00e9sent.<\/p>\n<p style=\"text-align:justify;\">Sont lus\u00a0des extraits de lettres du lieutenant Henri-Valentin Herduin, qui sera l&rsquo;un des fusill\u00e9s pour l&rsquo;exemple, ainsi que <a href=\"https:\/\/lpdordogne.wordpress.com\/2016\/11\/07\/appel-a-la-republique\/\">l&rsquo;appel \u00e0 la R\u00e9publique lanc\u00e9 par des descendants de fusill\u00e9s pour l&rsquo;exemple<\/a>.<\/p>\n<p>Bibliographie :<\/p>\n<p><img loading=\"lazy\" decoding=\"async\" class=\"alignleft size-thumbnail wp-image-1689\" src=\"https:\/\/www.lpdordogne.fr\/wp-content\/uploads\/2016\/11\/les-poilus-j-p-guc3a9no.jpg?w=97\" alt=\"les-poilus-j-p-gueno\" width=\"97\" height=\"150\" srcset=\"https:\/\/www.lpdordogne.fr\/wp-content\/uploads\/2016\/11\/les-poilus-j-p-guc3a9no.jpg 1059w, https:\/\/www.lpdordogne.fr\/wp-content\/uploads\/2016\/11\/les-poilus-j-p-guc3a9no-194x300.jpg 194w, https:\/\/www.lpdordogne.fr\/wp-content\/uploads\/2016\/11\/les-poilus-j-p-guc3a9no-663x1024.jpg 663w, https:\/\/www.lpdordogne.fr\/wp-content\/uploads\/2016\/11\/les-poilus-j-p-guc3a9no-768x1186.jpg 768w, https:\/\/www.lpdordogne.fr\/wp-content\/uploads\/2016\/11\/les-poilus-j-p-guc3a9no-994x1536.jpg 994w\" sizes=\"auto, (max-width: 97px) 85vw, 97px\" \/><\/p>\n<p>les lettres du lieutenant Henri-Valentin Herduin sont publi\u00e9es dans le livre \u00ab\u00a0<em>Les Poilus<\/em>\u00a0\u00bb de JP Gu\u00e9no.<\/p>\n<p>&nbsp;<\/p>\n<p style=\"text-align:justify;\"><a href=\"mailto:contact@lpdordogne.fr\">contact@lpdordogne.fr<\/a><\/p>\n<p style=\"text-align:justify;\">Pour \u00e9changer sur ce sujet, <a title=\"Contacter le Groupe Fred Zeller\" href=\"https:\/\/lpdordogne.wordpress.com\/contacter-le-groupe-fred-zeller\/\" target=\"_blank\" rel=\"noopener\">contactez le Groupe Fred Zeller<\/a><\/p>\n<p>courriel :\u00a0<a href=\"mailto:groupefredzeller@gmail.com\">groupefredzeller@gmail.com<\/a><\/p>\n","protected":false},"excerpt":{"rendered":"<p>\u00ab\u00a0Nous sommes les descendants des familles des Fusill\u00e9s pour l\u2019exemple, Nous demandons Justice\u00a0! [mixcloud https:\/\/www.mixcloud.com\/jlbagault\/chronique-du-groupe-fred-zeller-du-7-novembre-2016\/ width=100% height=60 hide_cover=1 mini=1 light=1] La chronique de ce jour est d\u00e9di\u00e9e au rassemblement national de Gentioux, le 11 novembre et auquel le groupe Fred Zeller sera pr\u00e9sent. Sont lus\u00a0des extraits de lettres du lieutenant Henri-Valentin Herduin, qui sera l&rsquo;un &hellip; <a href=\"https:\/\/www.lpdordogne.fr\/?p=1678\" class=\"more-link\">Continuer la lecture<span class=\"screen-reader-text\"> de &laquo;&nbsp;Le Groupe Fred Zeller sur RLP lundi 7 novembre 2016&nbsp;&raquo;<\/span><\/a><\/p>\n","protected":false},"author":2,"featured_media":1679,"comment_status":"closed","ping_status":"open","sticky":false,"template":"","format":"standard","meta":{"footnotes":""},"categories":[20],"tags":[],"class_list":["post-1678","post","type-post","status-publish","format-standard","has-post-thumbnail","hentry","category-rlp"],"_links":{"self":[{"href":"https:\/\/www.lpdordogne.fr\/index.php?rest_route=\/wp\/v2\/posts\/1678","targetHints":{"allow":["GET"]}}],"collection":[{"href":"https:\/\/www.lpdordogne.fr\/index.php?rest_route=\/wp\/v2\/posts"}],"about":[{"href":"https:\/\/www.lpdordogne.fr\/index.php?rest_route=\/wp\/v2\/types\/post"}],"author":[{"embeddable":true,"href":"https:\/\/www.lpdordogne.fr\/index.php?rest_route=\/wp\/v2\/users\/2"}],"replies":[{"embeddable":true,"href":"https:\/\/www.lpdordogne.fr\/index.php?rest_route=%2Fwp%2Fv2%2Fcomments&post=1678"}],"version-history":[{"count":0,"href":"https:\/\/www.lpdordogne.fr\/index.php?rest_route=\/wp\/v2\/posts\/1678\/revisions"}],"wp:featuredmedia":[{"embeddable":true,"href":"https:\/\/www.lpdordogne.fr\/index.php?rest_route=\/wp\/v2\/media\/1679"}],"wp:attachment":[{"href":"https:\/\/www.lpdordogne.fr\/index.php?rest_route=%2Fwp%2Fv2%2Fmedia&parent=1678"}],"wp:term":[{"taxonomy":"category","embeddable":true,"href":"https:\/\/www.lpdordogne.fr\/index.php?rest_route=%2Fwp%2Fv2%2Fcategories&post=1678"},{"taxonomy":"post_tag","embeddable":true,"href":"https:\/\/www.lpdordogne.fr\/index.php?rest_route=%2Fwp%2Fv2%2Ftags&post=1678"}],"curies":[{"name":"wp","href":"https:\/\/api.w.org\/{rel}","templated":true}]}}