{"id":1673,"date":"2016-11-04T09:28:11","date_gmt":"2016-11-04T08:28:11","guid":{"rendered":"https:\/\/lpdordogne.wordpress.com\/?p=1673"},"modified":"2016-11-04T09:28:11","modified_gmt":"2016-11-04T08:28:11","slug":"le-groupe-fred-zeller-soutient-laction-de-ladmd","status":"publish","type":"post","link":"https:\/\/www.lpdordogne.fr\/?p=1673","title":{"rendered":"Le groupe Fred Zeller soutient l&rsquo;action de l&rsquo;ADMD"},"content":{"rendered":"<h3 style=\"text-align:center;\">\u00ab\u00a0Le droit de choisir les conditions<br \/>\nde sa propre fin de vie\u00a0\u00bb<\/h3>\n<p style=\"text-align:center;\">(Dominique Attingr\u00e9)<\/p>\n<p style=\"text-align:center;\"><img loading=\"lazy\" decoding=\"async\" class=\"aligncenter wp-image-1674 size-large\" src=\"https:\/\/www.lpdordogne.fr\/wp-content\/uploads\/2016\/11\/img_3972-600pg.jpg?w=474\" alt=\"img_3972-600pg\" width=\"474\" height=\"266\" srcset=\"https:\/\/www.lpdordogne.fr\/wp-content\/uploads\/2016\/11\/img_3972-600pg.jpg 600w, https:\/\/www.lpdordogne.fr\/wp-content\/uploads\/2016\/11\/img_3972-600pg-300x169.jpg 300w\" sizes=\"auto, (max-width: 474px) 85vw, 474px\" \/><\/p>\n<p style=\"text-align:justify;\"><img loading=\"lazy\" decoding=\"async\" class=\"alignleft size-thumbnail wp-image-1676\" src=\"https:\/\/www.lpdordogne.fr\/wp-content\/uploads\/2016\/11\/img_3987-a.jpg?w=85\" alt=\"img_3987-a\" width=\"85\" height=\"150\" srcset=\"https:\/\/www.lpdordogne.fr\/wp-content\/uploads\/2016\/11\/img_3987-a.jpg 572w, https:\/\/www.lpdordogne.fr\/wp-content\/uploads\/2016\/11\/img_3987-a-170x300.jpg 170w\" sizes=\"auto, (max-width: 85px) 85vw, 85px\" \/>C&rsquo;est ainsi que Dominique Attingr\u00e9, d\u00e9l\u00e9gu\u00e9e d\u00e9partementale de l&rsquo;ADMD (<em><strong>A<\/strong>ssociation pour le <strong>D<\/strong>roit de <strong>M<\/strong>ourir dans la <strong>D<\/strong>ignit\u00e9<\/em>), d\u00e9finit l&rsquo;objectif de l&rsquo;association qu&rsquo;elle dirige dans le d\u00e9partement.<\/p>\n<p style=\"text-align:justify;\">Le 2 novembre, \u00e0\u00a0l&rsquo;occasion de\u00a0la 9\u00e8me journ\u00e9e mondiale pour le droit de mourir dans la dignit\u00e9 (2 novembre), l&rsquo;ADMD a organis\u00e9, place Andr\u00e9 Maurois \u00e0 P\u00e9rigueux, un l\u00e2cher de ballons. Le groupe Fred Zeller est venu, avec sa banderole, soutenir cette initiative.<\/p>\n<p style=\"text-align:justify;\">Nos associations respectives, avec quelques autres, ont en effet d\u00e9cid\u00e9 depuis longtemps d&rsquo;unir leurs efforts pour appuyer cette revendication essentielle de pouvoir choisir sa propre fin de vie. Cela s&rsquo;est traduit dans la \u00ab\u00a0<em>D\u00c9CLARATION COMMUNE des associations la\u00efques pour une fin de vie apais\u00e9e, une demande qui monte de toutes parts<\/em>\u00ab\u00a0, dont vous pouvez prendre connaissance<a href=\"http:\/\/www.fnlp.fr\/index.php?mact=News,cntnt01,detail,0&amp;cntnt01articleid=46&amp;cntnt01returnid=21\" target=\"_blank\" rel=\"noopener\"> en cliquant ici<\/a>.<\/p>\n<p style=\"text-align:justify;\">La presse r\u00e9gionale a largement rendu compte de ce rassemblement.<\/p>\n<p style=\"text-align:justify;\">\u00c0 lire \u00e9galement :<\/p>\n<ul>\n<li style=\"text-align:justify;\">l&rsquo;interview de Jean-Luc Romero dans <em>La Raison<\/em> : <a href=\"http:\/\/www.fnlp.fr\/index.php?mact=News,cntnt01,detail,0&amp;cntnt01articleid=159&amp;cntnt01returnid=21\" target=\"_blank\" rel=\"noopener\">cliquer<\/a> ici ;<\/li>\n<li style=\"text-align:justify;\">l&rsquo;intervention de Jean-Luc Romero au meeting unitaire du ( d\u00e9cembre 2015 : <a href=\"http:\/\/www.fnlp.fr\/news\/208\/17\/Intervention-de-Jean-Luc-Romero-President-de-l-Association-pour-le-Droit-de-Mourir-dans-la-Dignite.html\" target=\"_blank\" rel=\"noopener\">cliquer ici<\/a> ;<\/li>\n<\/ul>\n","protected":false},"excerpt":{"rendered":"<p>\u00ab\u00a0Le droit de choisir les conditions de sa propre fin de vie\u00a0\u00bb (Dominique Attingr\u00e9) C&rsquo;est ainsi que Dominique Attingr\u00e9, d\u00e9l\u00e9gu\u00e9e d\u00e9partementale de l&rsquo;ADMD (Association pour le Droit de Mourir dans la Dignit\u00e9), d\u00e9finit l&rsquo;objectif de l&rsquo;association qu&rsquo;elle dirige dans le d\u00e9partement. Le 2 novembre, \u00e0\u00a0l&rsquo;occasion de\u00a0la 9\u00e8me journ\u00e9e mondiale pour le droit de mourir dans &hellip; <a href=\"https:\/\/www.lpdordogne.fr\/?p=1673\" class=\"more-link\">Continuer la lecture<span class=\"screen-reader-text\"> de &laquo;&nbsp;Le groupe Fred Zeller soutient l&rsquo;action de l&rsquo;ADMD&nbsp;&raquo;<\/span><\/a><\/p>\n","protected":false},"author":2,"featured_media":0,"comment_status":"closed","ping_status":"open","sticky":false,"template":"","format":"standard","meta":{"footnotes":""},"categories":[14],"tags":[],"class_list":["post-1673","post","type-post","status-publish","format-standard","hentry","category-non-classe"],"_links":{"self":[{"href":"https:\/\/www.lpdordogne.fr\/index.php?rest_route=\/wp\/v2\/posts\/1673","targetHints":{"allow":["GET"]}}],"collection":[{"href":"https:\/\/www.lpdordogne.fr\/index.php?rest_route=\/wp\/v2\/posts"}],"about":[{"href":"https:\/\/www.lpdordogne.fr\/index.php?rest_route=\/wp\/v2\/types\/post"}],"author":[{"embeddable":true,"href":"https:\/\/www.lpdordogne.fr\/index.php?rest_route=\/wp\/v2\/users\/2"}],"replies":[{"embeddable":true,"href":"https:\/\/www.lpdordogne.fr\/index.php?rest_route=%2Fwp%2Fv2%2Fcomments&post=1673"}],"version-history":[{"count":0,"href":"https:\/\/www.lpdordogne.fr\/index.php?rest_route=\/wp\/v2\/posts\/1673\/revisions"}],"wp:attachment":[{"href":"https:\/\/www.lpdordogne.fr\/index.php?rest_route=%2Fwp%2Fv2%2Fmedia&parent=1673"}],"wp:term":[{"taxonomy":"category","embeddable":true,"href":"https:\/\/www.lpdordogne.fr\/index.php?rest_route=%2Fwp%2Fv2%2Fcategories&post=1673"},{"taxonomy":"post_tag","embeddable":true,"href":"https:\/\/www.lpdordogne.fr\/index.php?rest_route=%2Fwp%2Fv2%2Ftags&post=1673"}],"curies":[{"name":"wp","href":"https:\/\/api.w.org\/{rel}","templated":true}]}}