{"id":1577,"date":"2016-09-13T15:15:37","date_gmt":"2016-09-13T14:15:37","guid":{"rendered":"https:\/\/lpdordogne.wordpress.com\/?p=1577"},"modified":"2016-09-13T15:15:37","modified_gmt":"2016-09-13T14:15:37","slug":"parution-de-la-raison-n-614","status":"publish","type":"post","link":"https:\/\/www.lpdordogne.fr\/?p=1577","title":{"rendered":"Parution de \u00ab\u00a0La Raison\u00a0\u00bb N\u00b0 614"},"content":{"rendered":"<h3><a href=\"http:\/\/www.fnlp.fr\/news\/298\/17\/La-Raison-n-614-est-parue\/d,lp_detail.html\" target=\"_blank\" rel=\"noopener\"><img loading=\"lazy\" decoding=\"async\" class=\"wp-image-1578 size-large aligncenter\" src=\"https:\/\/www.lpdordogne.fr\/wp-content\/uploads\/2016\/09\/couv614.jpg?w=474\" width=\"474\" height=\"670\" srcset=\"https:\/\/www.lpdordogne.fr\/wp-content\/uploads\/2016\/09\/couv614.jpg 550w, https:\/\/www.lpdordogne.fr\/wp-content\/uploads\/2016\/09\/couv614-212x300.jpg 212w\" sizes=\"auto, (max-width: 474px) 85vw, 474px\" \/><\/a><\/h3>\n<h4>Contre les liberticides et les la\u00efcides<\/h4>\n<h5>\u00e9ditorial par Jean-S\u00e9bastien PIERRE pr\u00e9sident de la FNLP<\/h5>\n<p style=\"text-align:justify;\">Apr\u00e8s des mois d&rsquo;\u00e9t\u00e9 pendant lesquels nos lecteurs ont pu, nous le souhaitons, prendre quelques vacances reposantes, voici venue l&rsquo;heure de la rentr\u00e9e. Une rentr\u00e9e militante, qui sera marqu\u00e9e pour nous,par la mise en \u0153uvre des r\u00e9solutions du Congr\u00e8s de Bourg-L\u00e8s-Valence, congr\u00e8s de travail intense et de d\u00e9bats passionn\u00e9s. Devant nous, la perspective imm\u00e9diate de la journ\u00e9e internationale de la Libre Pens\u00e9e et de la pr\u00e9paration des rassemblements du 11 novembre.<\/p>\n<p style=\"text-align:justify;\"><a href=\"http:\/\/www.fnlp.fr\/news\/298\/17\/La-Raison-n-614-est-parue\/d,lp_detail.html\" target=\"_blank\" rel=\"noopener\"><em>Lire la suite de la pr\u00e9sentation<\/em><\/a><\/p>\n<p style=\"text-align:justify;\"><a href=\"http:\/\/www.fnlp.fr\/news\/267\/17\/La-Raison-n-613-chez-nos-abonnes\/d,lp_detail.html\" target=\"_blank\" rel=\"noopener\"><img loading=\"lazy\" decoding=\"async\" class=\"aligncenter wp-image-1579 size-large\" src=\"https:\/\/www.lpdordogne.fr\/wp-content\/uploads\/2016\/09\/sommaire614.jpg?w=474\" width=\"474\" height=\"309\" srcset=\"https:\/\/www.lpdordogne.fr\/wp-content\/uploads\/2016\/09\/sommaire614.jpg 550w, https:\/\/www.lpdordogne.fr\/wp-content\/uploads\/2016\/09\/sommaire614-300x196.jpg 300w\" sizes=\"auto, (max-width: 474px) 85vw, 474px\" \/><\/a><\/p>\n<p style=\"text-align:justify;\">pour vous procurer ce N\u00b0 de <em>La Raison<\/em>, contactez le groupe Fred Zeller : <a href=\"mailto:contact@lpdordogne.fr\">contact@lpdordogne.fr<\/a><\/p>\n","protected":false},"excerpt":{"rendered":"<p>Contre les liberticides et les la\u00efcides \u00e9ditorial par Jean-S\u00e9bastien PIERRE pr\u00e9sident de la FNLP Apr\u00e8s des mois d&rsquo;\u00e9t\u00e9 pendant lesquels nos lecteurs ont pu, nous le souhaitons, prendre quelques vacances reposantes, voici venue l&rsquo;heure de la rentr\u00e9e. Une rentr\u00e9e militante, qui sera marqu\u00e9e pour nous,par la mise en \u0153uvre des r\u00e9solutions du Congr\u00e8s de Bourg-L\u00e8s-Valence, &hellip; <a href=\"https:\/\/www.lpdordogne.fr\/?p=1577\" class=\"more-link\">Continuer la lecture<span class=\"screen-reader-text\"> de &laquo;&nbsp;Parution de \u00ab\u00a0La Raison\u00a0\u00bb N\u00b0 614&nbsp;&raquo;<\/span><\/a><\/p>\n","protected":false},"author":2,"featured_media":1578,"comment_status":"closed","ping_status":"open","sticky":false,"template":"","format":"standard","meta":{"footnotes":""},"categories":[25],"tags":[],"class_list":["post-1577","post","type-post","status-publish","format-standard","has-post-thumbnail","hentry","category-la-raison"],"_links":{"self":[{"href":"https:\/\/www.lpdordogne.fr\/index.php?rest_route=\/wp\/v2\/posts\/1577","targetHints":{"allow":["GET"]}}],"collection":[{"href":"https:\/\/www.lpdordogne.fr\/index.php?rest_route=\/wp\/v2\/posts"}],"about":[{"href":"https:\/\/www.lpdordogne.fr\/index.php?rest_route=\/wp\/v2\/types\/post"}],"author":[{"embeddable":true,"href":"https:\/\/www.lpdordogne.fr\/index.php?rest_route=\/wp\/v2\/users\/2"}],"replies":[{"embeddable":true,"href":"https:\/\/www.lpdordogne.fr\/index.php?rest_route=%2Fwp%2Fv2%2Fcomments&post=1577"}],"version-history":[{"count":0,"href":"https:\/\/www.lpdordogne.fr\/index.php?rest_route=\/wp\/v2\/posts\/1577\/revisions"}],"wp:featuredmedia":[{"embeddable":true,"href":"https:\/\/www.lpdordogne.fr\/index.php?rest_route=\/wp\/v2\/media\/1578"}],"wp:attachment":[{"href":"https:\/\/www.lpdordogne.fr\/index.php?rest_route=%2Fwp%2Fv2%2Fmedia&parent=1577"}],"wp:term":[{"taxonomy":"category","embeddable":true,"href":"https:\/\/www.lpdordogne.fr\/index.php?rest_route=%2Fwp%2Fv2%2Fcategories&post=1577"},{"taxonomy":"post_tag","embeddable":true,"href":"https:\/\/www.lpdordogne.fr\/index.php?rest_route=%2Fwp%2Fv2%2Ftags&post=1577"}],"curies":[{"name":"wp","href":"https:\/\/api.w.org\/{rel}","templated":true}]}}