{"id":1565,"date":"2016-09-12T17:31:52","date_gmt":"2016-09-12T16:31:52","guid":{"rendered":"https:\/\/lpdordogne.wordpress.com\/?p=1565"},"modified":"2016-09-12T17:31:52","modified_gmt":"2016-09-12T16:31:52","slug":"le-groupe-fred-zeller-sur-rlp-lundi-12-septembre-2016","status":"publish","type":"post","link":"https:\/\/www.lpdordogne.fr\/?p=1565","title":{"rendered":"Le Groupe Fred Zeller sur RLP lundi 12 septembre 2016"},"content":{"rendered":"<h2 class=\"art-postheader\" style=\"text-align:center;\">En 2009, le projet de loi sur le port de la burqa dans la rue :<br \/>\nla d\u00e9claration de Marc Blondel (alors pr\u00e9sident de la FNLP) \u00e0 la commission G\u00e9rin-Raoult : un document d&rsquo;une extraordinaire actualit\u00e9<\/h2>\n<p>[mixcloud https:\/\/www.mixcloud.com\/jlbagault\/chronique-du-groupe-fred-zeller-du-12-septembre-2016\/ width=100% height=60 hide_cover=1 mini=1 light=1]<\/p>\n<p style=\"text-align:justify;\"><img loading=\"lazy\" decoding=\"async\" class=\"alignleft size-thumbnail wp-image-1566\" src=\"https:\/\/www.lpdordogne.fr\/wp-content\/uploads\/2016\/09\/blondel-2009.png?w=143\" alt=\"blondel-2009\" width=\"143\" height=\"150\" srcset=\"https:\/\/www.lpdordogne.fr\/wp-content\/uploads\/2016\/09\/blondel-2009.png 535w, https:\/\/www.lpdordogne.fr\/wp-content\/uploads\/2016\/09\/blondel-2009-286x300.png 286w\" sizes=\"auto, (max-width: 143px) 85vw, 143px\" \/>Retour sur le \u00ab\u00a0d\u00e9bat\u00a0\u00bb de 2009 sur le port de la burqa dans la rue, puisque c&rsquo;est bien de cela qu&rsquo;il s&rsquo;agissait, m\u00eame si, finalement, le titre officiel de la loi \u00a0est devenu \u00ab\u00a0loi interdisant la dissimulation du visage dans l&rsquo;espace public\u00a0\u00bb.<\/p>\n<p style=\"text-align:justify;\">Le congr\u00e8s 2009 de la FNLP, qui s&rsquo;est tenu \u00e0 Peisey-Nancroix, a adopt\u00e9 \u00e0 l&rsquo;unanimit\u00e9, apr\u00e8s une discussion tr\u00e8s large, une r\u00e9solution se pronon\u00e7ant contre ce projet de loi.<\/p>\n<p style=\"text-align:justify;\">La FNLP\u00a0a \u00e9t\u00e9 re\u00e7ue le 16 septembre \u00e0 l&rsquo;Assembl\u00e9e nationale. Le Pr\u00e9sident Marc Blondel y a d\u00e9fendu les positions adopt\u00e9es lors du congr\u00e8s national. Ce sont de larges extraits de cette audition qui ont \u00e9t\u00e9 aujourd&rsquo;hui diffus\u00e9s dans la chronique du groupe Fred Zeller. Les propos de Marc Blondel sont d&rsquo;une extraordinaire actualit\u00e9.<\/p>\n<p><!--more--><\/p>\n<p class=\"art-postheader\">\u00a0Nous vous proposons de visionner l&rsquo;int\u00e9gralit\u00e9 des enregistrements vid\u00e9o de la d\u00e9claration de Marc Blondel :<\/p>\n<p class=\"art-postheader\">1\u00e8re partie : <a href=\"https:\/\/www.youtube.com\/watch?v=GICBMsfHfuw\" target=\"_blank\" rel=\"noopener\">cliquez ici<\/a> ;<\/p>\n<p class=\"art-postheader\">2\u00e8me partie : <a href=\"https:\/\/www.youtube.com\/watch?v=RTZSqIrexMc\" target=\"_blank\" rel=\"noopener\">cliquez ici<\/a> ;<\/p>\n<p class=\"art-postheader\">R\u00e9solution adopt\u00e9e par le congr\u00e8s de Peisey-Nancroy (2009) : <a href=\"https:\/\/www.lpdordogne.fr\/wp-content\/uploads\/2016\/09\/resolution-congres2009-burqa.pdf\" target=\"_blank\" rel=\"noopener\">cliquez ici<\/a> ;<\/p>\n<p style=\"text-align:justify;\"><img loading=\"lazy\" decoding=\"async\" class=\"alignleft size-thumbnail wp-image-1573\" src=\"https:\/\/www.lpdordogne.fr\/wp-content\/uploads\/2016\/09\/170816_122043_peel_qhqvmm.jpg?w=97\" alt=\"170816_122043_peel_qhqvmm\" width=\"97\" height=\"150\" \/>un livre \u00e0 lire absolument ! : les actes du colloque \u00a0\u00ab\u00a0Islam et La\u00efcit\u00e9\u00a0\u00bb<\/p>\n<p style=\"text-align:justify;\">demandez-le au groupe Fred Zeller (19 \u20ac)<\/p>\n<p style=\"text-align:justify;\"><a href=\"mailto:contact@lpdordogne.fr\">contact@lpdordogne.fr<\/a><\/p>\n<p style=\"text-align:justify;\">Pour \u00e9changer sur ce sujet, <a title=\"Contacter le Groupe Fred Zeller\" href=\"https:\/\/lpdordogne.wordpress.com\/contacter-le-groupe-fred-zeller\/\" target=\"_blank\" rel=\"noopener\">contactez le Groupe Fred Zeller<\/a><\/p>\n<p>courriel :\u00a0<a href=\"mailto:groupefredzeller@gmail.com\">groupefredzeller@gmail.com<\/a><\/p>\n","protected":false},"excerpt":{"rendered":"<p>En 2009, le projet de loi sur le port de la burqa dans la rue : la d\u00e9claration de Marc Blondel (alors pr\u00e9sident de la FNLP) \u00e0 la commission G\u00e9rin-Raoult : un document d&rsquo;une extraordinaire actualit\u00e9 [mixcloud https:\/\/www.mixcloud.com\/jlbagault\/chronique-du-groupe-fred-zeller-du-12-septembre-2016\/ width=100% height=60 hide_cover=1 mini=1 light=1] Retour sur le \u00ab\u00a0d\u00e9bat\u00a0\u00bb de 2009 sur le port de la burqa &hellip; <a href=\"https:\/\/www.lpdordogne.fr\/?p=1565\" class=\"more-link\">Continuer la lecture<span class=\"screen-reader-text\"> de &laquo;&nbsp;Le Groupe Fred Zeller sur RLP lundi 12 septembre 2016&nbsp;&raquo;<\/span><\/a><\/p>\n","protected":false},"author":2,"featured_media":0,"comment_status":"closed","ping_status":"open","sticky":false,"template":"","format":"standard","meta":{"footnotes":""},"categories":[20],"tags":[],"class_list":["post-1565","post","type-post","status-publish","format-standard","hentry","category-rlp"],"_links":{"self":[{"href":"https:\/\/www.lpdordogne.fr\/index.php?rest_route=\/wp\/v2\/posts\/1565","targetHints":{"allow":["GET"]}}],"collection":[{"href":"https:\/\/www.lpdordogne.fr\/index.php?rest_route=\/wp\/v2\/posts"}],"about":[{"href":"https:\/\/www.lpdordogne.fr\/index.php?rest_route=\/wp\/v2\/types\/post"}],"author":[{"embeddable":true,"href":"https:\/\/www.lpdordogne.fr\/index.php?rest_route=\/wp\/v2\/users\/2"}],"replies":[{"embeddable":true,"href":"https:\/\/www.lpdordogne.fr\/index.php?rest_route=%2Fwp%2Fv2%2Fcomments&post=1565"}],"version-history":[{"count":0,"href":"https:\/\/www.lpdordogne.fr\/index.php?rest_route=\/wp\/v2\/posts\/1565\/revisions"}],"wp:attachment":[{"href":"https:\/\/www.lpdordogne.fr\/index.php?rest_route=%2Fwp%2Fv2%2Fmedia&parent=1565"}],"wp:term":[{"taxonomy":"category","embeddable":true,"href":"https:\/\/www.lpdordogne.fr\/index.php?rest_route=%2Fwp%2Fv2%2Fcategories&post=1565"},{"taxonomy":"post_tag","embeddable":true,"href":"https:\/\/www.lpdordogne.fr\/index.php?rest_route=%2Fwp%2Fv2%2Ftags&post=1565"}],"curies":[{"name":"wp","href":"https:\/\/api.w.org\/{rel}","templated":true}]}}