{"id":1420,"date":"2016-06-20T08:00:26","date_gmt":"2016-06-20T07:00:26","guid":{"rendered":"https:\/\/lpdordogne.wordpress.com\/?p=1420"},"modified":"2016-06-20T08:00:26","modified_gmt":"2016-06-20T07:00:26","slug":"troublantes-similitudes-un-article-publie-dans-lecho","status":"publish","type":"post","link":"https:\/\/www.lpdordogne.fr\/?p=1420","title":{"rendered":"\u00ab\u00a0Troublantes similitudes\u00a0\u00bb, un article publi\u00e9 dans l&rsquo;Echo"},"content":{"rendered":"<h2 style=\"text-align:center;\">Le groupe Fred Zeller dans la presse :<\/h2>\n<h1 style=\"text-align:center;\">L&rsquo;<em>Echo\u00a0(Dordogne)<\/em> du 15 juin 2016 publie un page compl\u00e8te sur la conf\u00e9rence donn\u00e9e par Patrice Sifflet le 29 avril \u00e0\u00a0Tr\u00e9lissac<\/h1>\n<p style=\"text-align:center;\"><a href=\"https:\/\/www.lpdordogne.fr\/wp-content\/uploads\/2016\/06\/echo_edordogne_20160615-p5.pdf\"><img loading=\"lazy\" decoding=\"async\" class=\"aligncenter wp-image-1423 size-large\" src=\"https:\/\/www.lpdordogne.fr\/wp-content\/uploads\/2016\/06\/echo15-06-2016p5.jpg?w=474\" width=\"474\" height=\"314\" srcset=\"https:\/\/www.lpdordogne.fr\/wp-content\/uploads\/2016\/06\/echo15-06-2016p5.jpg 575w, https:\/\/www.lpdordogne.fr\/wp-content\/uploads\/2016\/06\/echo15-06-2016p5-300x199.jpg 300w\" sizes=\"auto, (max-width: 474px) 85vw, 474px\" \/><\/a><\/p>\n<p>\u00ab\u00a0<em>Le groupe Fred-Zeller de la Libre-pens\u00e9e a r\u00e9cemment organis\u00e9 une conf\u00e9rence\u00a0sur ce qu\u2019on a coutume d\u2019appeler les r\u00e9voltes vigneronnes de 1907. Le conf\u00e9rencier,\u00a0Patrice Sifflet, responsable des libre-penseurs du biterrois avait d\u00e9j\u00e0 pr\u00e9sent\u00e9,\u00a0sur France-culture, un extrait de cette conf\u00e9rence.\u00a0\u00bb==&gt;<a href=\"https:\/\/www.lpdordogne.fr\/wp-content\/uploads\/2016\/06\/echo_edordogne_20160615-p5.pdf\"> lire l&rsquo;article complet<\/a>\u00a0<\/em><\/p>\n","protected":false},"excerpt":{"rendered":"<p>Le groupe Fred Zeller dans la presse : L&rsquo;Echo\u00a0(Dordogne) du 15 juin 2016 publie un page compl\u00e8te sur la conf\u00e9rence donn\u00e9e par Patrice Sifflet le 29 avril \u00e0\u00a0Tr\u00e9lissac \u00ab\u00a0Le groupe Fred-Zeller de la Libre-pens\u00e9e a r\u00e9cemment organis\u00e9 une conf\u00e9rence\u00a0sur ce qu\u2019on a coutume d\u2019appeler les r\u00e9voltes vigneronnes de 1907. Le conf\u00e9rencier,\u00a0Patrice Sifflet, responsable des libre-penseurs &hellip; <a href=\"https:\/\/www.lpdordogne.fr\/?p=1420\" class=\"more-link\">Continuer la lecture<span class=\"screen-reader-text\"> de &laquo;&nbsp;\u00ab\u00a0Troublantes similitudes\u00a0\u00bb, un article publi\u00e9 dans l&rsquo;Echo&nbsp;&raquo;<\/span><\/a><\/p>\n","protected":false},"author":2,"featured_media":0,"comment_status":"closed","ping_status":"open","sticky":false,"template":"","format":"standard","meta":{"footnotes":""},"categories":[5,17],"tags":[],"class_list":["post-1420","post","type-post","status-publish","format-standard","hentry","category-conferences","category-presse"],"_links":{"self":[{"href":"https:\/\/www.lpdordogne.fr\/index.php?rest_route=\/wp\/v2\/posts\/1420","targetHints":{"allow":["GET"]}}],"collection":[{"href":"https:\/\/www.lpdordogne.fr\/index.php?rest_route=\/wp\/v2\/posts"}],"about":[{"href":"https:\/\/www.lpdordogne.fr\/index.php?rest_route=\/wp\/v2\/types\/post"}],"author":[{"embeddable":true,"href":"https:\/\/www.lpdordogne.fr\/index.php?rest_route=\/wp\/v2\/users\/2"}],"replies":[{"embeddable":true,"href":"https:\/\/www.lpdordogne.fr\/index.php?rest_route=%2Fwp%2Fv2%2Fcomments&post=1420"}],"version-history":[{"count":0,"href":"https:\/\/www.lpdordogne.fr\/index.php?rest_route=\/wp\/v2\/posts\/1420\/revisions"}],"wp:attachment":[{"href":"https:\/\/www.lpdordogne.fr\/index.php?rest_route=%2Fwp%2Fv2%2Fmedia&parent=1420"}],"wp:term":[{"taxonomy":"category","embeddable":true,"href":"https:\/\/www.lpdordogne.fr\/index.php?rest_route=%2Fwp%2Fv2%2Fcategories&post=1420"},{"taxonomy":"post_tag","embeddable":true,"href":"https:\/\/www.lpdordogne.fr\/index.php?rest_route=%2Fwp%2Fv2%2Ftags&post=1420"}],"curies":[{"name":"wp","href":"https:\/\/api.w.org\/{rel}","templated":true}]}}