{"id":1284,"date":"2016-04-02T11:17:24","date_gmt":"2016-04-02T10:17:24","guid":{"rendered":"https:\/\/lpdordogne.wordpress.com\/?p=1284"},"modified":"2016-04-02T11:17:24","modified_gmt":"2016-04-02T10:17:24","slug":"a-propos-de-laffaire-barbarin-communique-de-la-federation-du-rhone-de-la-libre-pensee","status":"publish","type":"post","link":"https:\/\/www.lpdordogne.fr\/?p=1284","title":{"rendered":"\u00e0 propos de \u00ab\u00a0l&rsquo;affaire Barbarin\u00a0\u00bb : communiqu\u00e9 de la F\u00e9d\u00e9ration du Rh\u00f4ne de la Libre Pens\u00e9e"},"content":{"rendered":"<h4 style=\"text-align:center;\">Plus que jamais, s\u00e9paration des Eglises et de l&rsquo;Etat !<\/h4>\n<h4 style=\"text-align:center;\">\u00ab\u00a0Justice pour les victimes\u00a0!<br \/>\nDans ce domaine comme en tout autre, application stricte de la la\u00efcit\u00e9 et de la neutralit\u00e9 r\u00e9publicaines\u00a0!\u00a0\u00bb<\/h4>\n<h4 style=\"text-align:center;\"><a href=\"http:\/\/www.fnlp.fr\/news\/235\/17\/a-propos-de-l-affaire-Barbarin.html\" target=\"_blank\" rel=\"noopener\">Communiqu\u00e9 de la FNLP<\/a><\/h4>\n<p style=\"text-align:justify;\"><a href=\"http:\/\/www.fnlp.fr\/news\/235\/17\/a-propos-de-l-affaire-Barbarin.html\" target=\"_blank\" rel=\"noopener\"><img loading=\"lazy\" decoding=\"async\" class=\"alignleft wp-image-1285 size-medium\" src=\"https:\/\/www.lpdordogne.fr\/wp-content\/uploads\/2016\/04\/barbarin.jpg?w=300\" alt=\"barbarin\" width=\"300\" height=\"226\" srcset=\"https:\/\/www.lpdordogne.fr\/wp-content\/uploads\/2016\/04\/barbarin.jpg 485w, https:\/\/www.lpdordogne.fr\/wp-content\/uploads\/2016\/04\/barbarin-300x226.jpg 300w\" sizes=\"auto, (max-width: 300px) 85vw, 300px\" \/><\/a>Alors que <em>\u00ab l\u2019affaire Barbarin \u00bb<\/em> commence \u00e0 prendre une certaine ampleur, il nous a sembl\u00e9 plus qu\u2019utile de faire conna\u00eetre l\u2019excellent communiqu\u00e9 de la<strong> f\u00e9d\u00e9ration du Rh\u00f4ne de la Libre Pens\u00e9e<\/strong> qui rappelle ce qu\u2019est la s\u00e9paration. Que l\u2019on ne se trompe pas l\u2019agitation de certains politiques autour de ladite affaire Barbarin vise \u00e0 en pr\u00e9cipiter l\u2019issue pour que le temps de la justice ne puisse faire son \u0153uvre et \u00e0 couvrir par la m\u00eame les manquements \u00e0 la la\u00efcit\u00e9 d\u2019autres politiques.<\/p>\n<p style=\"text-align:justify;\">Sur ces affaires, comme sur d\u2019autres, nous ne manquerons pas d\u2019informer l\u2019ensemble des citoyens, rappelant aussi que la recherche de la v\u00e9rit\u00e9 et de la justice autour des crimes de l\u2019Eglise est une des trois campagnes de l\u2019Association internationale de la Libre Pens\u00e9e. A cet effet, nous vous rappelons que le livre <em><strong>\u00ab <a href=\"https:\/\/lpdordogne.wordpress.com\/2015\/12\/13\/pour-la-laicite-en-europe\/\">Pour la la\u00efcit\u00e9 en Europe<\/a> \u00bb<\/strong><\/em> est un document qui vous permettra d\u2019argumenter autour de cette question, la France n\u2019\u00e9tant pas la seule victime de ces crimes<!--more--><\/p>\n<h4 style=\"text-align:center;\">La F\u00e9d\u00e9ration nationale de la Libre Pens\u00e9e INFORME<\/h4>\n<h4 style=\"text-align:center;\">Communiqu\u00e9 de la F\u00e9d\u00e9ration du Rh\u00f4ne de la Libre Pens\u00e9e \u00e0 l\u2019occasion du banquet anticl\u00e9rical de la Saint-Cochon, (dit \u00ab<em>vendredi saint<\/em>\u00a0\u00bb)<br \/>\n25 mars 2016<\/h4>\n<p>&nbsp;<\/p>\n<p style=\"text-align:justify;\">L\u2019affaire dite \u00ab\u00a0<em>Barbarin<\/em>\u00a0\u00bb a caus\u00e9 ces derni\u00e8res semaines une profonde \u00e9motion \u00e0 Lyon, dans les communes rattach\u00e9es au dioc\u00e8se et bien au-del\u00e0. Nous n\u2019en avons sans doute pas termin\u00e9 avec les r\u00e9v\u00e9lations scandaleuses qui \u00e9claboussent, l\u2019une apr\u00e8s l\u2019autre, l\u2019Eglise de Lyon.<\/p>\n<p style=\"text-align:justify;\">Lors de la messe chrismale du mercredi 23 mars, c\u00e9r\u00e9monie de b\u00e9n\u00e9diction des huiles\u00a0 \u00ab\u00a0<em>qui manifeste l\u2019unit\u00e9 de toute la communaut\u00e9 dioc\u00e9saine autour de son \u00e9v\u00eaque<\/em>\u00a0\u00bb, M. Philippe Barbarin alias \u00ab\u00a0<em>Monseigneur<\/em>\u00a0\u00bb\u00a0 s\u2019est d\u00e9clar\u00e9 \u00ab\u00a0<em>dans l\u2019obligation d\u2019assumer tout le mal commis par quelques pr\u00eatres et de demander personnellement pardon pour tout le mal qu\u2019ils ont caus\u00e9s en abusant sexuellement des enfants<\/em>\u00a0\u00bb mettant en avant le fait qu\u2019il n\u2019\u00e9tait pas \u00e9v\u00eaque au moment des faits.<\/p>\n<p style=\"text-align:justify;\">Responsable mais pas coupable, M. reconnait reconna\u00eet tout au plus une pieuse dissimulation de faits d\u00e9lictueux \u00e0 la justice civile, au motif que l\u2019Eglise serait plus \u00e0 juger de ses propres crimes que les magistrats ordinaires. C\u2019est un comportement sectaire, ce n\u2019est pas celui d\u2019un citoyen.<\/p>\n<h4 style=\"text-align:justify;\">La loi r\u00e9publicaine, pas le Droit Canon\u00a0!<\/h4>\n<p style=\"text-align:justify;\">Pour la Libre Pens\u00e9e du Rh\u00f4ne, <strong>si la responsabilit\u00e9 p\u00e9nale de M. Barbarin est engag\u00e9e<\/strong>, cela rel\u00e8ve de la seule autorit\u00e9 judiciaire.<\/p>\n<p style=\"text-align:justify;\">L\u2019enqu\u00eate diligent\u00e9e par le parquet de Lyon doit aller \u00e0 son terme sans qu\u2019interf\u00e8rent les autorit\u00e9s eccl\u00e9siastiques, quelle qu\u2019en soit l\u2019issue (une peine qui peut aller jusqu\u2019\u00e0 trois ans d\u2019emprisonnement et 45\u00a0000 euros d\u2019amende). Pas plus, mais pas moins. <strong>L\u2019Association Internationale de la Libre Pens\u00e9e<\/strong> a parfaitement raison d\u2019exiger \u00ab\u00a0<em>que les responsables et les complices des crimes de l\u2019Eglise catholique r\u00e9pondent de leurs actes<\/em>\u00a0\u00bb et de demander, par la voix d\u2019un de ses porte-parole, un jugement exemplaire (que nous entendons au sens premier du mot\u00a0: qui puisse servir d\u2019exemple par la simple application de la loi). <strong>Keith Porteous Wood<\/strong> indique tr\u00e8s bien \u00ab\u00a0<em>qu\u2019il faut poursuivre en justice \u00e0 la fois l\u2019agresseur pr\u00e9sum\u00e9 et ceux qui pensent qu\u2019ils peuvent bafouer la loi en toute impunit\u00e9<\/em>\u00a0\u00bb.<\/p>\n<p style=\"text-align:justify;\">Les pri\u00e8res pour les victimes, les messes,\u00a0 les d\u00e9clarations de repentance ne suffiront pas.<\/p>\n<p style=\"text-align:justify;\">Le Droit Canon peut bien pr\u00e9valoir en la cit\u00e9 du Vatican, pas plus que la Charia il ne saurait avoir sa place sur le territoire de la R\u00e9publique.<\/p>\n<p style=\"text-align:justify;\">Quant \u00e0 savoir si M. Barbarin doit d\u00e9missionner de sa fonction d\u2019archev\u00eaque, c\u2019est la seule affaire des catholiques\u00a0! Du reste s\u2019il fallait que d\u00e9missionnent tous ceux qui ont couvert des actes de p\u00e9dophilie, il n\u2019y aurait m\u00eame plus assez de cardinaux pour seulement \u00e9lire un pape. Depuis qu\u2019existe le c\u00e9libat des pr\u00eatres, \u00e0 part en Antarctique cela s\u2019est v\u00e9rifi\u00e9 sur tous les continents\u00a0: l\u2019Eglise catholique est devenue une usine \u00e0 produire des pervers sexuels. Pas tous, certes, mais bien trop nombreux. Tous couverts par l\u2019autorit\u00e9.<\/p>\n<h4 style=\"text-align:justify;\">La la\u00efcit\u00e9, pas le cl\u00e9ricalisme\u00a0!<\/h4>\n<p style=\"text-align:justify;\">Le 15 dernier, le premier ministre Manuel Valls a d\u00e9clar\u00e9 que c\u2019\u00e9tait \u00ab\u00a0<em>\u00e0 Monseigneur Barbarin \u00e0 prendre ses responsabilit\u00e9s<\/em>\u00a0\u00bb.<\/p>\n<p style=\"text-align:justify;\"><strong>Monsieur Valls, prenez les v\u00f4tres\u00a0!<\/strong><\/p>\n<p style=\"text-align:justify;\">R\u00e9tablissez la la\u00efcit\u00e9 constitutionnelle que vous avez mise \u00e0 mal depuis que vous avez \u00e9t\u00e9 ministre de l\u2019Int\u00e9rieur charg\u00e9 des Cultes, ainsi que votre ami <strong>G\u00e9rard Collomb<\/strong>. On a observ\u00e9 r\u00e9guli\u00e8rement \u00e0 Lyon, certains 8 septembre \u00e0 l\u2019occasion du V\u0153u des \u00c9chevins, les amiti\u00e9s bien particuli\u00e8res de MM. Barbarin et Collomb, main dans la main pour c\u00e9l\u00e9brer la grandeur de Marie. Ou le 8 d\u00e9cembre dernier la distribution organis\u00e9e de lumignons dans les \u00e9coles \u00e9l\u00e9mentaires du Grand Lyon. Ou les cadeaux fiscaux et autres d\u00e9tournements de fonds publics \u00e0 destination des fondations Fourvi\u00e8re et Ir\u00e9n\u00e9e. On en passe.<br \/>\nDepuis M. Barbarin a eu l\u2019occasion d\u2019appr\u00e9cier les ors de la R\u00e9publique\u00a0: le 4 janvier\u00a0il \u00e9tait pr\u00e9sent \u00e0 la c\u00e9r\u00e9monie des V\u0153ux aux Corps Constitu\u00e9s, \u00e0 l\u2019H\u00f4tel de Ville. Le 3 f\u00e9vrier, il\u00a0 rencontrait M.\u00a0le pr\u00e9fet de r\u00e9gion. Le 6 f\u00e9vrier\u00a0c\u2019\u00e9tait le tour des \u00e9lus du Rh\u00f4ne et du Roannais, autour de l\u2019encyclique du pape Fran\u00e7ois\u00a0Laudato Si (Lecture \u00ab\u00a0<em>\u00e0 trois voix<\/em>\u00a0\u00bb de l\u2019encyclique sur l\u2019\u00e9cologie avec le d\u00e9put\u00e9 de l\u2019Ain, <strong>Xavier Breton<\/strong>, et le maire de Grenoble, <strong>Eric Piolle<\/strong>). Les \u00e9diles locaux sont bien complaisants.<\/p>\n<p style=\"text-align:justify;\">Que \u00ab<em>\u00a0l\u2019affaire Barbarin<\/em>\u00a0\u00bb soit l\u2019occasion d\u2019une prise de conscience\u00a0: les relations contre nature n\u2019ont pas lieu seulement dans le secret des sacristies, elles peuvent avoir pour cadre les salons dor\u00e9s de la R\u00e9publique.<\/p>\n<h4 style=\"text-align:center;\"><span style=\"color:#ff0000;\">Justice pour les victimes\u00a0!<\/span><br \/>\n<span style=\"color:#ff0000;\">Dans ce domaine comme en tout autre, application stricte de la la\u00efcit\u00e9 et de la neutralit\u00e9 r\u00e9publicaines\u00a0!<\/span><\/h4>\n<h4 style=\"text-align:center;\"><img loading=\"lazy\" decoding=\"async\" class=\"aligncenter size-large wp-image-1286\" src=\"https:\/\/www.lpdordogne.fr\/wp-content\/uploads\/2016\/04\/cardinal-barbarin-eveque-lyon-cathos_697400.jpg?w=474\" alt=\"cardinal-barbarin-eveque-lyon-cathos_697400\" width=\"474\" height=\"266\" srcset=\"https:\/\/www.lpdordogne.fr\/wp-content\/uploads\/2016\/04\/cardinal-barbarin-eveque-lyon-cathos_697400.jpg 500w, https:\/\/www.lpdordogne.fr\/wp-content\/uploads\/2016\/04\/cardinal-barbarin-eveque-lyon-cathos_697400-300x169.jpg 300w\" sizes=\"auto, (max-width: 474px) 85vw, 474px\" \/><\/h4>\n","protected":false},"excerpt":{"rendered":"<p>Plus que jamais, s\u00e9paration des Eglises et de l&rsquo;Etat ! \u00ab\u00a0Justice pour les victimes\u00a0! Dans ce domaine comme en tout autre, application stricte de la la\u00efcit\u00e9 et de la neutralit\u00e9 r\u00e9publicaines\u00a0!\u00a0\u00bb Communiqu\u00e9 de la FNLP Alors que \u00ab l\u2019affaire Barbarin \u00bb commence \u00e0 prendre une certaine ampleur, il nous a sembl\u00e9 plus qu\u2019utile de faire &hellip; <a href=\"https:\/\/www.lpdordogne.fr\/?p=1284\" class=\"more-link\">Continuer la lecture<span class=\"screen-reader-text\"> de &laquo;&nbsp;\u00e0 propos de \u00ab\u00a0l&rsquo;affaire Barbarin\u00a0\u00bb : communiqu\u00e9 de la F\u00e9d\u00e9ration du Rh\u00f4ne de la Libre Pens\u00e9e&nbsp;&raquo;<\/span><\/a><\/p>\n","protected":false},"author":2,"featured_media":0,"comment_status":"closed","ping_status":"open","sticky":false,"template":"","format":"standard","meta":{"footnotes":""},"categories":[2],"tags":[],"class_list":["post-1284","post","type-post","status-publish","format-standard","hentry","category-elus-et-laicite"],"_links":{"self":[{"href":"https:\/\/www.lpdordogne.fr\/index.php?rest_route=\/wp\/v2\/posts\/1284","targetHints":{"allow":["GET"]}}],"collection":[{"href":"https:\/\/www.lpdordogne.fr\/index.php?rest_route=\/wp\/v2\/posts"}],"about":[{"href":"https:\/\/www.lpdordogne.fr\/index.php?rest_route=\/wp\/v2\/types\/post"}],"author":[{"embeddable":true,"href":"https:\/\/www.lpdordogne.fr\/index.php?rest_route=\/wp\/v2\/users\/2"}],"replies":[{"embeddable":true,"href":"https:\/\/www.lpdordogne.fr\/index.php?rest_route=%2Fwp%2Fv2%2Fcomments&post=1284"}],"version-history":[{"count":0,"href":"https:\/\/www.lpdordogne.fr\/index.php?rest_route=\/wp\/v2\/posts\/1284\/revisions"}],"wp:attachment":[{"href":"https:\/\/www.lpdordogne.fr\/index.php?rest_route=%2Fwp%2Fv2%2Fmedia&parent=1284"}],"wp:term":[{"taxonomy":"category","embeddable":true,"href":"https:\/\/www.lpdordogne.fr\/index.php?rest_route=%2Fwp%2Fv2%2Fcategories&post=1284"},{"taxonomy":"post_tag","embeddable":true,"href":"https:\/\/www.lpdordogne.fr\/index.php?rest_route=%2Fwp%2Fv2%2Ftags&post=1284"}],"curies":[{"name":"wp","href":"https:\/\/api.w.org\/{rel}","templated":true}]}}