{"id":1275,"date":"2016-04-01T15:41:19","date_gmt":"2016-04-01T14:41:19","guid":{"rendered":"https:\/\/lpdordogne.wordpress.com\/?p=1275"},"modified":"2016-04-01T15:41:19","modified_gmt":"2016-04-01T14:41:19","slug":"parution-de-la-raison-n610","status":"publish","type":"post","link":"https:\/\/www.lpdordogne.fr\/?p=1275","title":{"rendered":"Parution de \u00ab\u00a0La Raison\u00a0\u00bb N\u00b0 610"},"content":{"rendered":"<h3>La couverture<\/h3>\n<h4><img loading=\"lazy\" decoding=\"async\" class=\"aligncenter size-large wp-image-1276\" src=\"https:\/\/www.lpdordogne.fr\/wp-content\/uploads\/2016\/04\/couv_laraison610.jpg?w=474\" alt=\"couv_LaRaison610\" width=\"474\" height=\"671\" srcset=\"https:\/\/www.lpdordogne.fr\/wp-content\/uploads\/2016\/04\/couv_laraison610.jpg 500w, https:\/\/www.lpdordogne.fr\/wp-content\/uploads\/2016\/04\/couv_laraison610-212x300.jpg 212w\" sizes=\"auto, (max-width: 474px) 85vw, 474px\" \/><\/h4>\n<h3>extrait de l&rsquo;\u00e9ditorial du Pr\u00e9sident Jean-S\u00e9bastien Pierre :<\/h3>\n<h4>Libert\u00e9, libert\u00e9 ch\u00e9rie, combats avec tes d\u00e9fenseurs<\/h4>\n<p style=\"text-align:justify;\">La Chambre des d\u00e9put\u00e9s a, comme on le sait, prolong\u00e9 l\u2019\u00e9tat d\u2019urgence et vot\u00e9 son insertion dans la Constitution. 103 voix pour, 26\u00a0 contre et 7 abstentions, mandats compris, sur 577 d\u00e9put\u00e9s au total. Cela fait 136\u00a0 votes, soit 23,6\u00a0 % de l\u2019H\u00e9micycle et par cons\u00e9quent 76,4 % qui jugent sans int\u00e9r\u00eat de s\u2019exprimer sur un projet de loi constitutionnelle qui r\u00e9duit les libert\u00e9s d\u00e9mocratiques, introduit l\u2019arbitraire de l\u2019\u00c9tat et le climat de guerre dans une Constitution qui, d\u00e9j\u00e0, donne des pouvoirs exorbitants \u00e0 l\u2019Ex\u00e9cutif et au Pr\u00e9sident. Indiff\u00e9rence, m\u00e9pris des citoyens, unanimisme vis-\u00e0-vis d\u2019un \u00e9tat de guerre qui camoufle son nom, honte. Honte \u00e0 eux et bien entendu \u00e0 ceux qui, au sommet de l\u2019\u00c9tat, ont \u00e9labor\u00e9 ce texte et ces mesures.<\/p>\n<p><!--more--><\/p>\n<p style=\"text-align:justify;\">Nos lecteurs ne seront donc pas surpris de voir notre dossier du mois consacr\u00e9 \u00e0 cette question br\u00fblante. Il s\u2019ouvre par une r\u00e9f\u00e9rence \u00e0 Benjamin Franklin souvent cit\u00e9e, dans laquelle ce Pr\u00e9sident historique exhortait le peuple \u00e0 ne pas sacrifier sa libert\u00e9 sur l\u2019autel de la s\u00e9curit\u00e9. Dans les circonstances pr\u00e9sentes, le peuple est bien loin. Quel souci du peuple ont nos dirigeants ? Quel souci du peuple ont les Parlementaires ? Lorsque des citoyens d\u00e9sireux de manifester sont assign\u00e9s \u00e0 r\u00e9sidence, gard\u00e9s \u00e0 vue, perquisitionn\u00e9s, lorsque des rassemblements sont interdits, o\u00f9 est la s\u00e9curit\u00e9 ?<\/p>\n<p style=\"text-align:justify;\">\u00ab\u00a0 Nous ne c\u00e9derons pas\u00a0 \u00bb, disait l\u2019appel sign\u00e9 en commun avec la Ligue des Droits de l\u2019Homme et 114 organisations. Le peuple ne c\u00e8de pas. Le 26 janvier, les travailleurs de la Fonction publique et une partie de ceux du secteur priv\u00e9 ont fait gr\u00e8ve, revendiqu\u00e9, manifest\u00e9, d\u00e9fil\u00e9 dans les rues de Paris et des grandes villes de province, \u00e0 l\u2019appel de leurs syndicats. La menace criminelle, institutionnalis\u00e9e en \u00e9tat de guerre bien pr\u00e8s d\u2019avouer son nom, ne les a pas fait c\u00e9der sur le maintien de leurs garanties, de leurs statuts, de leurs conditions de vie. Le 30 janvier, des milliers de citoyens ont manifest\u00e9, d\u00e9fil\u00e9 et se sont exprim\u00e9s directement contre l\u2019\u00e9tat d\u2019urgence, pour les libert\u00e9s publiques et d\u00e9mocratiques. (&#8230;)<\/p>\n<p style=\"text-align:justify;\"><img loading=\"lazy\" decoding=\"async\" class=\"aligncenter size-large wp-image-1277\" src=\"https:\/\/www.lpdordogne.fr\/wp-content\/uploads\/2016\/04\/sommaire610.jpg?w=474\" alt=\"sommaire610\" width=\"474\" height=\"290\" srcset=\"https:\/\/www.lpdordogne.fr\/wp-content\/uploads\/2016\/04\/sommaire610.jpg 771w, https:\/\/www.lpdordogne.fr\/wp-content\/uploads\/2016\/04\/sommaire610-300x184.jpg 300w, https:\/\/www.lpdordogne.fr\/wp-content\/uploads\/2016\/04\/sommaire610-768x470.jpg 768w\" sizes=\"auto, (max-width: 474px) 85vw, 474px\" \/><\/p>\n<p style=\"text-align:justify;\">pour vous procurer ce N\u00b0 de <em>La Raison<\/em>, <a href=\"https:\/\/lpdordogne.wordpress.com\/contacter-le-groupe-fred-zeller\/\">contactez le groupe Fred Zeller<\/a><\/p>\n","protected":false},"excerpt":{"rendered":"<p>La couverture extrait de l&rsquo;\u00e9ditorial du Pr\u00e9sident Jean-S\u00e9bastien Pierre : Libert\u00e9, libert\u00e9 ch\u00e9rie, combats avec tes d\u00e9fenseurs La Chambre des d\u00e9put\u00e9s a, comme on le sait, prolong\u00e9 l\u2019\u00e9tat d\u2019urgence et vot\u00e9 son insertion dans la Constitution. 103 voix pour, 26\u00a0 contre et 7 abstentions, mandats compris, sur 577 d\u00e9put\u00e9s au total. Cela fait 136\u00a0 votes, &hellip; <a href=\"https:\/\/www.lpdordogne.fr\/?p=1275\" class=\"more-link\">Continuer la lecture<span class=\"screen-reader-text\"> de &laquo;&nbsp;Parution de \u00ab\u00a0La Raison\u00a0\u00bb N\u00b0 610&nbsp;&raquo;<\/span><\/a><\/p>\n","protected":false},"author":2,"featured_media":0,"comment_status":"closed","ping_status":"open","sticky":false,"template":"","format":"standard","meta":{"footnotes":""},"categories":[25],"tags":[],"class_list":["post-1275","post","type-post","status-publish","format-standard","hentry","category-la-raison"],"_links":{"self":[{"href":"https:\/\/www.lpdordogne.fr\/index.php?rest_route=\/wp\/v2\/posts\/1275","targetHints":{"allow":["GET"]}}],"collection":[{"href":"https:\/\/www.lpdordogne.fr\/index.php?rest_route=\/wp\/v2\/posts"}],"about":[{"href":"https:\/\/www.lpdordogne.fr\/index.php?rest_route=\/wp\/v2\/types\/post"}],"author":[{"embeddable":true,"href":"https:\/\/www.lpdordogne.fr\/index.php?rest_route=\/wp\/v2\/users\/2"}],"replies":[{"embeddable":true,"href":"https:\/\/www.lpdordogne.fr\/index.php?rest_route=%2Fwp%2Fv2%2Fcomments&post=1275"}],"version-history":[{"count":0,"href":"https:\/\/www.lpdordogne.fr\/index.php?rest_route=\/wp\/v2\/posts\/1275\/revisions"}],"wp:attachment":[{"href":"https:\/\/www.lpdordogne.fr\/index.php?rest_route=%2Fwp%2Fv2%2Fmedia&parent=1275"}],"wp:term":[{"taxonomy":"category","embeddable":true,"href":"https:\/\/www.lpdordogne.fr\/index.php?rest_route=%2Fwp%2Fv2%2Fcategories&post=1275"},{"taxonomy":"post_tag","embeddable":true,"href":"https:\/\/www.lpdordogne.fr\/index.php?rest_route=%2Fwp%2Fv2%2Ftags&post=1275"}],"curies":[{"name":"wp","href":"https:\/\/api.w.org\/{rel}","templated":true}]}}