{"id":1267,"date":"2016-03-28T16:25:49","date_gmt":"2016-03-28T15:25:49","guid":{"rendered":"https:\/\/lpdordogne.wordpress.com\/?p=1267"},"modified":"2016-03-28T16:25:49","modified_gmt":"2016-03-28T15:25:49","slug":"le-groupe-fred-zeller-sur-rlp-lundi-28-mars-2016","status":"publish","type":"post","link":"https:\/\/www.lpdordogne.fr\/?p=1267","title":{"rendered":"Le Groupe Fred Zeller sur RLP lundi 28 mars 2016"},"content":{"rendered":"<h2 class=\"art-postheader\" style=\"text-align:center;\">Emission sp\u00e9ciale<br \/>\nDiffusion int\u00e9grale de la conf\u00e9rence de Christian Eyschen<br \/>\n\u00ab\u00a0la loi de 1905, 110 ans apr\u00e8s\u00a0\u00bb<\/h2>\n<p>[mixcloud https:\/\/www.mixcloud.com\/jlbagault\/conference-de-christian-eyschen\/ width=100% height=60 hide_cover=1 mini=1 light=1]<\/p>\n<p style=\"text-align:center;\"><a href=\"https:\/\/lpdordogne.wordpress.com\/2016\/02\/16\/parution-de-la-raisonn308\/\" target=\"_blank\" rel=\"noopener\"><img loading=\"lazy\" decoding=\"async\" class=\"aligncenter wp-image-1268 size-full\" src=\"https:\/\/www.lpdordogne.fr\/wp-content\/uploads\/2016\/03\/eyschen-400.png\" alt=\"\" width=\"400\" height=\"326\" srcset=\"https:\/\/www.lpdordogne.fr\/wp-content\/uploads\/2016\/03\/eyschen-400.png 400w, https:\/\/www.lpdordogne.fr\/wp-content\/uploads\/2016\/03\/eyschen-400-300x245.png 300w\" sizes=\"auto, (max-width: 400px) 85vw, 400px\" \/><\/a><\/p>\n<p style=\"text-align:justify;\">Dans le cadre de l&rsquo;exposition organis\u00e9e par l&rsquo;<a href=\"http:\/\/www.irelp.fr\/\" target=\"_blank\" rel=\"noopener\">IRELP<\/a> avec le soutien de la Mairie de Pais, \u00e0 l&rsquo;occasion du 110\u00e8me anniversaire de la promulgation de la loi de 1905, Chistian Eyschen, vice-pr\u00e9sident de la <a href=\"http:\/\/www.fnlp.fr\/\" target=\"_blank\" rel=\"noopener\">FNLP<\/a> et pote-parole de l&rsquo;AILP a tenu une conf\u00e9rence \u00ab\u00a0la loi de 1905, 110 ans apr\u00e8s\u00a0\u00bb. Cette conf\u00e9rence, de pr\u00e8s d&rsquo;une heure, a \u00e9t\u00e9 diffus\u00e9e dans son int\u00e9gralit\u00e9 par RLP lundi 28 mars 2016, \u00e0 midi.<\/p>\n<p style=\"text-align:justify;\">Vous pouvez depuis notre site, \u00e0 tout moment, r\u00e9-\u00e9couter cette conf\u00e9rence, ou bien en visionner la vid\u00e9o ; pour cela :<\/p>\n<ul>\n<li style=\"text-align:justify;\">enregistrement audio : cliquez ici ;<\/li>\n<li style=\"text-align:justify;\">vid\u00e9o sur youtube : <a href=\"https:\/\/www.youtube.com\/watch?v=Uh996cq8j1o&amp;feature=youtu.be\" target=\"_blank\" rel=\"noopener\">cliquez ici<\/a> ;<\/li>\n<\/ul>\n<p><img loading=\"lazy\" decoding=\"async\" class=\"size-full wp-image-1037 alignleft\" src=\"https:\/\/www.lpdordogne.fr\/wp-content\/uploads\/2015\/12\/1905.jpg\" alt=\"1905\" width=\"240\" height=\"240\" srcset=\"https:\/\/www.lpdordogne.fr\/wp-content\/uploads\/2015\/12\/1905.jpg 240w, https:\/\/www.lpdordogne.fr\/wp-content\/uploads\/2015\/12\/1905-150x150.jpg 150w\" sizes=\"auto, (max-width: 240px) 85vw, 240px\" \/>Un ouvrage essentiel :<\/p>\n<p><strong><span class=\"titre_produit\">1905! La loi de s\u00e9paration des Eglises et de l\u2019Etat<br \/>\n<\/span><\/strong><br \/>\n<strong><span class=\"normal\">Auteur : Jean-Marc Schiappa (coord.)<\/span><\/strong><br \/>\n<strong><span class=\"normal\">Editeur : Editions Syllepse<\/span><\/strong><br \/>\n<strong><span class=\"normal\">Ann\u00e9e : 2005<\/span><\/strong><br \/>\n<strong><span class=\"normal\">ISBN 10 : 2-84950-01<\/span><\/strong><br \/>\n<strong><span class=\"normal\">Nb. de pages : 642<\/span><\/strong><\/p>\n<p><strong><span class=\"normal\">Prix : 27 \u20ac + frais de port \u00e9ventuels<br \/>\n(paiement par ch\u00e8que \u00e0 l\u2019ordre de :<br \/>\ngroupe Fred Zeller)<a href=\"https:\/\/lpdordogne.wordpress.com\/contacter-le-groupe-fred-zeller\/\"> ==&gt;infos<\/a><\/span><\/strong><\/p>\n<p>Pour \u00e9changer sur ce sujet, <a title=\"Contacter le Groupe Fred Zeller\" href=\"https:\/\/lpdordogne.wordpress.com\/contacter-le-groupe-fred-zeller\/\" target=\"_blank\" rel=\"noopener\">contactez le Groupe Fred Zeller<\/a><\/p>\n<p>courriel :\u00a0<a href=\"mailto:groupefredzeller@gmail.com\">groupefredzeller@gmail.com<\/a><\/p>\n","protected":false},"excerpt":{"rendered":"<p>Emission sp\u00e9ciale Diffusion int\u00e9grale de la conf\u00e9rence de Christian Eyschen \u00ab\u00a0la loi de 1905, 110 ans apr\u00e8s\u00a0\u00bb [mixcloud https:\/\/www.mixcloud.com\/jlbagault\/conference-de-christian-eyschen\/ width=100% height=60 hide_cover=1 mini=1 light=1] Dans le cadre de l&rsquo;exposition organis\u00e9e par l&rsquo;IRELP avec le soutien de la Mairie de Pais, \u00e0 l&rsquo;occasion du 110\u00e8me anniversaire de la promulgation de la loi de 1905, Chistian Eyschen, &hellip; <a href=\"https:\/\/www.lpdordogne.fr\/?p=1267\" class=\"more-link\">Continuer la lecture<span class=\"screen-reader-text\"> de &laquo;&nbsp;Le Groupe Fred Zeller sur RLP lundi 28 mars 2016&nbsp;&raquo;<\/span><\/a><\/p>\n","protected":false},"author":2,"featured_media":1268,"comment_status":"closed","ping_status":"open","sticky":false,"template":"","format":"standard","meta":{"footnotes":""},"categories":[20],"tags":[],"class_list":["post-1267","post","type-post","status-publish","format-standard","has-post-thumbnail","hentry","category-rlp"],"_links":{"self":[{"href":"https:\/\/www.lpdordogne.fr\/index.php?rest_route=\/wp\/v2\/posts\/1267","targetHints":{"allow":["GET"]}}],"collection":[{"href":"https:\/\/www.lpdordogne.fr\/index.php?rest_route=\/wp\/v2\/posts"}],"about":[{"href":"https:\/\/www.lpdordogne.fr\/index.php?rest_route=\/wp\/v2\/types\/post"}],"author":[{"embeddable":true,"href":"https:\/\/www.lpdordogne.fr\/index.php?rest_route=\/wp\/v2\/users\/2"}],"replies":[{"embeddable":true,"href":"https:\/\/www.lpdordogne.fr\/index.php?rest_route=%2Fwp%2Fv2%2Fcomments&post=1267"}],"version-history":[{"count":0,"href":"https:\/\/www.lpdordogne.fr\/index.php?rest_route=\/wp\/v2\/posts\/1267\/revisions"}],"wp:featuredmedia":[{"embeddable":true,"href":"https:\/\/www.lpdordogne.fr\/index.php?rest_route=\/wp\/v2\/media\/1268"}],"wp:attachment":[{"href":"https:\/\/www.lpdordogne.fr\/index.php?rest_route=%2Fwp%2Fv2%2Fmedia&parent=1267"}],"wp:term":[{"taxonomy":"category","embeddable":true,"href":"https:\/\/www.lpdordogne.fr\/index.php?rest_route=%2Fwp%2Fv2%2Fcategories&post=1267"},{"taxonomy":"post_tag","embeddable":true,"href":"https:\/\/www.lpdordogne.fr\/index.php?rest_route=%2Fwp%2Fv2%2Ftags&post=1267"}],"curies":[{"name":"wp","href":"https:\/\/api.w.org\/{rel}","templated":true}]}}