{"id":1245,"date":"2016-03-07T18:21:15","date_gmt":"2016-03-07T17:21:15","guid":{"rendered":"https:\/\/lpdordogne.wordpress.com\/?p=1245"},"modified":"2016-03-07T18:21:15","modified_gmt":"2016-03-07T17:21:15","slug":"le-groupe-fred-zeller-sur-rlp-lundi-7-mars-2016","status":"publish","type":"post","link":"https:\/\/www.lpdordogne.fr\/?p=1245","title":{"rendered":"Le Groupe Fred Zeller sur RLP lundi 7 mars 2016"},"content":{"rendered":"<h2 class=\"art-postheader\" style=\"text-align:center;\">\u00a0Il y a 145 ans, la Commune de Paris<\/h2>\n<p>[mixcloud https:\/\/www.mixcloud.com\/jlbagault\/chronique-du-groupe-fred-zeller-du-7-mars-2016\/ width=100% height=120 hide_cover=1 light=1]<\/p>\n<p style=\"text-align:center;\"><a href=\"https:\/\/lpdordogne.wordpress.com\/2016\/02\/16\/parution-de-la-raisonn308\/\" target=\"_blank\" rel=\"noopener\"><img loading=\"lazy\" decoding=\"async\" class=\"aligncenter wp-image-1246 size-full\" src=\"https:\/\/www.lpdordogne.fr\/wp-content\/uploads\/2016\/03\/communecannon.jpg\" alt=\"\" width=\"350\" height=\"266\" srcset=\"https:\/\/www.lpdordogne.fr\/wp-content\/uploads\/2016\/03\/communecannon.jpg 350w, https:\/\/www.lpdordogne.fr\/wp-content\/uploads\/2016\/03\/communecannon-300x228.jpg 300w\" sizes=\"auto, (max-width: 350px) 85vw, 350px\" \/><\/a><\/p>\n<p>Le 18 mars 1871, le peuple de Paris se soulevait et \u00ab\u00a0allait monter \u00e0 l&rsquo;assaut \u00a0du ciel\u00a0\u00bb.<\/p>\n<p>Aujourd&rsquo;hui, J-Jacques Bri\u00e8re de l&rsquo;Isle inaugure une s\u00e9rie de chroniques d\u00e9di\u00e9es \u00e0 la Commune de Paris &#8230;<\/p>\n<p>Pour \u00e9changer sur ce sujet, <a title=\"Contacter le Groupe Fred Zeller\" href=\"https:\/\/lpdordogne.wordpress.com\/contacter-le-groupe-fred-zeller\/\" target=\"_blank\" rel=\"noopener\">contactez le Groupe Fred Zeller<\/a><\/p>\n<p>courriel :\u00a0<a href=\"mailto:groupefredzeller@gmail.com\">groupefredzeller@gmail.com<\/a><\/p>\n","protected":false},"excerpt":{"rendered":"<p>\u00a0Il y a 145 ans, la Commune de Paris [mixcloud https:\/\/www.mixcloud.com\/jlbagault\/chronique-du-groupe-fred-zeller-du-7-mars-2016\/ width=100% height=120 hide_cover=1 light=1] Le 18 mars 1871, le peuple de Paris se soulevait et \u00ab\u00a0allait monter \u00e0 l&rsquo;assaut \u00a0du ciel\u00a0\u00bb. Aujourd&rsquo;hui, J-Jacques Bri\u00e8re de l&rsquo;Isle inaugure une s\u00e9rie de chroniques d\u00e9di\u00e9es \u00e0 la Commune de Paris &#8230; Pour \u00e9changer sur ce sujet, contactez &hellip; <a href=\"https:\/\/www.lpdordogne.fr\/?p=1245\" class=\"more-link\">Continuer la lecture<span class=\"screen-reader-text\"> de &laquo;&nbsp;Le Groupe Fred Zeller sur RLP lundi 7 mars 2016&nbsp;&raquo;<\/span><\/a><\/p>\n","protected":false},"author":2,"featured_media":0,"comment_status":"closed","ping_status":"open","sticky":false,"template":"","format":"standard","meta":{"footnotes":""},"categories":[25,20],"tags":[],"class_list":["post-1245","post","type-post","status-publish","format-standard","hentry","category-la-raison","category-rlp"],"_links":{"self":[{"href":"https:\/\/www.lpdordogne.fr\/index.php?rest_route=\/wp\/v2\/posts\/1245","targetHints":{"allow":["GET"]}}],"collection":[{"href":"https:\/\/www.lpdordogne.fr\/index.php?rest_route=\/wp\/v2\/posts"}],"about":[{"href":"https:\/\/www.lpdordogne.fr\/index.php?rest_route=\/wp\/v2\/types\/post"}],"author":[{"embeddable":true,"href":"https:\/\/www.lpdordogne.fr\/index.php?rest_route=\/wp\/v2\/users\/2"}],"replies":[{"embeddable":true,"href":"https:\/\/www.lpdordogne.fr\/index.php?rest_route=%2Fwp%2Fv2%2Fcomments&post=1245"}],"version-history":[{"count":0,"href":"https:\/\/www.lpdordogne.fr\/index.php?rest_route=\/wp\/v2\/posts\/1245\/revisions"}],"wp:attachment":[{"href":"https:\/\/www.lpdordogne.fr\/index.php?rest_route=%2Fwp%2Fv2%2Fmedia&parent=1245"}],"wp:term":[{"taxonomy":"category","embeddable":true,"href":"https:\/\/www.lpdordogne.fr\/index.php?rest_route=%2Fwp%2Fv2%2Fcategories&post=1245"},{"taxonomy":"post_tag","embeddable":true,"href":"https:\/\/www.lpdordogne.fr\/index.php?rest_route=%2Fwp%2Fv2%2Ftags&post=1245"}],"curies":[{"name":"wp","href":"https:\/\/api.w.org\/{rel}","templated":true}]}}