{"id":1240,"date":"2016-02-29T22:44:23","date_gmt":"2016-02-29T21:44:23","guid":{"rendered":"https:\/\/lpdordogne.wordpress.com\/?p=1240"},"modified":"2016-02-29T22:44:23","modified_gmt":"2016-02-29T21:44:23","slug":"lidee-libre-n312-va-paraitre","status":"publish","type":"post","link":"https:\/\/www.lpdordogne.fr\/?p=1240","title":{"rendered":"L&rsquo;Id\u00e9e Libre N\u00b0312 va para\u00eetre"},"content":{"rendered":"<p style=\"text-align:justify;\" align=\"left\"><span style=\"font-family:Calibri;font-size:large;\"><img loading=\"lazy\" decoding=\"async\" class=\"alignleft wp-image-1241 size-medium\" src=\"https:\/\/www.lpdordogne.fr\/wp-content\/uploads\/2016\/02\/il-312-couv-400.jpg?w=211\" alt=\"IL-312-couv-400\" width=\"211\" height=\"300\" srcset=\"https:\/\/www.lpdordogne.fr\/wp-content\/uploads\/2016\/02\/il-312-couv-400.jpg 400w, https:\/\/www.lpdordogne.fr\/wp-content\/uploads\/2016\/02\/il-312-couv-400-211x300.jpg 211w\" sizes=\"auto, (max-width: 211px) 85vw, 211px\" \/>La revue <strong><span style=\"color:#ff0000;\">L&rsquo;IDEE LIBRE<\/span><\/strong> est la revue culturelle de la Libre Pens\u00e9e.<\/span><\/p>\n<p style=\"text-align:justify;\" align=\"left\"><span style=\"font-family:Calibri;\">A cot\u00e9 d&rsquo;articles \u00ab\u00a0magazine\u00a0\u00bb ou d&rsquo;archives, elle est essentiellement consacr\u00e9e chaque trimestre \u00e0 un th\u00e8me. <\/span><\/p>\n<div>\n<div style=\"text-align:justify;\"><strong><span style=\"font-family:Calibri;\">Le num\u00e9ro 312, consacr\u00e9 <span style=\"color:#ff0000;\">au Canada et au Qu\u00e9bec,<\/span> sera disponible \u00e0 partir du 15 mars 2016.<\/span><\/strong><\/div>\n<div style=\"text-align:justify;\"><\/div>\n<\/div>\n<p><!--more--><\/p>\n<p><a href=\"https:\/\/www.lpdordogne.fr\/wp-content\/uploads\/2016\/02\/il312_02.pdf\">Sommaire<\/a><\/p>\n<p><a href=\"https:\/\/www.lpdordogne.fr\/wp-content\/uploads\/2016\/02\/il312_6-8.pdf\">Pr\u00e9sentation<\/a><\/p>\n<p>&nbsp;<\/p>\n","protected":false},"excerpt":{"rendered":"<p>La revue L&rsquo;IDEE LIBRE est la revue culturelle de la Libre Pens\u00e9e. A cot\u00e9 d&rsquo;articles \u00ab\u00a0magazine\u00a0\u00bb ou d&rsquo;archives, elle est essentiellement consacr\u00e9e chaque trimestre \u00e0 un th\u00e8me. Le num\u00e9ro 312, consacr\u00e9 au Canada et au Qu\u00e9bec, sera disponible \u00e0 partir du 15 mars 2016.<\/p>\n","protected":false},"author":2,"featured_media":0,"comment_status":"closed","ping_status":"open","sticky":false,"template":"","format":"standard","meta":{"footnotes":""},"categories":[24],"tags":[],"class_list":["post-1240","post","type-post","status-publish","format-standard","hentry","category-lidee-libre"],"_links":{"self":[{"href":"https:\/\/www.lpdordogne.fr\/index.php?rest_route=\/wp\/v2\/posts\/1240","targetHints":{"allow":["GET"]}}],"collection":[{"href":"https:\/\/www.lpdordogne.fr\/index.php?rest_route=\/wp\/v2\/posts"}],"about":[{"href":"https:\/\/www.lpdordogne.fr\/index.php?rest_route=\/wp\/v2\/types\/post"}],"author":[{"embeddable":true,"href":"https:\/\/www.lpdordogne.fr\/index.php?rest_route=\/wp\/v2\/users\/2"}],"replies":[{"embeddable":true,"href":"https:\/\/www.lpdordogne.fr\/index.php?rest_route=%2Fwp%2Fv2%2Fcomments&post=1240"}],"version-history":[{"count":0,"href":"https:\/\/www.lpdordogne.fr\/index.php?rest_route=\/wp\/v2\/posts\/1240\/revisions"}],"wp:attachment":[{"href":"https:\/\/www.lpdordogne.fr\/index.php?rest_route=%2Fwp%2Fv2%2Fmedia&parent=1240"}],"wp:term":[{"taxonomy":"category","embeddable":true,"href":"https:\/\/www.lpdordogne.fr\/index.php?rest_route=%2Fwp%2Fv2%2Fcategories&post=1240"},{"taxonomy":"post_tag","embeddable":true,"href":"https:\/\/www.lpdordogne.fr\/index.php?rest_route=%2Fwp%2Fv2%2Ftags&post=1240"}],"curies":[{"name":"wp","href":"https:\/\/api.w.org\/{rel}","templated":true}]}}