{"id":1235,"date":"2016-02-29T16:19:30","date_gmt":"2016-02-29T15:19:30","guid":{"rendered":"https:\/\/lpdordogne.wordpress.com\/?p=1235"},"modified":"2016-02-29T16:19:30","modified_gmt":"2016-02-29T15:19:30","slug":"le-groupe-fred-zeller-sur-rlp-lundi-29-fevrier-2016","status":"publish","type":"post","link":"https:\/\/www.lpdordogne.fr\/?p=1235","title":{"rendered":"Le Groupe Fred Zeller sur RLP lundi 29 f\u00e9vrier 2016"},"content":{"rendered":"<h2 class=\"art-postheader\" style=\"text-align:center;\">\u00a0Pr\u00e9sentation de \u00ab\u00a0La Raison\u00a0\u00bb<br \/>\n(N\u00b0 608 &#8211; f\u00e9vrier 2016)<\/h2>\n<p>[mixcloud https:\/\/www.mixcloud.com\/jlbagault\/chronique-groupe-fred-zeller-sur-rlp-29-fevrier-2016\/ width=100% height=60 hide_cover=1 mini=1 light=1]<\/p>\n<p style=\"text-align:center;\"><a href=\"https:\/\/lpdordogne.wordpress.com\/2016\/02\/16\/parution-de-la-raisonn308\/\" target=\"_blank\" rel=\"noopener\"><img loading=\"lazy\" decoding=\"async\" class=\"aligncenter wp-image-1223 size-large\" src=\"https:\/\/www.lpdordogne.fr\/wp-content\/uploads\/2016\/02\/couv608.jpg?w=474\" alt=\"\" width=\"474\" height=\"671\" srcset=\"https:\/\/www.lpdordogne.fr\/wp-content\/uploads\/2016\/02\/couv608.jpg 500w, https:\/\/www.lpdordogne.fr\/wp-content\/uploads\/2016\/02\/couv608-212x300.jpg 212w\" sizes=\"auto, (max-width: 474px) 85vw, 474px\" \/><\/a><\/p>\n<p>\u00ab\u00a0<em>La Raison<\/em>\u00a0\u00bb est la revue de la F\u00e9d\u00e9ration Nationale de la Libre Pens\u00e9e. Elle parait chaque mois. Aujourd&rsquo;hui, J-Jacques Bri\u00e8re de l&rsquo;Isle pr\u00e9sente le N\u00b0608 (f\u00e9vrier 2016)<\/p>\n<p><!--more--><\/p>\n<p>&nbsp;<\/p>\n<p style=\"text-align:justify;\">Pour \u00e9changer sur ce sujet, <a title=\"Contacter le Groupe Fred Zeller\" href=\"https:\/\/lpdordogne.wordpress.com\/contacter-le-groupe-fred-zeller\/\" target=\"_blank\" rel=\"noopener\">contactez le Groupe Fred Zeller<\/a><\/p>\n<p style=\"text-align:left;\"><a href=\"http:\/\/www.fnlp.fr\/librairie_en_ligne\/peel3.0-beta\/achat\/produit_details.php?id=493&amp;catid=21\" target=\"_blank\" rel=\"noopener\">s&rsquo;abonner \u00e0 \u00ab\u00a0La raison\u00a0\u00bb<\/a><\/p>\n<p style=\"text-align:left;\">\u00e0 lire sur ce sujet :<\/p>\n<p style=\"text-align:left;\">La Raison N\u00b0 608 ==&gt; <a href=\"https:\/\/lpdordogne.wordpress.com\/contacter-le-groupe-fred-zeller\/\" target=\"_blank\" rel=\"noopener\">contacter le groupe Fred Zeller<\/a><\/p>\n<p>&nbsp;<\/p>\n<p>&nbsp;<\/p>\n<p>&nbsp;<\/p>\n<p>&nbsp;<\/p>\n<p>&nbsp;<\/p>\n<p>courriel :\u00a0<a href=\"mailto:groupefredzeller@gmail.com\">groupefredzeller@gmail.com<\/a><\/p>\n","protected":false},"excerpt":{"rendered":"<p>\u00a0Pr\u00e9sentation de \u00ab\u00a0La Raison\u00a0\u00bb (N\u00b0 608 &#8211; f\u00e9vrier 2016) [mixcloud https:\/\/www.mixcloud.com\/jlbagault\/chronique-groupe-fred-zeller-sur-rlp-29-fevrier-2016\/ width=100% height=60 hide_cover=1 mini=1 light=1] \u00ab\u00a0La Raison\u00a0\u00bb est la revue de la F\u00e9d\u00e9ration Nationale de la Libre Pens\u00e9e. Elle parait chaque mois. Aujourd&rsquo;hui, J-Jacques Bri\u00e8re de l&rsquo;Isle pr\u00e9sente le N\u00b0608 (f\u00e9vrier 2016)<\/p>\n","protected":false},"author":2,"featured_media":0,"comment_status":"closed","ping_status":"open","sticky":false,"template":"","format":"standard","meta":{"footnotes":""},"categories":[25,20],"tags":[],"class_list":["post-1235","post","type-post","status-publish","format-standard","hentry","category-la-raison","category-rlp"],"_links":{"self":[{"href":"https:\/\/www.lpdordogne.fr\/index.php?rest_route=\/wp\/v2\/posts\/1235","targetHints":{"allow":["GET"]}}],"collection":[{"href":"https:\/\/www.lpdordogne.fr\/index.php?rest_route=\/wp\/v2\/posts"}],"about":[{"href":"https:\/\/www.lpdordogne.fr\/index.php?rest_route=\/wp\/v2\/types\/post"}],"author":[{"embeddable":true,"href":"https:\/\/www.lpdordogne.fr\/index.php?rest_route=\/wp\/v2\/users\/2"}],"replies":[{"embeddable":true,"href":"https:\/\/www.lpdordogne.fr\/index.php?rest_route=%2Fwp%2Fv2%2Fcomments&post=1235"}],"version-history":[{"count":0,"href":"https:\/\/www.lpdordogne.fr\/index.php?rest_route=\/wp\/v2\/posts\/1235\/revisions"}],"wp:attachment":[{"href":"https:\/\/www.lpdordogne.fr\/index.php?rest_route=%2Fwp%2Fv2%2Fmedia&parent=1235"}],"wp:term":[{"taxonomy":"category","embeddable":true,"href":"https:\/\/www.lpdordogne.fr\/index.php?rest_route=%2Fwp%2Fv2%2Fcategories&post=1235"},{"taxonomy":"post_tag","embeddable":true,"href":"https:\/\/www.lpdordogne.fr\/index.php?rest_route=%2Fwp%2Fv2%2Ftags&post=1235"}],"curies":[{"name":"wp","href":"https:\/\/api.w.org\/{rel}","templated":true}]}}