{"id":1077,"date":"2015-12-26T12:26:40","date_gmt":"2015-12-26T11:26:40","guid":{"rendered":"https:\/\/lpdordogne.wordpress.com\/?p=1077"},"modified":"2015-12-26T12:26:40","modified_gmt":"2015-12-26T11:26:40","slug":"parution-de-front-laique-n89-2","status":"publish","type":"post","link":"https:\/\/www.lpdordogne.fr\/?p=1077","title":{"rendered":"Parution de Front La\u00efque N\u00b092"},"content":{"rendered":"<h3>Front La\u00efque N\u00b092, tribune libre des la\u00efques\u00a0de Dordogne, vient de para\u00eetre.<\/h3>\n<p>&nbsp;<\/p>\n<p><span style=\"text-decoration:underline;\">Au sommaire de ce N\u00b0 92 :<\/span><\/p>\n<ul>\n<li><a href=\"https:\/\/lpdordogne.wordpress.com\/front-laique-n92-edito-de-j-j-briere-de-lisle\/\"><strong>\u00c9ditorial<\/strong>\u00a0: J.J. Bri\u00e8re de l&rsquo;Isle<\/a> \u2026&#8230;&#8230;&#8230;&#8230;&#8230;&#8230;&#8230;&#8230;&#8230;&#8230;&#8230;&#8230; 1<\/li>\n<li><strong>L&rsquo;r de rien, c&rsquo;est tout le probl\u00e8me<\/strong>\u00a0: J.L Bagault &#8230;.. 2<\/li>\n<li><strong>Mati\u00e8reS \u00e0 r\u00e9flexion<\/strong>\u00a0: Philippe Bonn \u2026&#8230;&#8230;&#8230;&#8230;&#8230;&#8230;..4<\/li>\n<li><strong>De l\u2019indignit\u00e9 \u00e0 l\u2019absurdit\u00e9<\/strong>\u00a0: Jacques Sar\u00e8te \u2026&#8230;&#8230;7<\/li>\n<li><strong>La cause des causes<\/strong>\u00a0: Dominique Attingr\u00e9 \u2026&#8230;&#8230;&#8230;.8<\/li>\n<li><strong>Po\u00e8mes<\/strong> par Roland Debord \u2026&#8230;&#8230;&#8230;&#8230;&#8230;&#8230;&#8230;&#8230;&#8230;&#8230;&#8230;&#8230;..11<\/li>\n<li><strong>Sonnets Impies<\/strong> par Antoine de Livron \u2026&#8230;&#8230;&#8230;&#8230;&#8230;&#8230;11 et 12<\/li>\n<li><strong>Un message de Jean Rostand<\/strong> \u2026&#8230;&#8230;&#8230;&#8230;&#8230;&#8230;&#8230;&#8230;&#8230;&#8230;&#8230;..12<\/li>\n<li><strong>Nous y \u00e9tions<\/strong> \u2013 Meeting 5 d\u00e9cembre 2015 \u2013 Paris 13<\/li>\n<li><strong>Fiasco<\/strong>\u00a0: Dominique Attingr\u00e9 (ADMD) \u2026&#8230;&#8230;&#8230;&#8230;&#8230;&#8230;. 15<\/li>\n<li><strong>Informations<\/strong> \u2026&#8230;&#8230;&#8230;&#8230;&#8230;&#8230;&#8230;&#8230;&#8230;&#8230;&#8230;&#8230;&#8230;&#8230;&#8230;&#8230;&#8230;&#8230;&#8230;&#8230;&#8230;&#8230;.. 16<\/li>\n<\/ul>\n<p><!--more--><\/p>\n<p><strong>Abonnez-vous \u00e0 Front La\u00efque :<\/strong><\/p>\n<p style=\"padding-left:30px;\"><strong>&#8211; 1 an (4 num\u00e9ros) : 8 \u20ac<\/strong><br \/>\n<strong> &#8211; 2 ans (8 num\u00e9ros) : 16 \u20ac<\/strong><\/p>\n<p><strong><a href=\"https:\/\/www.lpdordogne.fr\/wp-content\/uploads\/2015\/12\/bulletin-abo-fl.pdf\"><img loading=\"lazy\" decoding=\"async\" class=\"alignleft wp-image-1122\" src=\"https:\/\/www.lpdordogne.fr\/wp-content\/uploads\/2015\/12\/bulletin-abo-fl.png?w=300\" alt=\"bulletin-abo-fl\" width=\"250\" height=\"132\" srcset=\"https:\/\/www.lpdordogne.fr\/wp-content\/uploads\/2015\/12\/bulletin-abo-fl.png 1130w, https:\/\/www.lpdordogne.fr\/wp-content\/uploads\/2015\/12\/bulletin-abo-fl-300x158.png 300w, https:\/\/www.lpdordogne.fr\/wp-content\/uploads\/2015\/12\/bulletin-abo-fl-1024x541.png 1024w, https:\/\/www.lpdordogne.fr\/wp-content\/uploads\/2015\/12\/bulletin-abo-fl-768x406.png 768w\" sizes=\"auto, (max-width: 250px) 85vw, 250px\" \/><\/a>bulletin d&rsquo;abonnement ==&gt;<a href=\"https:\/\/www.lpdordogne.fr\/wp-content\/uploads\/2015\/12\/bulletin-abo-fl.pdf\"> cliquez ici<\/a><\/strong><\/p>\n<p>&nbsp;<\/p>\n","protected":false},"excerpt":{"rendered":"<p>Front La\u00efque N\u00b092, tribune libre des la\u00efques\u00a0de Dordogne, vient de para\u00eetre. &nbsp; Au sommaire de ce N\u00b0 92 : \u00c9ditorial\u00a0: J.J. Bri\u00e8re de l&rsquo;Isle \u2026&#8230;&#8230;&#8230;&#8230;&#8230;&#8230;&#8230;&#8230;&#8230;&#8230;&#8230;&#8230; 1 L&rsquo;r de rien, c&rsquo;est tout le probl\u00e8me\u00a0: J.L Bagault &#8230;.. 2 Mati\u00e8reS \u00e0 r\u00e9flexion\u00a0: Philippe Bonn \u2026&#8230;&#8230;&#8230;&#8230;&#8230;&#8230;..4 De l\u2019indignit\u00e9 \u00e0 l\u2019absurdit\u00e9\u00a0: Jacques Sar\u00e8te \u2026&#8230;&#8230;7 La cause des causes\u00a0: Dominique &hellip; <a href=\"https:\/\/www.lpdordogne.fr\/?p=1077\" class=\"more-link\">Continuer la lecture<span class=\"screen-reader-text\"> de &laquo;&nbsp;Parution de Front La\u00efque N\u00b092&nbsp;&raquo;<\/span><\/a><\/p>\n","protected":false},"author":2,"featured_media":0,"comment_status":"closed","ping_status":"open","sticky":false,"template":"","format":"standard","meta":{"footnotes":""},"categories":[22],"tags":[],"class_list":["post-1077","post","type-post","status-publish","format-standard","hentry","category-front-laique"],"_links":{"self":[{"href":"https:\/\/www.lpdordogne.fr\/index.php?rest_route=\/wp\/v2\/posts\/1077","targetHints":{"allow":["GET"]}}],"collection":[{"href":"https:\/\/www.lpdordogne.fr\/index.php?rest_route=\/wp\/v2\/posts"}],"about":[{"href":"https:\/\/www.lpdordogne.fr\/index.php?rest_route=\/wp\/v2\/types\/post"}],"author":[{"embeddable":true,"href":"https:\/\/www.lpdordogne.fr\/index.php?rest_route=\/wp\/v2\/users\/2"}],"replies":[{"embeddable":true,"href":"https:\/\/www.lpdordogne.fr\/index.php?rest_route=%2Fwp%2Fv2%2Fcomments&post=1077"}],"version-history":[{"count":0,"href":"https:\/\/www.lpdordogne.fr\/index.php?rest_route=\/wp\/v2\/posts\/1077\/revisions"}],"wp:attachment":[{"href":"https:\/\/www.lpdordogne.fr\/index.php?rest_route=%2Fwp%2Fv2%2Fmedia&parent=1077"}],"wp:term":[{"taxonomy":"category","embeddable":true,"href":"https:\/\/www.lpdordogne.fr\/index.php?rest_route=%2Fwp%2Fv2%2Fcategories&post=1077"},{"taxonomy":"post_tag","embeddable":true,"href":"https:\/\/www.lpdordogne.fr\/index.php?rest_route=%2Fwp%2Fv2%2Ftags&post=1077"}],"curies":[{"name":"wp","href":"https:\/\/api.w.org\/{rel}","templated":true}]}}