{"id":1041,"date":"2015-12-14T22:21:43","date_gmt":"2015-12-14T21:21:43","guid":{"rendered":"https:\/\/lpdordogne.wordpress.com\/?p=1041"},"modified":"2015-12-14T22:21:43","modified_gmt":"2015-12-14T21:21:43","slug":"liberte-de-pensee-et-de-recherche-en-europe-actes-du-colloque-de-lille","status":"publish","type":"post","link":"https:\/\/www.lpdordogne.fr\/?p=1041","title":{"rendered":"Libert\u00e9 de pens\u00e9e et de recherche en Europe -Actes du colloque de Lille"},"content":{"rendered":"<p style=\"text-align:justify;\"><strong>\u00a0 \u00a0 \u00a0 \u00a0 \u00a0 \u00a0 \u00a0\u00a0<a href=\"https:\/\/www.lpdordogne.fr\/wp-content\/uploads\/2015\/10\/couverture-hommes-du-vatican-2.jpg\" target=\"_blank\" rel=\"noopener\"><img loading=\"lazy\" decoding=\"async\" class=\"aligncenter wp-image-1042 size-full\" src=\"https:\/\/www.lpdordogne.fr\/wp-content\/uploads\/2015\/12\/libertepourlacience.jpg\" alt=\"\" width=\"256\" height=\"363\" srcset=\"https:\/\/www.lpdordogne.fr\/wp-content\/uploads\/2015\/12\/libertepourlacience.jpg 256w, https:\/\/www.lpdordogne.fr\/wp-content\/uploads\/2015\/12\/libertepourlacience-212x300.jpg 212w\" sizes=\"auto, (max-width: 256px) 85vw, 256px\" \/><\/a><\/strong><\/p>\n<p style=\"text-align:justify;\"><strong>Libert\u00e9 de pens\u00e9e et de recherche en Europe -Actes du colloque de Lille<\/strong><\/p>\n<p style=\"text-align:justify;\"><strong><a href=\"https:\/\/www.lpdordogne.fr\/wp-content\/uploads\/2015\/10\/couverture-hommes-du-vatican-2.jpg\" target=\"_blank\" rel=\"noopener\"><img loading=\"lazy\" decoding=\"async\" class=\"alignleft wp-image-1042\" src=\"https:\/\/www.lpdordogne.fr\/wp-content\/uploads\/2015\/12\/libertepourlacience.jpg\" alt=\"\" width=\"175\" height=\"248\" srcset=\"https:\/\/www.lpdordogne.fr\/wp-content\/uploads\/2015\/12\/libertepourlacience.jpg 256w, https:\/\/www.lpdordogne.fr\/wp-content\/uploads\/2015\/12\/libertepourlacience-212x300.jpg 212w\" sizes=\"auto, (max-width: 175px) 85vw, 175px\" \/><\/a><\/strong><\/p>\n<p><strong><span class=\"titre_produit\">Libert\u00e9 de pens\u00e9e et de recherche en Europe -Actes du colloque de Lille<\/span><\/strong><br \/>\n<strong><span class=\"normal\"><br \/>\nAuteur : Coll.<\/span><\/strong><br \/>\n<strong><span class=\"normal\">Ann\u00e9e : 2015<\/span><\/strong><br \/>\n<strong><span class=\"normal\">ISBN 13 : 978-2-916801-<\/span><\/strong><br \/>\n<strong><span class=\"normal\">Nb. de pages : 246<\/span><\/strong><\/p>\n<p><strong><span class=\"normal\"> Prix : 10 \u20ac + frais de port \u00e9ventuels<br \/>\n(paiement par ch\u00e8que \u00e0 l&rsquo;ordre de :<br \/>\ngroupe Fred Zeller)<a href=\"https:\/\/lpdordogne.wordpress.com\/contacter-le-groupe-fred-zeller\/\"> ==&gt;infos<\/a><\/span><\/strong><\/p>\n<p>&nbsp;<\/p>\n<p><!--more--><\/p>\n<p style=\"text-align:justify;\">\n","protected":false},"excerpt":{"rendered":"<p>\u00a0 \u00a0 \u00a0 \u00a0 \u00a0 \u00a0 \u00a0\u00a0 Libert\u00e9 de pens\u00e9e et de recherche en Europe -Actes du colloque de Lille Libert\u00e9 de pens\u00e9e et de recherche en Europe -Actes du colloque de Lille Auteur : Coll. Ann\u00e9e : 2015 ISBN 13 : 978-2-916801- Nb. de pages : 246 Prix : 10 \u20ac + frais de &hellip; <a href=\"https:\/\/www.lpdordogne.fr\/?p=1041\" class=\"more-link\">Continuer la lecture<span class=\"screen-reader-text\"> de &laquo;&nbsp;Libert\u00e9 de pens\u00e9e et de recherche en Europe -Actes du colloque de Lille&nbsp;&raquo;<\/span><\/a><\/p>\n","protected":false},"author":2,"featured_media":0,"comment_status":"closed","ping_status":"open","sticky":false,"template":"","format":"standard","meta":{"footnotes":""},"categories":[10],"tags":[],"class_list":["post-1041","post","type-post","status-publish","format-standard","hentry","category-librairie"],"_links":{"self":[{"href":"https:\/\/www.lpdordogne.fr\/index.php?rest_route=\/wp\/v2\/posts\/1041","targetHints":{"allow":["GET"]}}],"collection":[{"href":"https:\/\/www.lpdordogne.fr\/index.php?rest_route=\/wp\/v2\/posts"}],"about":[{"href":"https:\/\/www.lpdordogne.fr\/index.php?rest_route=\/wp\/v2\/types\/post"}],"author":[{"embeddable":true,"href":"https:\/\/www.lpdordogne.fr\/index.php?rest_route=\/wp\/v2\/users\/2"}],"replies":[{"embeddable":true,"href":"https:\/\/www.lpdordogne.fr\/index.php?rest_route=%2Fwp%2Fv2%2Fcomments&post=1041"}],"version-history":[{"count":0,"href":"https:\/\/www.lpdordogne.fr\/index.php?rest_route=\/wp\/v2\/posts\/1041\/revisions"}],"wp:attachment":[{"href":"https:\/\/www.lpdordogne.fr\/index.php?rest_route=%2Fwp%2Fv2%2Fmedia&parent=1041"}],"wp:term":[{"taxonomy":"category","embeddable":true,"href":"https:\/\/www.lpdordogne.fr\/index.php?rest_route=%2Fwp%2Fv2%2Fcategories&post=1041"},{"taxonomy":"post_tag","embeddable":true,"href":"https:\/\/www.lpdordogne.fr\/index.php?rest_route=%2Fwp%2Fv2%2Ftags&post=1041"}],"curies":[{"name":"wp","href":"https:\/\/api.w.org\/{rel}","templated":true}]}}