{"id":1036,"date":"2015-12-14T22:12:06","date_gmt":"2015-12-14T21:12:06","guid":{"rendered":"https:\/\/lpdordogne.wordpress.com\/?p=1036"},"modified":"2015-12-14T22:12:06","modified_gmt":"2015-12-14T21:12:06","slug":"1905-la-loi-de-separation-des-eglises-et-de-letat","status":"publish","type":"post","link":"https:\/\/www.lpdordogne.fr\/?p=1036","title":{"rendered":"1905! La loi de s\u00e9paration des Eglises et de l&rsquo;Etat"},"content":{"rendered":"<p style=\"text-align:justify;\"><strong>\u00a0 \u00a0 \u00a0 \u00a0 \u00a0 \u00a0 \u00a0\u00a0<a href=\"https:\/\/www.lpdordogne.fr\/wp-content\/uploads\/2015\/10\/couverture-hommes-du-vatican-2.jpg\" target=\"_blank\" rel=\"noopener\"><img loading=\"lazy\" decoding=\"async\" class=\"aligncenter wp-image-1037 size-full\" src=\"https:\/\/www.lpdordogne.fr\/wp-content\/uploads\/2015\/12\/1905.jpg\" alt=\"\" width=\"240\" height=\"240\" srcset=\"https:\/\/www.lpdordogne.fr\/wp-content\/uploads\/2015\/12\/1905.jpg 240w, https:\/\/www.lpdordogne.fr\/wp-content\/uploads\/2015\/12\/1905-150x150.jpg 150w\" sizes=\"auto, (max-width: 240px) 85vw, 240px\" \/><\/a><\/strong><\/p>\n<p style=\"text-align:justify;\"><strong>Pr\u00e9sentation de l&rsquo;\u00e9diteur<\/strong><br \/>\n<strong>Le 9 d\u00e9cembre 1905, la loi de s\u00e9paration des Eglises et de l&rsquo;Etat est vot\u00e9e, mettant fin \u00e0 cent ans de Concordat et d&rsquo;Eglise catholique promue au rang d&rsquo;Eglise officielle, mettant fin \u00e0 des si\u00e8cles d&rsquo;intol\u00e9rance religieuse en France. Par cette loi, l&rsquo;Etat garantit la libert\u00e9 de conscience, ce qui implique la libert\u00e9 de croire et, aussi, la libert\u00e9 de ne pas croire. \u00a0\u00bb La R\u00e9publique ne reconna\u00eet, ne salarie ni ne subventionne aucun culte. \u00a0\u00bb Voici donc sur ce sujet un ouvrage collectif de pr\u00e8s de 140 contributions. Ouvrage collectif parce que nous avons choisi qu&rsquo;il soit tel. Ouvrage collectif parce la loi de s\u00e9paration fut elle-m\u00eame \u009cuvre collective, brassant les diverses tendances du mouvement ouvrier sans exception, et aussi les d\u00e9mocrates radicaux ou des r\u00e9publicains mod\u00e9r\u00e9s. Ouvrage collectif parce qu&rsquo;issu du combat historique contre le cl\u00e9ricalisme, \u00e0 commencer par la R\u00e9volution et la Commune de Paris, en passant par Victor Hugo. Ouvrage collectif parce que s&rsquo;int\u00e9ressant \u00e0 d&rsquo;autres pays et \u00e0 d&rsquo;autres noms (Zapata, L\u00e9nine, etc.). Ouvrage collectif parce que la loi de s\u00e9paration fut l&rsquo;\u009cuvre de personnalit\u00e9s telles Briand et Jaur\u00e8s et aussi (peut-\u00eatre m\u00eame parce que aussi) l&rsquo;\u009cuvre d&rsquo;un peuple en mouvement pour ses revendications, avec ses organisations, la Libre Pens\u00e9e avec et dans ce peuple, non pas isol\u00e9e mais au c\u009cur du combat pour la s\u00e9paration. Un tel ouvrage pourrait ressembler \u00e0 un habit d&rsquo;Arlequin compos\u00e9 de pi\u00e8ces disparates mal cousues les unes aux autres. Nous n&rsquo;excluons pas qu&rsquo;il puisse y avoir ici des redites, l\u00e0 des contradictions, ici et l\u00e0 des contradictions et des redites. Le lecteur, seul, jugera et tranchera. Mais, apr\u00e8s tout, c&rsquo;est la vie elle-m\u00eame qui est faite, aussi, de contradictions et de redites. Comme l&rsquo;\u00e9crivait l&rsquo;historien Marc Bloch : \u00a0\u00bb C&rsquo;est le tout-fait qui r\u00e9pand la glace et l&rsquo;ennui. \u00a0\u00bb Dans cette vie de d\u00e9bats et de combats, pour notre part, en 2005, nous avons choisi et ce choix tient en un mot: 1905! <\/strong><\/p>\n<p style=\"text-align:justify;\"><strong><a href=\"https:\/\/www.lpdordogne.fr\/wp-content\/uploads\/2015\/10\/couverture-hommes-du-vatican-2.jpg\" target=\"_blank\" rel=\"noopener\"><img loading=\"lazy\" decoding=\"async\" class=\"alignleft wp-image-1037\" src=\"https:\/\/www.lpdordogne.fr\/wp-content\/uploads\/2015\/12\/1905.jpg\" alt=\"\" width=\"175\" height=\"175\" srcset=\"https:\/\/www.lpdordogne.fr\/wp-content\/uploads\/2015\/12\/1905.jpg 240w, https:\/\/www.lpdordogne.fr\/wp-content\/uploads\/2015\/12\/1905-150x150.jpg 150w\" sizes=\"auto, (max-width: 175px) 85vw, 175px\" \/><\/a><\/strong><\/p>\n<p><strong><span class=\"titre_produit\">1905! La loi de s\u00e9paration des Eglises et de l&rsquo;Etat<br \/>\n<\/span><\/strong><br \/>\n<strong><span class=\"normal\">Auteur : Jean-Marc Schiappa (coord.)<\/span><\/strong><br \/>\n<strong><span class=\"normal\">Editeur : Editions Syllepse<\/span><\/strong><br \/>\n<strong><span class=\"normal\">Ann\u00e9e : 2005<\/span><\/strong><br \/>\n<strong><span class=\"normal\">ISBN 10 : 2-84950-01<\/span><\/strong><br \/>\n<strong><span class=\"normal\">Nb. de pages : 642<\/span><\/strong><\/p>\n<p><strong><span class=\"normal\"> Prix : 27 \u20ac + frais de port \u00e9ventuels<br \/>\n(paiement par ch\u00e8que \u00e0 l&rsquo;ordre de :<br \/>\ngroupe Fred Zeller)<a href=\"https:\/\/lpdordogne.wordpress.com\/contacter-le-groupe-fred-zeller\/\"> ==&gt;infos<\/a><\/span><\/strong><\/p>\n<p>&nbsp;<\/p>\n<p>&nbsp;<\/p>\n<p style=\"text-align:justify;\">\n","protected":false},"excerpt":{"rendered":"<p>\u00a0 \u00a0 \u00a0 \u00a0 \u00a0 \u00a0 \u00a0\u00a0 Pr\u00e9sentation de l&rsquo;\u00e9diteur Le 9 d\u00e9cembre 1905, la loi de s\u00e9paration des Eglises et de l&rsquo;Etat est vot\u00e9e, mettant fin \u00e0 cent ans de Concordat et d&rsquo;Eglise catholique promue au rang d&rsquo;Eglise officielle, mettant fin \u00e0 des si\u00e8cles d&rsquo;intol\u00e9rance religieuse en France. Par cette loi, l&rsquo;Etat garantit la &hellip; <a href=\"https:\/\/www.lpdordogne.fr\/?p=1036\" class=\"more-link\">Continuer la lecture<span class=\"screen-reader-text\"> de &laquo;&nbsp;1905! La loi de s\u00e9paration des Eglises et de l&rsquo;Etat&nbsp;&raquo;<\/span><\/a><\/p>\n","protected":false},"author":2,"featured_media":0,"comment_status":"closed","ping_status":"open","sticky":false,"template":"","format":"standard","meta":{"footnotes":""},"categories":[10],"tags":[],"class_list":["post-1036","post","type-post","status-publish","format-standard","hentry","category-librairie"],"_links":{"self":[{"href":"https:\/\/www.lpdordogne.fr\/index.php?rest_route=\/wp\/v2\/posts\/1036","targetHints":{"allow":["GET"]}}],"collection":[{"href":"https:\/\/www.lpdordogne.fr\/index.php?rest_route=\/wp\/v2\/posts"}],"about":[{"href":"https:\/\/www.lpdordogne.fr\/index.php?rest_route=\/wp\/v2\/types\/post"}],"author":[{"embeddable":true,"href":"https:\/\/www.lpdordogne.fr\/index.php?rest_route=\/wp\/v2\/users\/2"}],"replies":[{"embeddable":true,"href":"https:\/\/www.lpdordogne.fr\/index.php?rest_route=%2Fwp%2Fv2%2Fcomments&post=1036"}],"version-history":[{"count":0,"href":"https:\/\/www.lpdordogne.fr\/index.php?rest_route=\/wp\/v2\/posts\/1036\/revisions"}],"wp:attachment":[{"href":"https:\/\/www.lpdordogne.fr\/index.php?rest_route=%2Fwp%2Fv2%2Fmedia&parent=1036"}],"wp:term":[{"taxonomy":"category","embeddable":true,"href":"https:\/\/www.lpdordogne.fr\/index.php?rest_route=%2Fwp%2Fv2%2Fcategories&post=1036"},{"taxonomy":"post_tag","embeddable":true,"href":"https:\/\/www.lpdordogne.fr\/index.php?rest_route=%2Fwp%2Fv2%2Ftags&post=1036"}],"curies":[{"name":"wp","href":"https:\/\/api.w.org\/{rel}","templated":true}]}}