{"id":1032,"date":"2015-12-14T22:04:39","date_gmt":"2015-12-14T21:04:39","guid":{"rendered":"https:\/\/lpdordogne.wordpress.com\/?p=1032"},"modified":"2015-12-14T22:04:39","modified_gmt":"2015-12-14T21:04:39","slug":"la-libre-pensee-et-les-femmes-les-femmes-et-la-libre-pensee","status":"publish","type":"post","link":"https:\/\/www.lpdordogne.fr\/?p=1032","title":{"rendered":"La Libre Pens\u00e9e et les Femmes, Les Femmes et la Libre Pens\u00e9e"},"content":{"rendered":"<p style=\"text-align:justify;\"><strong>\u00a0 \u00a0 \u00a0 \u00a0 \u00a0 \u00a0 \u00a0\u00a0<a href=\"https:\/\/www.lpdordogne.fr\/wp-content\/uploads\/2015\/10\/couverture-hommes-du-vatican-2.jpg\" target=\"_blank\" rel=\"noopener\"><img loading=\"lazy\" decoding=\"async\" class=\"aligncenter wp-image-1033 size-medium\" src=\"https:\/\/www.lpdordogne.fr\/wp-content\/uploads\/2015\/12\/couturier.jpg?w=209\" alt=\"\" width=\"209\" height=\"300\" srcset=\"https:\/\/www.lpdordogne.fr\/wp-content\/uploads\/2015\/12\/couturier.jpg 550w, https:\/\/www.lpdordogne.fr\/wp-content\/uploads\/2015\/12\/couturier-209x300.jpg 209w\" sizes=\"auto, (max-width: 209px) 85vw, 209px\" \/><\/a><\/strong><\/p>\n<p style=\"text-align:justify;\">\n<p style=\"text-align:justify;\"><strong><a href=\"https:\/\/www.lpdordogne.fr\/wp-content\/uploads\/2015\/10\/couverture-hommes-du-vatican-2.jpg\" target=\"_blank\" rel=\"noopener\"><img loading=\"lazy\" decoding=\"async\" class=\"wp-image-1033 alignleft\" src=\"https:\/\/www.lpdordogne.fr\/wp-content\/uploads\/2015\/12\/couturier.jpg?w=474\" alt=\"\" width=\"175\" height=\"251\" srcset=\"https:\/\/www.lpdordogne.fr\/wp-content\/uploads\/2015\/12\/couturier.jpg 550w, https:\/\/www.lpdordogne.fr\/wp-content\/uploads\/2015\/12\/couturier-209x300.jpg 209w\" sizes=\"auto, (max-width: 175px) 85vw, 175px\" \/><\/a><\/strong><\/p>\n<p><strong><span class=\"titre_produit\">La Libre Pens\u00e9e et les femmes,<br \/>\nles femmes et la Libre Pens\u00e9e<\/span><\/strong><\/p>\n<p><strong><span class=\"normal\">Auteur : Louis Couturier<\/span><\/strong><br \/>\n<strong><span class=\"normal\">Editeur : Editions Libre Pens\u00e9e<br \/>\n<\/span>Coll : La Sociale<\/strong><br \/>\n<strong><span class=\"normal\">Ann\u00e9e : 2014<\/span><\/strong><br \/>\n<strong><span class=\"normal\">ISBN 13 : 978-2-953784-33-6<\/span><\/strong><br \/>\n<strong><span class=\"normal\">Nb. de pages : 399<br \/>\nPrix : 15 \u20ac + frais de port \u00e9ventuels<br \/>\n(paiement par ch\u00e8que \u00e0 l&rsquo;ordre de :<br \/>\ngroupe Fred Zeller)<a href=\"https:\/\/lpdordogne.wordpress.com\/contacter-le-groupe-fred-zeller\/\"> ==&gt;infos<\/a><\/span><\/strong><\/p>\n<p>&nbsp;<\/p>\n<p><!--more--><\/p>\n<p style=\"text-align:justify;\">\n","protected":false},"excerpt":{"rendered":"<p>\u00a0 \u00a0 \u00a0 \u00a0 \u00a0 \u00a0 \u00a0\u00a0 La Libre Pens\u00e9e et les femmes, les femmes et la Libre Pens\u00e9e Auteur : Louis Couturier Editeur : Editions Libre Pens\u00e9e Coll : La Sociale Ann\u00e9e : 2014 ISBN 13 : 978-2-953784-33-6 Nb. de pages : 399 Prix : 15 \u20ac + frais de port \u00e9ventuels (paiement par &hellip; <a href=\"https:\/\/www.lpdordogne.fr\/?p=1032\" class=\"more-link\">Continuer la lecture<span class=\"screen-reader-text\"> de &laquo;&nbsp;La Libre Pens\u00e9e et les Femmes, Les Femmes et la Libre Pens\u00e9e&nbsp;&raquo;<\/span><\/a><\/p>\n","protected":false},"author":2,"featured_media":0,"comment_status":"closed","ping_status":"open","sticky":false,"template":"","format":"standard","meta":{"footnotes":""},"categories":[10],"tags":[],"class_list":["post-1032","post","type-post","status-publish","format-standard","hentry","category-librairie"],"_links":{"self":[{"href":"https:\/\/www.lpdordogne.fr\/index.php?rest_route=\/wp\/v2\/posts\/1032","targetHints":{"allow":["GET"]}}],"collection":[{"href":"https:\/\/www.lpdordogne.fr\/index.php?rest_route=\/wp\/v2\/posts"}],"about":[{"href":"https:\/\/www.lpdordogne.fr\/index.php?rest_route=\/wp\/v2\/types\/post"}],"author":[{"embeddable":true,"href":"https:\/\/www.lpdordogne.fr\/index.php?rest_route=\/wp\/v2\/users\/2"}],"replies":[{"embeddable":true,"href":"https:\/\/www.lpdordogne.fr\/index.php?rest_route=%2Fwp%2Fv2%2Fcomments&post=1032"}],"version-history":[{"count":0,"href":"https:\/\/www.lpdordogne.fr\/index.php?rest_route=\/wp\/v2\/posts\/1032\/revisions"}],"wp:attachment":[{"href":"https:\/\/www.lpdordogne.fr\/index.php?rest_route=%2Fwp%2Fv2%2Fmedia&parent=1032"}],"wp:term":[{"taxonomy":"category","embeddable":true,"href":"https:\/\/www.lpdordogne.fr\/index.php?rest_route=%2Fwp%2Fv2%2Fcategories&post=1032"},{"taxonomy":"post_tag","embeddable":true,"href":"https:\/\/www.lpdordogne.fr\/index.php?rest_route=%2Fwp%2Fv2%2Ftags&post=1032"}],"curies":[{"name":"wp","href":"https:\/\/api.w.org\/{rel}","templated":true}]}}