{"id":1028,"date":"2015-12-14T21:46:52","date_gmt":"2015-12-14T20:46:52","guid":{"rendered":"https:\/\/lpdordogne.wordpress.com\/?p=1028"},"modified":"2015-12-14T21:46:52","modified_gmt":"2015-12-14T20:46:52","slug":"actes-du-colloque-de-beyrouth-religion-laicite-et-etat-de-droit","status":"publish","type":"post","link":"https:\/\/www.lpdordogne.fr\/?p=1028","title":{"rendered":"Actes du Colloque de Beyrouth \u00ab\u00a0Religion, La\u00efcit\u00e9 et Etat de droit\u00a0\u00bb"},"content":{"rendered":"<p style=\"text-align:justify;\"><strong>\u00a0 \u00a0 \u00a0 \u00a0 \u00a0 \u00a0 \u00a0\u00a0<a href=\"https:\/\/www.lpdordogne.fr\/wp-content\/uploads\/2015\/10\/couverture-hommes-du-vatican-2.jpg\" target=\"_blank\" rel=\"noopener\"><img loading=\"lazy\" decoding=\"async\" class=\"aligncenter wp-image-1029 size-full\" src=\"https:\/\/www.lpdordogne.fr\/wp-content\/uploads\/2015\/12\/beyrouth.jpg\" alt=\"\" width=\"240\" height=\"338\" srcset=\"https:\/\/www.lpdordogne.fr\/wp-content\/uploads\/2015\/12\/beyrouth.jpg 240w, https:\/\/www.lpdordogne.fr\/wp-content\/uploads\/2015\/12\/beyrouth-213x300.jpg 213w\" sizes=\"auto, (max-width: 240px) 85vw, 240px\" \/><\/a><\/strong><\/p>\n<p style=\"text-align:justify;\">Les 13 et 14 avril 2012, \u00e0 l&rsquo;initiative de l&rsquo;Association libanaise de philosophie du droit et de l&rsquo;Association internationale de la Libre Pens\u00e9e, s&rsquo;est tenu \u00e0 Beyrouth (Liban) un colloque sur la la\u00efcit\u00e9.<\/p>\n<p>Cette brochure regroupe les diff\u00e9rentes interventions et les conclusions adopt\u00e9es \u00e0 l&rsquo;issue du Colloque.<\/p>\n<p style=\"text-align:justify;\"><strong><a href=\"https:\/\/www.lpdordogne.fr\/wp-content\/uploads\/2015\/10\/couverture-hommes-du-vatican-2.jpg\" target=\"_blank\" rel=\"noopener\"><img loading=\"lazy\" decoding=\"async\" class=\"wp-image-1029 size-full alignleft\" src=\"https:\/\/www.lpdordogne.fr\/wp-content\/uploads\/2015\/12\/beyrouth.jpg\" alt=\"\" width=\"240\" height=\"338\" srcset=\"https:\/\/www.lpdordogne.fr\/wp-content\/uploads\/2015\/12\/beyrouth.jpg 240w, https:\/\/www.lpdordogne.fr\/wp-content\/uploads\/2015\/12\/beyrouth-213x300.jpg 213w\" sizes=\"auto, (max-width: 240px) 85vw, 240px\" \/><\/a><\/strong><\/p>\n<p><strong><span class=\"titre_produit\">Actes du Colloque de Beyrouth \u00ab\u00a0Religion, La\u00efcit\u00e9 et Etat de droit\u00a0\u00bb<\/span><\/strong><br \/>\n<strong><span class=\"normal\"><br \/>\nAuteur : Coll.<\/span><\/strong><br \/>\n<strong><span class=\"normal\">Editeur : Federation Nationale de la Libre Pens\u00e9e<\/span><\/strong><br \/>\n<strong><span class=\"normal\">Ann\u00e9e : 2013<\/span><\/strong><br \/>\n<strong><span class=\"normal\">ISBN 13 : 9782916801063<\/span><\/strong><br \/>\n<strong><span class=\"normal\">Nb. de pages : 115<\/span><\/strong><\/p>\n<p><strong><span class=\"normal\"> Prix : 8 \u20ac + frais de port \u00e9ventuels<br \/>\n(paiement par ch\u00e8que \u00e0 l&rsquo;ordre de :<br \/>\ngroupe Fred Zeller)<a href=\"https:\/\/lpdordogne.wordpress.com\/contacter-le-groupe-fred-zeller\/\"> ==&gt;infos<\/a><\/span><\/strong><\/p>\n<p>&nbsp;<\/p>\n<p><!--more--><\/p>\n<p style=\"text-align:justify;\">\n","protected":false},"excerpt":{"rendered":"<p>\u00a0 \u00a0 \u00a0 \u00a0 \u00a0 \u00a0 \u00a0\u00a0 Les 13 et 14 avril 2012, \u00e0 l&rsquo;initiative de l&rsquo;Association libanaise de philosophie du droit et de l&rsquo;Association internationale de la Libre Pens\u00e9e, s&rsquo;est tenu \u00e0 Beyrouth (Liban) un colloque sur la la\u00efcit\u00e9. Cette brochure regroupe les diff\u00e9rentes interventions et les conclusions adopt\u00e9es \u00e0 l&rsquo;issue du Colloque. Actes &hellip; <a href=\"https:\/\/www.lpdordogne.fr\/?p=1028\" class=\"more-link\">Continuer la lecture<span class=\"screen-reader-text\"> de &laquo;&nbsp;Actes du Colloque de Beyrouth \u00ab\u00a0Religion, La\u00efcit\u00e9 et Etat de droit\u00a0\u00bb&nbsp;&raquo;<\/span><\/a><\/p>\n","protected":false},"author":2,"featured_media":0,"comment_status":"closed","ping_status":"open","sticky":false,"template":"","format":"standard","meta":{"footnotes":""},"categories":[10],"tags":[],"class_list":["post-1028","post","type-post","status-publish","format-standard","hentry","category-librairie"],"_links":{"self":[{"href":"https:\/\/www.lpdordogne.fr\/index.php?rest_route=\/wp\/v2\/posts\/1028","targetHints":{"allow":["GET"]}}],"collection":[{"href":"https:\/\/www.lpdordogne.fr\/index.php?rest_route=\/wp\/v2\/posts"}],"about":[{"href":"https:\/\/www.lpdordogne.fr\/index.php?rest_route=\/wp\/v2\/types\/post"}],"author":[{"embeddable":true,"href":"https:\/\/www.lpdordogne.fr\/index.php?rest_route=\/wp\/v2\/users\/2"}],"replies":[{"embeddable":true,"href":"https:\/\/www.lpdordogne.fr\/index.php?rest_route=%2Fwp%2Fv2%2Fcomments&post=1028"}],"version-history":[{"count":0,"href":"https:\/\/www.lpdordogne.fr\/index.php?rest_route=\/wp\/v2\/posts\/1028\/revisions"}],"wp:attachment":[{"href":"https:\/\/www.lpdordogne.fr\/index.php?rest_route=%2Fwp%2Fv2%2Fmedia&parent=1028"}],"wp:term":[{"taxonomy":"category","embeddable":true,"href":"https:\/\/www.lpdordogne.fr\/index.php?rest_route=%2Fwp%2Fv2%2Fcategories&post=1028"},{"taxonomy":"post_tag","embeddable":true,"href":"https:\/\/www.lpdordogne.fr\/index.php?rest_route=%2Fwp%2Fv2%2Ftags&post=1028"}],"curies":[{"name":"wp","href":"https:\/\/api.w.org\/{rel}","templated":true}]}}