{"id":1024,"date":"2015-12-14T21:37:14","date_gmt":"2015-12-14T20:37:14","guid":{"rendered":"https:\/\/lpdordogne.wordpress.com\/?p=1024"},"modified":"2015-12-14T21:37:14","modified_gmt":"2015-12-14T20:37:14","slug":"recherche-sur-lembryon-humain-quel-avenir-colloque-de-nancy","status":"publish","type":"post","link":"https:\/\/www.lpdordogne.fr\/?p=1024","title":{"rendered":"Recherche sur l&#8217;embryon humain : quel avenir ? Colloque de Nancy"},"content":{"rendered":"<p style=\"text-align:justify;\"><strong>\u00a0 \u00a0 \u00a0 \u00a0 \u00a0 \u00a0 \u00a0\u00a0<a href=\"https:\/\/www.lpdordogne.fr\/wp-content\/uploads\/2015\/10\/couverture-hommes-du-vatican-2.jpg\" target=\"_blank\" rel=\"noopener\"><img loading=\"lazy\" decoding=\"async\" class=\"aligncenter wp-image-1025 size-full\" src=\"https:\/\/www.lpdordogne.fr\/wp-content\/uploads\/2015\/12\/embryon.jpg\" alt=\"\" width=\"184\" height=\"256\" \/><\/a><\/strong><\/p>\n<p>Bien que la R\u00e9publique fran\u00e7aise soit constitutionnellement la\u00efque, et que sa devise soit: \u00ab Libert\u00e9, Egalit\u00e9, Fraternit\u00e9 \u00bb, les lois de bio\u00e9thique (loi du 29 juillet 1994, loi du 6 ao\u00fbt 2004, loi du 7 juillet 2011) n&rsquo;ont pas r\u00e9ussi \u00e0 se lib\u00e9rer des contraintes d\u0092interdiction impos\u00e9es par certaines religions.<\/p>\n<hr \/>\n<p>&nbsp;<\/p>\n<p>La Commission Science de la F\u00e9d\u00e9ration Nationale de la Libre Pens\u00e9e a comme pr\u00e9occupation essentielle de d\u00e9fendre la libert\u00e9 de la recherche. Elle a enregistr\u00e9 avec satisfaction le vote de la loi du 6 ao\u00fbt 2013 \u00e0 propos de la recherche sur l\u0092embryon humain. En effet, cette loi substitue un r\u00e9gime d\u0092autorisation des projets de recherche sur l\u0092embryon au r\u00e9gime ant\u00e9rieur d\u0092interdiction assorti de d\u00e9rogations.<\/p>\n<p>Comment g\u00e9rer les cons\u00e9quences scientifiques et m\u00e9dicales de ces ann\u00e9es d\u0092interdiction? Y a-t-il des alternatives \u00e0 l\u0092utilisation des cellules-souches embryonnaires humaines? Quels sont les acquis et quelles sont les recherches \u00e0 mener tant sur les techniques de procr\u00e9ation assist\u00e9es que sur les th\u00e9rapies cellulaires?<\/p>\n<p>La nouvelle loi fran\u00e7aise l\u00e8ve-t-elle toute entrave \u00e0 la libert\u00e9 de la recherche? Est-elle comparable aux l\u00e9gislations des nations les plus avanc\u00e9es dans ce domaine? Toutes ces interrogations et les r\u00e9flexions qui subsistent sont \u00e9voqu\u00e9es par des experts et des chercheurs connus pour \u009cuvrer dans ces domaines.<\/p>\n<p>La r\u00e9alisation de cet ouvrage a \u00e9t\u00e9 coordonn\u00e9e par: Martine Boussel, journaliste scientifique; Arlette Burlet, chercheur scientifique en Biologie cellulaire; David Gozlan, secr\u00e9taire g\u00e9n\u00e9ral de la Libre Pens\u00e9e; Claude Burlet, Professeur \u00e9m\u00e9rite, Praticien hospitalier de CHU. Toutes et tous sont membres de la Commission Sciences de la F\u00e9d\u00e9ration Nationale de la Libre Pens\u00e9e.<\/p>\n<p style=\"text-align:justify;\"><strong><a href=\"https:\/\/www.lpdordogne.fr\/wp-content\/uploads\/2015\/10\/couverture-hommes-du-vatican-2.jpg\" target=\"_blank\" rel=\"noopener\"><img loading=\"lazy\" decoding=\"async\" class=\"wp-image-1025 size-full alignleft\" src=\"https:\/\/www.lpdordogne.fr\/wp-content\/uploads\/2015\/12\/embryon.jpg\" alt=\"\" width=\"184\" height=\"256\" \/><\/a><\/strong><\/p>\n<p><strong><span class=\"titre_produit\">Recherche sur l&#8217;embryon humain : quel avenir ? Colloque de Nancy<\/span><\/strong><br \/>\n<strong><span class=\"normal\"><br \/>\nAuteur : Coll.<\/span><\/strong><br \/>\n<strong><span class=\"normal\">Editeur : PUN &#8211; Editions Universitaires de lorraine<\/span><\/strong><br \/>\n<strong><span class=\"normal\">Collection : \u00ab\u00a0Pour ainsi dire\u00a0\u00bb<\/span><\/strong><br \/>\n<strong><span class=\"normal\">Ann\u00e9e : 2015<\/span><\/strong><br \/>\n<strong><span class=\"normal\">ISBN 13 : 978-2-8143-02<\/span><\/strong><br \/>\n<strong><span class=\"normal\">Nb. de pages : 150<\/span><\/strong><\/p>\n<p><strong><span class=\"normal\"> Prix : 12 \u20ac + frais de port \u00e9ventuels<br \/>\n(paiement par ch\u00e8que \u00e0 l&rsquo;ordre de :<br \/>\ngroupe Fred Zeller)<a href=\"https:\/\/lpdordogne.wordpress.com\/contacter-le-groupe-fred-zeller\/\"> ==&gt;infos<\/a><\/span><\/strong><\/p>\n<p>&nbsp;<\/p>\n<p>&nbsp;<\/p>\n","protected":false},"excerpt":{"rendered":"<p>\u00a0 \u00a0 \u00a0 \u00a0 \u00a0 \u00a0 \u00a0\u00a0 Bien que la R\u00e9publique fran\u00e7aise soit constitutionnellement la\u00efque, et que sa devise soit: \u00ab Libert\u00e9, Egalit\u00e9, Fraternit\u00e9 \u00bb, les lois de bio\u00e9thique (loi du 29 juillet 1994, loi du 6 ao\u00fbt 2004, loi du 7 juillet 2011) n&rsquo;ont pas r\u00e9ussi \u00e0 se lib\u00e9rer des contraintes d\u0092interdiction impos\u00e9es par &hellip; <a href=\"https:\/\/www.lpdordogne.fr\/?p=1024\" class=\"more-link\">Continuer la lecture<span class=\"screen-reader-text\"> de &laquo;&nbsp;Recherche sur l&#8217;embryon humain : quel avenir ? Colloque de Nancy&nbsp;&raquo;<\/span><\/a><\/p>\n","protected":false},"author":2,"featured_media":0,"comment_status":"closed","ping_status":"open","sticky":false,"template":"","format":"standard","meta":{"footnotes":""},"categories":[10],"tags":[],"class_list":["post-1024","post","type-post","status-publish","format-standard","hentry","category-librairie"],"_links":{"self":[{"href":"https:\/\/www.lpdordogne.fr\/index.php?rest_route=\/wp\/v2\/posts\/1024","targetHints":{"allow":["GET"]}}],"collection":[{"href":"https:\/\/www.lpdordogne.fr\/index.php?rest_route=\/wp\/v2\/posts"}],"about":[{"href":"https:\/\/www.lpdordogne.fr\/index.php?rest_route=\/wp\/v2\/types\/post"}],"author":[{"embeddable":true,"href":"https:\/\/www.lpdordogne.fr\/index.php?rest_route=\/wp\/v2\/users\/2"}],"replies":[{"embeddable":true,"href":"https:\/\/www.lpdordogne.fr\/index.php?rest_route=%2Fwp%2Fv2%2Fcomments&post=1024"}],"version-history":[{"count":0,"href":"https:\/\/www.lpdordogne.fr\/index.php?rest_route=\/wp\/v2\/posts\/1024\/revisions"}],"wp:attachment":[{"href":"https:\/\/www.lpdordogne.fr\/index.php?rest_route=%2Fwp%2Fv2%2Fmedia&parent=1024"}],"wp:term":[{"taxonomy":"category","embeddable":true,"href":"https:\/\/www.lpdordogne.fr\/index.php?rest_route=%2Fwp%2Fv2%2Fcategories&post=1024"},{"taxonomy":"post_tag","embeddable":true,"href":"https:\/\/www.lpdordogne.fr\/index.php?rest_route=%2Fwp%2Fv2%2Ftags&post=1024"}],"curies":[{"name":"wp","href":"https:\/\/api.w.org\/{rel}","templated":true}]}}