{"id":1017,"date":"2015-12-14T21:25:59","date_gmt":"2015-12-14T20:25:59","guid":{"rendered":"https:\/\/lpdordogne.wordpress.com\/?p=1017"},"modified":"2015-12-14T21:25:59","modified_gmt":"2015-12-14T20:25:59","slug":"rebelle-itineraire-dun-militant-marc-blondel","status":"publish","type":"post","link":"https:\/\/www.lpdordogne.fr\/?p=1017","title":{"rendered":"REBELLE, Itin\u00e9raire d&rsquo;un militant &#8211; Marc Blondel"},"content":{"rendered":"<p style=\"text-align:justify;\"><strong>\u00a0 \u00a0 \u00a0 \u00a0 \u00a0 \u00a0 \u00a0\u00a0<a href=\"https:\/\/www.lpdordogne.fr\/wp-content\/uploads\/2015\/10\/couverture-hommes-du-vatican-2.jpg\" target=\"_blank\" rel=\"noopener\"><br \/>\n<\/a><a href=\"https:\/\/www.lpdordogne.fr\/wp-content\/uploads\/2015\/10\/couverture-hommes-du-vatican-2.jpg\" target=\"_blank\" rel=\"noopener\"><img loading=\"lazy\" decoding=\"async\" class=\"aligncenter wp-image-1018 size-full\" src=\"https:\/\/www.lpdordogne.fr\/wp-content\/uploads\/2015\/12\/blondel.jpg\" alt=\"\" width=\"172\" height=\"256\" \/><\/a><\/strong><\/p>\n<p style=\"text-align:justify;\">Marc Blondel, engag\u00e9 dans le militantisme syndical d\u00e8s 1958, a \u00e9t\u00e9 l&rsquo;un des protagonistes principaux de l&rsquo;histoire sociale fran\u00e7aise. De Georges Pompidou \u00e0 Nicolas Sarkozy en passant par Val\u00e9ry Giscard d&rsquo;Estaing, Fran\u00e7ois Mitterrand et Jacques Chirac, Marc Blondel a bien connu les arcanes du pouvoir politique, ferraill\u00e9 avec des dizaines de ministres et c\u00f4toy\u00e9 bon nombre de chefs de gouvernement diff\u00e9rents. \u00c9lu quatre fois secr\u00e9taire g\u00e9n\u00e9ral de son organisation syndicale, il a oeuvr\u00e9 durant quinze ans \u00e0 la t\u00eate de la CGT-Force ouvri\u00e8re.<br \/>\n<!--more--><br \/>\n\u00c0 travers ses souvenirs et une galerie de portraits aussi haute en couleur que contrast\u00e9e, Marc Blondel, \u00ab l&rsquo;homme aux bretelles, au cigare et \u00e0 l&rsquo;\u00e9charpe rouge \u00bb, grand t\u00e9moin de notre temps, protagoniste du refus face au capitalisme et au lib\u00e9ralisme mondialis\u00e9s, convaincu par la n\u00e9cessit\u00e9 de la lutte des classes, libertaire, franc-ma\u00e7on et libre-penseur, avait r\u00e9affirm\u00e9 sa foi dans l&rsquo;homme et, apr\u00e8s une longue p\u00e9riode de silence volontaire, d\u00e9cid\u00e9 de faire des r\u00e9v\u00e9lations sur les dessous de la vie politique et syndicale \u00e0 la fois fran\u00e7aise et internationale de ces derni\u00e8res d\u00e9cennies.<\/p>\n<p style=\"text-align:justify;\"><strong><a href=\"https:\/\/www.lpdordogne.fr\/wp-content\/uploads\/2015\/10\/couverture-hommes-du-vatican-2.jpg\" target=\"_blank\" rel=\"noopener\"><img loading=\"lazy\" decoding=\"async\" class=\"wp-image-1018 size-full alignleft\" src=\"https:\/\/www.lpdordogne.fr\/wp-content\/uploads\/2015\/12\/blondel.jpg\" alt=\"\" width=\"172\" height=\"256\" \/><\/a><\/strong><\/p>\n<p><strong><span class=\"normal\"><span class=\"titre_produit\">Rebelle. Itin\u00e9raire d&rsquo;un militant<\/span><br \/>\n<span class=\"normal\"><br \/>\nAuteur : Marc Blondel<\/span><br \/>\n<span class=\"normal\">Editeur : Cherche Midi<\/span><br \/>\n<span class=\"normal\">Ann\u00e9e : 2015<\/span><br \/>\n<span class=\"normal\">ISBN 13 : 978-2-7491-22<\/span><br \/>\n<span class=\"normal\">Nb. de pages : 217<\/span><\/p>\n<p>Prix : 16,50 \u20ac + frais de port \u00e9ventuels<br \/>\n(paiement par ch\u00e8que \u00e0 l&rsquo;ordre de :<br \/>\ngroupe Fred Zeller)<a href=\"https:\/\/lpdordogne.wordpress.com\/contacter-le-groupe-fred-zeller\/\"> ==&gt;infos<\/a><\/span><\/strong><\/p>\n<p>&nbsp;<\/p>\n","protected":false},"excerpt":{"rendered":"<p>\u00a0 \u00a0 \u00a0 \u00a0 \u00a0 \u00a0 \u00a0\u00a0 Marc Blondel, engag\u00e9 dans le militantisme syndical d\u00e8s 1958, a \u00e9t\u00e9 l&rsquo;un des protagonistes principaux de l&rsquo;histoire sociale fran\u00e7aise. De Georges Pompidou \u00e0 Nicolas Sarkozy en passant par Val\u00e9ry Giscard d&rsquo;Estaing, Fran\u00e7ois Mitterrand et Jacques Chirac, Marc Blondel a bien connu les arcanes du pouvoir politique, ferraill\u00e9 avec &hellip; <a href=\"https:\/\/www.lpdordogne.fr\/?p=1017\" class=\"more-link\">Continuer la lecture<span class=\"screen-reader-text\"> de &laquo;&nbsp;REBELLE, Itin\u00e9raire d&rsquo;un militant &#8211; Marc Blondel&nbsp;&raquo;<\/span><\/a><\/p>\n","protected":false},"author":2,"featured_media":0,"comment_status":"closed","ping_status":"open","sticky":false,"template":"","format":"standard","meta":{"footnotes":""},"categories":[10],"tags":[],"class_list":["post-1017","post","type-post","status-publish","format-standard","hentry","category-librairie"],"_links":{"self":[{"href":"https:\/\/www.lpdordogne.fr\/index.php?rest_route=\/wp\/v2\/posts\/1017","targetHints":{"allow":["GET"]}}],"collection":[{"href":"https:\/\/www.lpdordogne.fr\/index.php?rest_route=\/wp\/v2\/posts"}],"about":[{"href":"https:\/\/www.lpdordogne.fr\/index.php?rest_route=\/wp\/v2\/types\/post"}],"author":[{"embeddable":true,"href":"https:\/\/www.lpdordogne.fr\/index.php?rest_route=\/wp\/v2\/users\/2"}],"replies":[{"embeddable":true,"href":"https:\/\/www.lpdordogne.fr\/index.php?rest_route=%2Fwp%2Fv2%2Fcomments&post=1017"}],"version-history":[{"count":0,"href":"https:\/\/www.lpdordogne.fr\/index.php?rest_route=\/wp\/v2\/posts\/1017\/revisions"}],"wp:attachment":[{"href":"https:\/\/www.lpdordogne.fr\/index.php?rest_route=%2Fwp%2Fv2%2Fmedia&parent=1017"}],"wp:term":[{"taxonomy":"category","embeddable":true,"href":"https:\/\/www.lpdordogne.fr\/index.php?rest_route=%2Fwp%2Fv2%2Fcategories&post=1017"},{"taxonomy":"post_tag","embeddable":true,"href":"https:\/\/www.lpdordogne.fr\/index.php?rest_route=%2Fwp%2Fv2%2Ftags&post=1017"}],"curies":[{"name":"wp","href":"https:\/\/api.w.org\/{rel}","templated":true}]}}